{"id":216986,"date":"2020-08-30T23:50:58","date_gmt":"2020-08-30T20:50:58","guid":{"rendered":"http:\/\/www.sana.sy\/tr\/?p=216986"},"modified":"2020-08-31T13:50:35","modified_gmt":"2020-08-31T10:50:35","slug":"isgalci-turkiyenin-icme-suyunu-kesmesi-suctur-uluslararasi-kanunlara-ihlaldir","status":"publish","type":"post","link":"https:\/\/archive.sana.sy\/tr\/?p=216986","title":{"rendered":"\u0130\u015fgalci T\u00fcrkiye&#8217;nin \u0130\u00e7me Suyunu Kesmesi Su\u00e7tur, Uluslararas\u0131 Kanunlara \u0130hlaldir"},"content":{"rendered":"<p style=\"text-align: justify;\">MADR\u0130D &#8211; Madrid&#8217;deki \u0130spanyol Complutense Devlet \u00dcniversitesi&#8217;nde ara\u015ft\u0131rmac\u0131 ve profes\u00f6r olan Pablo Sabba\u011f, T\u00fcrk i\u015fgalinin Haseke&#8217;deki Suriye vatanda\u015flar\u0131ndan kas\u0131tl\u0131 ve s\u00fcrekli olarak i\u00e7me sular\u0131n\u0131 kesmesinin a\u00e7\u0131k bir su\u00e7 ve uluslararas\u0131 yasa ve normlar\u0131n ihlali oldu\u011funu belirtti.<\/p>\n<p style=\"text-align: justify;\">Madrid SANA muhabirine yapt\u0131\u011f\u0131 a\u00e7\u0131klamada Sabba\u011f, k\u0131nanan bu eylemin insanlar\u0131n temel insan haklar\u0131na, \u00f6zellikle ya\u015fam\u0131n temel bir unsuru olarak suya sahip olma haklar\u0131na kar\u015f\u0131 bir su\u00e7 te\u015fkil etti\u011fini belirterek, bu su\u00e7un, temizlik ve hijyen \u00f6nlemlerinin iki kat\u0131na \u00e7\u0131kar\u0131lmas\u0131n\u0131 gerektiren Corona salg\u0131n\u0131 \u0131\u015f\u0131\u011f\u0131nda giderek daha \u00e7irkin hale geldi\u011fini s\u00f6yledi.<\/p>\n<p style=\"text-align: justify;\">Sabba\u011f, uluslararas\u0131 toplumun T\u00fcrk rejiminin ve ona do\u011frudan ba\u011fl\u0131 kiral\u0131k silahl\u0131 gruplar\u0131n uygulamalar\u0131n\u0131 a\u00e7\u0131k\u00e7a k\u0131namas\u0131 gerekti\u011fine ve de Suriye halk\u0131na y\u00f6nelik cinayet ve ihlaller i\u015fleyen ABD liderli\u011findeki ter\u00f6r \u00f6rg\u00fctlerinin eylemlerini ve su\u00e7lar\u0131n\u0131 k\u0131namas\u0131 gerekti\u011fine i\u015faret etti.<\/p>\n<p style=\"text-align: justify;\">Amerikan ve T\u00fcrk i\u015fgallerinin Suriye&#8217;de yapt\u0131klar\u0131n\u0131n \u0130srail varl\u0131\u011f\u0131n\u0131n Suriye topraklar\u0131nda ba\u015flatt\u0131\u011f\u0131 sald\u0131r\u0131larla uyumlu oldu\u011funa dikkat \u00e7eken Sabba\u011f, bu varl\u0131\u011f\u0131n Suriyeli Golan&#8217;\u0131 illegal ve yasad\u0131\u015f\u0131 i\u015fgaline devam etti\u011fini, Suriye&#8217;ye y\u00f6nelik sald\u0131r\u0131lar d\u00fczenledi\u011fini, bunun da uluslararas\u0131 ve insani hukuka ayk\u0131r\u0131 oldu\u011funu ve Ortado\u011fu b\u00f6lgesindeki bar\u0131\u015f, g\u00fcvenlik ve istikrar\u0131 tehdit etti\u011fini a\u00e7\u0131klad\u0131.<\/p>\n","protected":false},"excerpt":{"rendered":"<p>MADR\u0130D &#8211; Madrid&#8217;deki \u0130spanyol Complutense Devlet \u00dcniversitesi&#8217;nde ara\u015ft\u0131rmac\u0131 ve profes\u00f6r olan Pablo Sabba\u011f, T\u00fcrk i\u015fgalinin Haseke&#8217;deki Suriye vatanda\u015flar\u0131ndan kas\u0131tl\u0131 ve s\u00fcrekli olarak i\u00e7me sular\u0131n\u0131 kesmesinin a\u00e7\u0131k bir su\u00e7 ve uluslararas\u0131 yasa ve normlar\u0131n ihlali oldu\u011funu belirtti. Madrid SANA muhabirine yapt\u0131\u011f\u0131 a\u00e7\u0131klamada Sabba\u011f, k\u0131nanan bu eylemin insanlar\u0131n temel insan haklar\u0131na, \u00f6zellikle ya\u015fam\u0131n temel bir unsuru olarak &hellip;<\/p>\n","protected":false},"author":1,"featured_media":216987,"comment_status":"closed","ping_status":"closed","sticky":false,"template":"","format":"standard","meta":{"footnotes":""},"categories":[458,459,17988],"tags":[],"class_list":["post-216986","post","type-post","status-publish","format-standard","has-post-thumbnail","","category-dunya1","category-haberler-arap-uluslararasi-politika","category-son-haberler"],"_links":{"self":[{"href":"https:\/\/archive.sana.sy\/tr\/index.php?rest_route=\/wp\/v2\/posts\/216986","targetHints":{"allow":["GET"]}}],"collection":[{"href":"https:\/\/archive.sana.sy\/tr\/index.php?rest_route=\/wp\/v2\/posts"}],"about":[{"href":"https:\/\/archive.sana.sy\/tr\/index.php?rest_route=\/wp\/v2\/types\/post"}],"author":[{"embeddable":true,"href":"https:\/\/archive.sana.sy\/tr\/index.php?rest_route=\/wp\/v2\/users\/1"}],"replies":[{"embeddable":true,"href":"https:\/\/archive.sana.sy\/tr\/index.php?rest_route=%2Fwp%2Fv2%2Fcomments&post=216986"}],"version-history":[{"count":0,"href":"https:\/\/archive.sana.sy\/tr\/index.php?rest_route=\/wp\/v2\/posts\/216986\/revisions"}],"wp:featuredmedia":[{"embeddable":true,"href":"https:\/\/archive.sana.sy\/tr\/index.php?rest_route=\/wp\/v2\/media\/216987"}],"wp:attachment":[{"href":"https:\/\/archive.sana.sy\/tr\/index.php?rest_route=%2Fwp%2Fv2%2Fmedia&parent=216986"}],"wp:term":[{"taxonomy":"category","embeddable":true,"href":"https:\/\/archive.sana.sy\/tr\/index.php?rest_route=%2Fwp%2Fv2%2Fcategories&post=216986"},{"taxonomy":"post_tag","embeddable":true,"href":"https:\/\/archive.sana.sy\/tr\/index.php?rest_route=%2Fwp%2Fv2%2Ftags&post=216986"}],"curies":[{"name":"wp","href":"https:\/\/api.w.org\/{rel}","templated":true}]}}