{"id":216989,"date":"2020-08-30T23:52:12","date_gmt":"2020-08-30T20:52:12","guid":{"rendered":"http:\/\/www.sana.sy\/tr\/?p=216989"},"modified":"2020-08-31T13:50:43","modified_gmt":"2020-08-31T10:50:43","slug":"tum-dunya-tanisa-bile-siyonist-varligi-kesinlikle-tanimamaya-devam-edecegiz","status":"publish","type":"post","link":"https:\/\/archive.sana.sy\/tr\/?p=216989","title":{"rendered":"T\u00fcm D\u00fcnya Tan\u0131sa Bile Siyonist Varl\u0131\u011f\u0131 Kesinlikle Tan\u0131mamaya Devam Edece\u011fiz"},"content":{"rendered":"<p style=\"text-align: justify;\">BEYRUT &#8211; Hizbullah Genel Sekreteri Seyyid Hasan Nasrullah, t\u00fcm d\u00fcnya tan\u0131sa bile, gasp\u00e7\u0131 Siyonist varl\u0131\u011f\u0131 reddetmeye devam edeceklerini yineleyerek, ona kar\u015f\u0131 sava\u015fan her taraf\u0131n yan\u0131nda duracaklar\u0131n\u0131 vurgulad\u0131.<\/p>\n<p style=\"text-align: justify;\">Seyyid Nasrullah Muharrem&#8217;in 10. g\u00fcn\u00fc m\u00fcnasebetiyle yapt\u0131\u011f\u0131 konu\u015fmada b\u00f6lge \u00e7at\u0131\u015fmas\u0131 hakk\u0131nda,hak ve bat\u0131l m\u00fccadelesinin iki a\u00e7\u0131k alan\u0131 oldu\u011funu, ilkinin \u0130sraillinin topraklar\u0131n\u0131 1948&#8217;den beri i\u015fgal etti\u011fi Filistin&#8217;e ek olarak , Golan, \u015eeba \u00c7iftlikleri ve Kfar \u015euba tepeleri oldu\u011funu bunun da aleni bat\u0131l oldu\u011funu, bir de denizden nehre kadar Filistini&#8217;n tamam\u0131nda hakk\u0131 olan Filistin halk\u0131, Golan&#8217;da da Suriye halk\u0131n\u0131n hakk\u0131, L\u00fcbnan halk\u0131n\u0131n da kendi topraklar\u0131nda hakk\u0131 oldu\u011funu s\u00f6yledi.<\/p>\n<p style=\"text-align: justify;\">Seyyid Nasrullah, i\u015fgali zorla, \u00f6ld\u00fcrmekle, a\u00e7l\u0131kla ve ekonomik ablukayla empoze etmek isteyenlerin oldu\u011funu, bu yalan kar\u015f\u0131s\u0131nda bat\u0131la sar\u0131l\u0131p onun i\u00e7in sava\u015fanlar\u0131n oldu\u011funu,\u00f6te yandan s\u00f6z konusu bat\u0131la kar\u015f\u0131 hakka tutunan ve onun u\u011fruna sava\u015fanlar\u0131n bulundu\u011funu bunlar\u0131n da \u00fclke, halk ve direni\u015f hareketlerinin bu i\u015fgale kar\u015f\u0131 direnenlerin oldu\u011funu belirterek, bu varl\u0131\u011f\u0131n t\u00fcm d\u00fcnya taraf\u0131ndan tan\u0131nsa bile reddetmeye ve ona kar\u015f\u0131 sava\u015fan herkesin yan\u0131nda yer almay\u0131 s\u00fcrd\u00fcreceklerini vurgulad\u0131.<\/p>\n<p style=\"text-align: justify;\">Seyyid Nasrullah, ikinci konumun bir b\u00fct\u00fcn olarak b\u00f6lge oldu\u011funa, kararlar\u0131n\u0131n efendisi olmak isteyen halklar ve h\u00fck\u00fcmetler taraf\u0131ndan temsil edilen hak ile servetlerinin, petrol ve suyun kendilerine ait oldu\u011funa ve petrol ve gaz\u0131 kontrol edip ya\u011fmalamak ve para \u00e7almak isteyen Amerikan y\u00f6netiminin temsil etti\u011fi bat\u0131l aras\u0131nda bir \u00e7at\u0131\u015fman\u0131n da ya\u015fand\u0131\u011f\u0131 bir b\u00fct\u00fcn olarak b\u00f6lge oldu\u011funu ifade etti.<\/p>\n<p style=\"text-align: justify;\">Seyyid Nasrullah, Amerikan hegemonyas\u0131n\u0131n temsil etti\u011fi bat\u0131l kar\u015f\u0131s\u0131nda direni\u015f ekseninin hakk\u0131 temsil etti\u011fine ve bu m\u00fccadelede zaferin sa\u011flanaca\u011f\u0131na dikkat \u00e7ekti.<\/p>\n","protected":false},"excerpt":{"rendered":"<p>BEYRUT &#8211; Hizbullah Genel Sekreteri Seyyid Hasan Nasrullah, t\u00fcm d\u00fcnya tan\u0131sa bile, gasp\u00e7\u0131 Siyonist varl\u0131\u011f\u0131 reddetmeye devam edeceklerini yineleyerek, ona kar\u015f\u0131 sava\u015fan her taraf\u0131n yan\u0131nda duracaklar\u0131n\u0131 vurgulad\u0131. Seyyid Nasrullah Muharrem&#8217;in 10. g\u00fcn\u00fc m\u00fcnasebetiyle yapt\u0131\u011f\u0131 konu\u015fmada b\u00f6lge \u00e7at\u0131\u015fmas\u0131 hakk\u0131nda,hak ve bat\u0131l m\u00fccadelesinin iki a\u00e7\u0131k alan\u0131 oldu\u011funu, ilkinin \u0130sraillinin topraklar\u0131n\u0131 1948&#8217;den beri i\u015fgal etti\u011fi Filistin&#8217;e ek olarak &hellip;<\/p>\n","protected":false},"author":1,"featured_media":216990,"comment_status":"closed","ping_status":"closed","sticky":false,"template":"","format":"standard","meta":{"footnotes":""},"categories":[458,459,17988],"tags":[],"class_list":["post-216989","post","type-post","status-publish","format-standard","has-post-thumbnail","","category-dunya1","category-haberler-arap-uluslararasi-politika","category-son-haberler"],"_links":{"self":[{"href":"https:\/\/archive.sana.sy\/tr\/index.php?rest_route=\/wp\/v2\/posts\/216989","targetHints":{"allow":["GET"]}}],"collection":[{"href":"https:\/\/archive.sana.sy\/tr\/index.php?rest_route=\/wp\/v2\/posts"}],"about":[{"href":"https:\/\/archive.sana.sy\/tr\/index.php?rest_route=\/wp\/v2\/types\/post"}],"author":[{"embeddable":true,"href":"https:\/\/archive.sana.sy\/tr\/index.php?rest_route=\/wp\/v2\/users\/1"}],"replies":[{"embeddable":true,"href":"https:\/\/archive.sana.sy\/tr\/index.php?rest_route=%2Fwp%2Fv2%2Fcomments&post=216989"}],"version-history":[{"count":0,"href":"https:\/\/archive.sana.sy\/tr\/index.php?rest_route=\/wp\/v2\/posts\/216989\/revisions"}],"wp:featuredmedia":[{"embeddable":true,"href":"https:\/\/archive.sana.sy\/tr\/index.php?rest_route=\/wp\/v2\/media\/216990"}],"wp:attachment":[{"href":"https:\/\/archive.sana.sy\/tr\/index.php?rest_route=%2Fwp%2Fv2%2Fmedia&parent=216989"}],"wp:term":[{"taxonomy":"category","embeddable":true,"href":"https:\/\/archive.sana.sy\/tr\/index.php?rest_route=%2Fwp%2Fv2%2Fcategories&post=216989"},{"taxonomy":"post_tag","embeddable":true,"href":"https:\/\/archive.sana.sy\/tr\/index.php?rest_route=%2Fwp%2Fv2%2Ftags&post=216989"}],"curies":[{"name":"wp","href":"https:\/\/api.w.org\/{rel}","templated":true}]}}