{"id":216992,"date":"2020-08-30T23:53:19","date_gmt":"2020-08-30T20:53:19","guid":{"rendered":"http:\/\/www.sana.sy\/tr\/?p=216992"},"modified":"2020-08-31T13:51:11","modified_gmt":"2020-08-31T10:51:11","slug":"petrol-bakanligi-gunluk-700-bin-metrekup-uretimle-hizmete-girmeye-hazir-3-gaz-kuyusu","status":"publish","type":"post","link":"https:\/\/archive.sana.sy\/tr\/?p=216992","title":{"rendered":"Petrol Bakanl\u0131\u011f\u0131: G\u00fcnl\u00fck 700 Bin Metrek\u00fcp \u00dcretimle Hizmete Girmeye Haz\u0131r 3 Gaz Kuyusu"},"content":{"rendered":"<p style=\"text-align: justify;\">\u015eAM &#8211; Petrol ve Maden Kaynaklar Bakanl\u0131\u011f\u0131, toplam \u00fcretimin g\u00fcnde 700.000 metrek\u00fcp olarak tahmin edildi\u011fi \u00fc\u00e7 gaz kuyusunun hizmete girmeye haz\u0131r oldu\u011funu ilan etti.<\/p>\n<p style=\"text-align: justify;\">Bakanl\u0131k bug\u00fcn yay\u0131nlad\u0131\u011f\u0131 ve SANA&#8217;n\u0131n bir n\u00fcshas\u0131n\u0131 ald\u0131\u011f\u0131 beyan\u0131nda, kadrolar\u0131n\u0131n merkez b\u00f6lgedeki &#8220;\u015eerife 6&#8221; kuyusunun yan\u0131 s\u0131ra &#8220;Abu Rabah 10 ve Do\u011fu El Arak 1&#8221; kuyular\u0131n\u0131n onar\u0131m \u00e7al\u0131\u015fmalar\u0131n\u0131 tamamlayabildiklerini ve \u00fc\u00e7 kuyunun da hizmete a\u00e7\u0131larak gaz \u00fcretimine ge\u00e7meye haz\u0131r oldu\u011funu belirtti.<\/p>\n","protected":false},"excerpt":{"rendered":"<p>\u015eAM &#8211; Petrol ve Maden Kaynaklar Bakanl\u0131\u011f\u0131, toplam \u00fcretimin g\u00fcnde 700.000 metrek\u00fcp olarak tahmin edildi\u011fi \u00fc\u00e7 gaz kuyusunun hizmete girmeye haz\u0131r oldu\u011funu ilan etti. Bakanl\u0131k bug\u00fcn yay\u0131nlad\u0131\u011f\u0131 ve SANA&#8217;n\u0131n bir n\u00fcshas\u0131n\u0131 ald\u0131\u011f\u0131 beyan\u0131nda, kadrolar\u0131n\u0131n merkez b\u00f6lgedeki &#8220;\u015eerife 6&#8221; kuyusunun yan\u0131 s\u0131ra &#8220;Abu Rabah 10 ve Do\u011fu El Arak 1&#8221; kuyular\u0131n\u0131n onar\u0131m \u00e7al\u0131\u015fmalar\u0131n\u0131 tamamlayabildiklerini ve \u00fc\u00e7 &hellip;<\/p>\n","protected":false},"author":1,"featured_media":216993,"comment_status":"closed","ping_status":"closed","sticky":false,"template":"","format":"standard","meta":{"footnotes":""},"categories":[485,486,479,17988,478],"tags":[],"class_list":["post-216992","post","type-post","status-publish","format-standard","has-post-thumbnail","","category-is-ve-sermaye","category-haberler-is-ve-sermaye","category-haberler-yerel","category-son-haberler","category-yerel"],"_links":{"self":[{"href":"https:\/\/archive.sana.sy\/tr\/index.php?rest_route=\/wp\/v2\/posts\/216992","targetHints":{"allow":["GET"]}}],"collection":[{"href":"https:\/\/archive.sana.sy\/tr\/index.php?rest_route=\/wp\/v2\/posts"}],"about":[{"href":"https:\/\/archive.sana.sy\/tr\/index.php?rest_route=\/wp\/v2\/types\/post"}],"author":[{"embeddable":true,"href":"https:\/\/archive.sana.sy\/tr\/index.php?rest_route=\/wp\/v2\/users\/1"}],"replies":[{"embeddable":true,"href":"https:\/\/archive.sana.sy\/tr\/index.php?rest_route=%2Fwp%2Fv2%2Fcomments&post=216992"}],"version-history":[{"count":0,"href":"https:\/\/archive.sana.sy\/tr\/index.php?rest_route=\/wp\/v2\/posts\/216992\/revisions"}],"wp:featuredmedia":[{"embeddable":true,"href":"https:\/\/archive.sana.sy\/tr\/index.php?rest_route=\/wp\/v2\/media\/216993"}],"wp:attachment":[{"href":"https:\/\/archive.sana.sy\/tr\/index.php?rest_route=%2Fwp%2Fv2%2Fmedia&parent=216992"}],"wp:term":[{"taxonomy":"category","embeddable":true,"href":"https:\/\/archive.sana.sy\/tr\/index.php?rest_route=%2Fwp%2Fv2%2Fcategories&post=216992"},{"taxonomy":"post_tag","embeddable":true,"href":"https:\/\/archive.sana.sy\/tr\/index.php?rest_route=%2Fwp%2Fv2%2Ftags&post=216992"}],"curies":[{"name":"wp","href":"https:\/\/api.w.org\/{rel}","templated":true}]}}