{"id":216995,"date":"2020-08-30T23:55:43","date_gmt":"2020-08-30T20:55:43","guid":{"rendered":"http:\/\/www.sana.sy\/tr\/?p=216995"},"modified":"2020-08-31T13:51:18","modified_gmt":"2020-08-31T10:51:18","slug":"saglik-bakanligi-yeni-75-koronavirus-vakasi-15-sifa-3-vefat","status":"publish","type":"post","link":"https:\/\/archive.sana.sy\/tr\/?p=216995","title":{"rendered":"Sa\u011fl\u0131k Bakanl\u0131\u011f\u0131: Yeni 75 Koronavir\u00fcs Vakas\u0131 15 \u015eifa 3 Vefat"},"content":{"rendered":"<p style=\"text-align: justify;\">\u015eAM \u2013 Sa\u011fl\u0131k Bakanl\u0131\u011f\u0131 bug\u00fcn, yeni 75 koronavir\u00fcs vakas\u0131n\u0131n tescil edildi\u011fini, Suriye\u2019de tescil edilen vakalardan 15\u2019inin iyile\u015fti\u011fini 3 vakan\u0131n da vefat etti\u011fini ilan etti.<\/p>\n<p style=\"text-align: justify;\">Bakanl\u0131k bug\u00fcn yay\u0131nlad\u0131\u011f\u0131 ve SANA\u2019n\u0131n da bir n\u00fcshas\u0131n\u0131 ald\u0131\u011f\u0131 beyanda, Suriye\u2019de tescil edilen vaka say\u0131s\u0131n\u0131n bug\u00fcne kadar 2703&#8217;e y\u00fckseldi\u011fini, bu vakalardan 614&#8217;\u00fcn\u00fcn iyile\u015fti\u011fini 109&#8217;unun da vefat etti\u011fine i\u015faret etti.<\/p>\n<p style=\"text-align: justify;\">Bilinece\u011fi \u00fczere Suriyede ilk koronavir\u00fcs vakas\u0131 22 Mart&#8217;ta yurt d\u0131\u015f\u0131ndan gelen bir \u015fah\u0131s \u00fczerinde, ilk vefat vakas\u0131 da 29 Mart&#8217;ta tescil edilmi\u015fti.<\/p>\n","protected":false},"excerpt":{"rendered":"<p>\u015eAM \u2013 Sa\u011fl\u0131k Bakanl\u0131\u011f\u0131 bug\u00fcn, yeni 75 koronavir\u00fcs vakas\u0131n\u0131n tescil edildi\u011fini, Suriye\u2019de tescil edilen vakalardan 15\u2019inin iyile\u015fti\u011fini 3 vakan\u0131n da vefat etti\u011fini ilan etti. Bakanl\u0131k bug\u00fcn yay\u0131nlad\u0131\u011f\u0131 ve SANA\u2019n\u0131n da bir n\u00fcshas\u0131n\u0131 ald\u0131\u011f\u0131 beyanda, Suriye\u2019de tescil edilen vaka say\u0131s\u0131n\u0131n bug\u00fcne kadar 2703&#8217;e y\u00fckseldi\u011fini, bu vakalardan 614&#8217;\u00fcn\u00fcn iyile\u015fti\u011fini 109&#8217;unun da vefat etti\u011fine i\u015faret etti. Bilinece\u011fi \u00fczere &hellip;<\/p>\n","protected":false},"author":1,"featured_media":216996,"comment_status":"closed","ping_status":"closed","sticky":false,"template":"","format":"standard","meta":{"footnotes":""},"categories":[526,479,17988,525,478],"tags":[],"class_list":["post-216995","post","type-post","status-publish","format-standard","has-post-thumbnail","","category-haber-ve-raporlar","category-haberler-yerel","category-son-haberler","category-toplum","category-yerel"],"_links":{"self":[{"href":"https:\/\/archive.sana.sy\/tr\/index.php?rest_route=\/wp\/v2\/posts\/216995","targetHints":{"allow":["GET"]}}],"collection":[{"href":"https:\/\/archive.sana.sy\/tr\/index.php?rest_route=\/wp\/v2\/posts"}],"about":[{"href":"https:\/\/archive.sana.sy\/tr\/index.php?rest_route=\/wp\/v2\/types\/post"}],"author":[{"embeddable":true,"href":"https:\/\/archive.sana.sy\/tr\/index.php?rest_route=\/wp\/v2\/users\/1"}],"replies":[{"embeddable":true,"href":"https:\/\/archive.sana.sy\/tr\/index.php?rest_route=%2Fwp%2Fv2%2Fcomments&post=216995"}],"version-history":[{"count":0,"href":"https:\/\/archive.sana.sy\/tr\/index.php?rest_route=\/wp\/v2\/posts\/216995\/revisions"}],"wp:featuredmedia":[{"embeddable":true,"href":"https:\/\/archive.sana.sy\/tr\/index.php?rest_route=\/wp\/v2\/media\/216996"}],"wp:attachment":[{"href":"https:\/\/archive.sana.sy\/tr\/index.php?rest_route=%2Fwp%2Fv2%2Fmedia&parent=216995"}],"wp:term":[{"taxonomy":"category","embeddable":true,"href":"https:\/\/archive.sana.sy\/tr\/index.php?rest_route=%2Fwp%2Fv2%2Fcategories&post=216995"},{"taxonomy":"post_tag","embeddable":true,"href":"https:\/\/archive.sana.sy\/tr\/index.php?rest_route=%2Fwp%2Fv2%2Ftags&post=216995"}],"curies":[{"name":"wp","href":"https:\/\/api.w.org\/{rel}","templated":true}]}}