{"id":216999,"date":"2020-08-31T12:05:27","date_gmt":"2020-08-31T09:05:27","guid":{"rendered":"http:\/\/www.sana.sy\/tr\/?p=216999"},"modified":"2020-09-01T08:37:23","modified_gmt":"2020-09-01T05:37:23","slug":"turk-isgaline-bagli-paralilar-rasul-ayn-kirsalindaki-koyleri-yagmaliyor","status":"publish","type":"post","link":"https:\/\/archive.sana.sy\/tr\/?p=216999","title":{"rendered":"T\u00fcrk \u0130\u015fgaline Ba\u011fl\u0131 Paral\u0131lar Rasul Ayn K\u0131rsal\u0131ndaki K\u00f6yleri Ya\u011fmal\u0131yor"},"content":{"rendered":"<p>HASEKE \u2013 T\u00fcrk i\u015fgaline ba\u011fl\u0131 paral\u0131 ter\u00f6ristler Haseke k\u0131rsal\u0131n\u0131n kuzeyinde i\u015fgal ettikleri Rasul Ayn Nahiyesine tabi k\u00f6ylerinde \u00f6zel ve kamu m\u00fclklerini ya\u011fmalamaya devam ediyor.<\/p>\n<p>Yerel kaynaklar; T\u00fcrk i\u015fgaline ba\u011fl\u0131 paral\u0131 ter\u00f6ristlerin Rasul Ayn k\u0131rsal\u0131ndaki Matle, Lazka ve Tel Sahr k\u00f6ylerinde elektrik direkleri ve kulelerini \u00e7ald\u0131klar\u0131n\u0131 ve T\u00fcrk komisyoncular\u0131na satmak \u00fczere depolara do\u011fru aktard\u0131klar\u0131n\u0131 belirtti.<\/p>\n<p>D\u00fcn ise, i\u015fgal alt\u0131ndaki Rasul Ayn Kentinin g\u00fcneybat\u0131s\u0131ndaki Abbah k\u00f6y\u00fcndeki \u00e7ift\u00e7ilerin kuyular\u0131ndan T\u00fcrk i\u015fgaline ba\u011fl\u0131 \u00e7eteler ekipman, tar\u0131m makineleri ve elektrik jenerat\u00f6r setleri ya\u011fmalad\u0131.<\/p>\n<p>\u00c7eviri: P.M.<\/p>\n","protected":false},"excerpt":{"rendered":"<p>HASEKE \u2013 T\u00fcrk i\u015fgaline ba\u011fl\u0131 paral\u0131 ter\u00f6ristler Haseke k\u0131rsal\u0131n\u0131n kuzeyinde i\u015fgal ettikleri Rasul Ayn Nahiyesine tabi k\u00f6ylerinde \u00f6zel ve kamu m\u00fclklerini ya\u011fmalamaya devam ediyor. Yerel kaynaklar; T\u00fcrk i\u015fgaline ba\u011fl\u0131 paral\u0131 ter\u00f6ristlerin Rasul Ayn k\u0131rsal\u0131ndaki Matle, Lazka ve Tel Sahr k\u00f6ylerinde elektrik direkleri ve kulelerini \u00e7ald\u0131klar\u0131n\u0131 ve T\u00fcrk komisyoncular\u0131na satmak \u00fczere depolara do\u011fru aktard\u0131klar\u0131n\u0131 belirtti. D\u00fcn &hellip;<\/p>\n","protected":false},"author":1,"featured_media":217000,"comment_status":"closed","ping_status":"closed","sticky":false,"template":"","format":"standard","meta":{"footnotes":""},"categories":[479,575,17988,478],"tags":[],"class_list":["post-216999","post","type-post","status-publish","format-standard","has-post-thumbnail","","category-haberler-yerel","category-olaylar-ve-gercekler","category-son-haberler","category-yerel"],"_links":{"self":[{"href":"https:\/\/archive.sana.sy\/tr\/index.php?rest_route=\/wp\/v2\/posts\/216999","targetHints":{"allow":["GET"]}}],"collection":[{"href":"https:\/\/archive.sana.sy\/tr\/index.php?rest_route=\/wp\/v2\/posts"}],"about":[{"href":"https:\/\/archive.sana.sy\/tr\/index.php?rest_route=\/wp\/v2\/types\/post"}],"author":[{"embeddable":true,"href":"https:\/\/archive.sana.sy\/tr\/index.php?rest_route=\/wp\/v2\/users\/1"}],"replies":[{"embeddable":true,"href":"https:\/\/archive.sana.sy\/tr\/index.php?rest_route=%2Fwp%2Fv2%2Fcomments&post=216999"}],"version-history":[{"count":0,"href":"https:\/\/archive.sana.sy\/tr\/index.php?rest_route=\/wp\/v2\/posts\/216999\/revisions"}],"wp:featuredmedia":[{"embeddable":true,"href":"https:\/\/archive.sana.sy\/tr\/index.php?rest_route=\/wp\/v2\/media\/217000"}],"wp:attachment":[{"href":"https:\/\/archive.sana.sy\/tr\/index.php?rest_route=%2Fwp%2Fv2%2Fmedia&parent=216999"}],"wp:term":[{"taxonomy":"category","embeddable":true,"href":"https:\/\/archive.sana.sy\/tr\/index.php?rest_route=%2Fwp%2Fv2%2Fcategories&post=216999"},{"taxonomy":"post_tag","embeddable":true,"href":"https:\/\/archive.sana.sy\/tr\/index.php?rest_route=%2Fwp%2Fv2%2Ftags&post=216999"}],"curies":[{"name":"wp","href":"https:\/\/api.w.org\/{rel}","templated":true}]}}