{"id":21701,"date":"2015-01-24T11:18:55","date_gmt":"2015-01-24T09:18:55","guid":{"rendered":"http:\/\/sana.sy\/tr\/?p=21701"},"modified":"2015-01-24T11:21:10","modified_gmt":"2015-01-24T09:21:10","slug":"lajcak-teror-ortadogu-avrupa-ve-dunyaya-tehdit-olusturuyor","status":"publish","type":"post","link":"https:\/\/archive.sana.sy\/tr\/?p=21701","title":{"rendered":"Lajcak: Ter\u00f6r Ortado\u011fu, Avrupa ve D\u00fcnya\u2019ya Tehdit Olu\u015fturuyor"},"content":{"rendered":"<p>BRAT\u0130SLAVA \u2013 Slovakya D\u0131\u015fi\u015fleri Bakan\u0131 Miroslav Lajcak, ter\u00f6r\u00fcn halihaz\u0131rda sadece orta do\u011fu de\u011fil Avrupa ve b\u00fct\u00fcn d\u00fcnyaya en b\u00fcy\u00fck tehlikeyi temsil etti\u011finden uyararak, bat\u0131 ile do\u011funun ayn\u0131 tarafta durduklar\u0131na ter\u00f6re kar\u015f\u0131 \u201cortak \u00e7al\u0131\u015fman\u0131n\u201d istenilen sonu\u00e7lar\u0131n al\u0131nmas\u0131na yol a\u00e7aca\u011f\u0131na i\u015faret etti.<\/p>\n<p>Slovakya\u2019da mutemet diplomatik heyet ba\u015fkanlar\u0131yla bir araya geli\u015finde Lajcak, a\u015f\u0131r\u0131c\u0131l\u0131k ve ter\u00f6rizme hezimeti tatt\u0131rman\u0131n sadece Avrupa ilkelerini korumak i\u00e7in de\u011fil uygar toplumlar olarak benli\u011fi koruma a\u00e7\u0131s\u0131ndan da \u00f6nemli bir durum oldu\u011funu s\u00f6yleyerek ortak bir \u015fekilde ileti\u015fimin herhangi ge\u00e7mi\u015f zamandan daha \u00f6nemli oldu\u011funu vurgulad\u0131.<\/p>\n<p>Ter\u00f6r ve a\u015f\u0131r\u0131l\u0131\u011f\u0131n din olarak sadece \u0130slam \u2018\u0131 ilgilendiren bir mesele olmad\u0131\u011f\u0131n\u0131, k\u00fcreselle\u015fme, g\u00f6\u00e7 ve sosyal problemlerle de ba\u011fl\u0131 oldu\u011funu ifade eden Lajcak, Slovakya\u2019n\u0131n \u0131rk veya etnik olsun kin veya nefret fenomenlerinden herhangi birine kar\u015f\u0131 oldu\u011funu, a\u015f\u0131r\u0131l\u0131k ve k\u00f6ktencilik ya da ter\u00f6r ile \u0130slam aras\u0131ndaki ba\u011flant\u0131y\u0131 da reddetti\u011fini yineledi.<\/p>\n<p>Lajcak, ter\u00f6r\u00fcn tek y\u00f6nl\u00fc bir yol olmad\u0131\u011f\u0131n\u0131 sadece orta do\u011fu\u2019dan bat\u0131ya gelmedi\u011fini ayr\u0131ca \u0130slam \u00fclkelerinin de bu ter\u00f6rden en \u00e7ok \u00e7ekenlerin ba\u015f\u0131nda geldi\u011fini vurgulad\u0131.<\/p>\n<p>S. \u015e<\/p>\n","protected":false},"excerpt":{"rendered":"<p>BRAT\u0130SLAVA \u2013 Slovakya D\u0131\u015fi\u015fleri Bakan\u0131 Miroslav Lajcak, ter\u00f6r\u00fcn halihaz\u0131rda sadece orta do\u011fu de\u011fil Avrupa ve b\u00fct\u00fcn d\u00fcnyaya en b\u00fcy\u00fck tehlikeyi temsil etti\u011finden uyararak, bat\u0131 ile do\u011funun ayn\u0131 tarafta durduklar\u0131na ter\u00f6re kar\u015f\u0131 \u201cortak \u00e7al\u0131\u015fman\u0131n\u201d istenilen sonu\u00e7lar\u0131n al\u0131nmas\u0131na yol a\u00e7aca\u011f\u0131na i\u015faret etti. Slovakya\u2019da mutemet diplomatik heyet ba\u015fkanlar\u0131yla bir araya geli\u015finde Lajcak, a\u015f\u0131r\u0131c\u0131l\u0131k ve ter\u00f6rizme hezimeti tatt\u0131rman\u0131n sadece &hellip;<\/p>\n","protected":false},"author":1,"featured_media":21702,"comment_status":"closed","ping_status":"closed","sticky":false,"template":"","format":"standard","meta":{"footnotes":""},"categories":[458,459,447,2554],"tags":[10581,10580],"class_list":["post-21701","post","type-post","status-publish","format-standard","has-post-thumbnail","","category-dunya1","category-haberler-arap-uluslararasi-politika","category-politika","category-suriye-ve-dunya","tag-avrupa-ve-dunyaya-tehdit-olusturuyor","tag-lajcak-teror-ortadogu"],"_links":{"self":[{"href":"https:\/\/archive.sana.sy\/tr\/index.php?rest_route=\/wp\/v2\/posts\/21701","targetHints":{"allow":["GET"]}}],"collection":[{"href":"https:\/\/archive.sana.sy\/tr\/index.php?rest_route=\/wp\/v2\/posts"}],"about":[{"href":"https:\/\/archive.sana.sy\/tr\/index.php?rest_route=\/wp\/v2\/types\/post"}],"author":[{"embeddable":true,"href":"https:\/\/archive.sana.sy\/tr\/index.php?rest_route=\/wp\/v2\/users\/1"}],"replies":[{"embeddable":true,"href":"https:\/\/archive.sana.sy\/tr\/index.php?rest_route=%2Fwp%2Fv2%2Fcomments&post=21701"}],"version-history":[{"count":0,"href":"https:\/\/archive.sana.sy\/tr\/index.php?rest_route=\/wp\/v2\/posts\/21701\/revisions"}],"wp:featuredmedia":[{"embeddable":true,"href":"https:\/\/archive.sana.sy\/tr\/index.php?rest_route=\/wp\/v2\/media\/21702"}],"wp:attachment":[{"href":"https:\/\/archive.sana.sy\/tr\/index.php?rest_route=%2Fwp%2Fv2%2Fmedia&parent=21701"}],"wp:term":[{"taxonomy":"category","embeddable":true,"href":"https:\/\/archive.sana.sy\/tr\/index.php?rest_route=%2Fwp%2Fv2%2Fcategories&post=21701"},{"taxonomy":"post_tag","embeddable":true,"href":"https:\/\/archive.sana.sy\/tr\/index.php?rest_route=%2Fwp%2Fv2%2Ftags&post=21701"}],"curies":[{"name":"wp","href":"https:\/\/api.w.org\/{rel}","templated":true}]}}