{"id":21706,"date":"2015-01-24T12:10:12","date_gmt":"2015-01-24T10:10:12","guid":{"rendered":"http:\/\/sana.sy\/tr\/?p=21706"},"modified":"2015-01-25T14:26:58","modified_gmt":"2015-01-25T12:26:58","slug":"eli-kanli-teroristler-sivilleri-hedef-almaya-devam-ediyor-1-sehit-bir-cok-da-yarali-var","status":"publish","type":"post","link":"https:\/\/archive.sana.sy\/tr\/?p=21706","title":{"rendered":"Eli Kanl\u0131 Ter\u00f6ristler Sivilleri Hedef Almaya Devam Ediyor"},"content":{"rendered":"<p>\u0130LLER \u2013 \u2018Il\u0131man muhalifler\u2019 ad\u0131 verilen korkak ve gaddar ter\u00f6r \u00e7etelerinin sivil b\u00f6lgelere ve masum vatanda\u015flara f\u00fcze ve roket sald\u0131r\u0131lar\u0131 devam ederken, bug\u00fcn muhtelif yerlerde yine bir\u00e7ok vatanda\u015f \u015fehit ve yaral\u0131 d\u00fc\u015ft\u00fc.<\/p>\n<p><span style=\"color: #0000ff\">\u015eam\u2019da 3 \u015eehit<\/span><\/p>\n<p>\u015eam Emniyet M\u00fcd\u00fcrl\u00fc\u011f\u00fcnde bir kaynak ter\u00f6r \u00e7etelerinin ba\u015fkent \u015eam\u2019\u0131n sivil yerle\u015fim alanlar\u0131ndan Zablatani ve Kusur semtlerini havan roketleriyle hedef ald\u0131klar\u0131n\u0131 belirtti. Kaynak korkak ve hain ter\u00f6ristlerin gaddar sald\u0131r\u0131lar\u0131nda 3 vatanda\u015f\u0131n \u015fehit, 11 vatanda\u015f\u0131n da yaral\u0131 d\u00fc\u015ft\u00fc\u011f\u00fcn\u00fc aktard\u0131. Kaynak sald\u0131r\u0131larda vatanda\u015flar\u0131n evleri, i\u015fyerleri ve ara\u00e7lar\u0131n\u0131n maddi hasar g\u00f6rd\u00fc\u011f\u00fcn\u00fc ifade etti.<\/p>\n<p><span style=\"color: #0000ff\">Homs K\u0131rsal\u0131nda Yine \u015eehit ve Yaral\u0131lar Var<\/span><\/p>\n<p>Bu arada Homs kuzey k\u0131rsal\u0131n\u0131n baz\u0131 k\u00f6y ve beldelerine y\u00f6nelik d\u00fczenlenen havan roketli ter\u00f6r sald\u0131r\u0131lar\u0131 sonucunda bir vatanda\u015f \u015fehit d\u00fc\u015ft\u00fc baz\u0131 vatanda\u015flar da yaraland\u0131.<\/p>\n<p>Valilik kayna\u011f\u0131 SANA muhabirine a\u00e7\u0131klamas\u0131nda; Hule b\u00f6lgesi Tel Deheb ve Kefar Laha\u2019da konu\u015flanan ter\u00f6ristlerin Mureymin K\u00f6y\u00fcn\u00fc bir ka\u00e7 roketle hedef almalar\u0131 sonucunda bir vatanda\u015f\u0131n \u015fehit d\u00fc\u015ft\u00fc\u011f\u00fcn\u00fc baz\u0131 vatanda\u015flar\u0131n da yaraland\u0131\u011f\u0131n\u0131 s\u00f6yledi.<\/p>\n<p>Kaynak Hule\u2019deki tekfiri ter\u00f6ristlerin f\u0131rlatt\u0131\u011f\u0131 roketlerin Homs ve Hama illeri aras\u0131ndaki \u015einye, Kabuv ve Karmas\u00a0 K\u00f6ylerine d\u00fc\u015fmesi sonucunda baz\u0131 ev ve ara\u00e7larda maddi hasarlar\u0131n olu\u015ftu\u011funa dikkat \u00e7ekti.<\/p>\n<p>Hule b\u00f6lgesinde konu\u015flanan ter\u00f6r \u00f6rg\u00fctleri kom\u015fu k\u00f6yleri havan roketleriyle hedef al\u0131rken ge\u00e7en \u00c7ar\u015famba g\u00fcn\u00fc Karmas K\u00f6y\u00fcn\u00fc 15\u2019ten fazla havan roketleriyle\u00a0hedef alm\u0131\u015f bir bayan\u0131n \u015fehit d\u00fc\u015fmesine ve evlerde de maddi hasarlara yol a\u00e7m\u0131\u015ft\u0131.<\/p>\n<p>A.A. &#8211; S. \u015e<\/p>\n","protected":false},"excerpt":{"rendered":"<p>\u0130LLER \u2013 \u2018Il\u0131man muhalifler\u2019 ad\u0131 verilen korkak ve gaddar ter\u00f6r \u00e7etelerinin sivil b\u00f6lgelere ve masum vatanda\u015flara f\u00fcze ve roket sald\u0131r\u0131lar\u0131 devam ederken, bug\u00fcn muhtelif yerlerde yine bir\u00e7ok vatanda\u015f \u015fehit ve yaral\u0131 d\u00fc\u015ft\u00fc. \u015eam\u2019da 3 \u015eehit \u015eam Emniyet M\u00fcd\u00fcrl\u00fc\u011f\u00fcnde bir kaynak ter\u00f6r \u00e7etelerinin ba\u015fkent \u015eam\u2019\u0131n sivil yerle\u015fim alanlar\u0131ndan Zablatani ve Kusur semtlerini havan roketleriyle hedef ald\u0131klar\u0131n\u0131 &hellip;<\/p>\n","protected":false},"author":1,"featured_media":21709,"comment_status":"closed","ping_status":"closed","sticky":false,"template":"","format":"standard","meta":{"footnotes":""},"categories":[479,575,478],"tags":[10582],"class_list":["post-21706","post","type-post","status-publish","format-standard","has-post-thumbnail","","category-haberler-yerel","category-olaylar-ve-gercekler","category-yerel","tag-eli-kanli-teroristler-sivilleri-hedef-almaya-devam-ediyor-1-sehit-bir-cok-da-yarali-var"],"_links":{"self":[{"href":"https:\/\/archive.sana.sy\/tr\/index.php?rest_route=\/wp\/v2\/posts\/21706","targetHints":{"allow":["GET"]}}],"collection":[{"href":"https:\/\/archive.sana.sy\/tr\/index.php?rest_route=\/wp\/v2\/posts"}],"about":[{"href":"https:\/\/archive.sana.sy\/tr\/index.php?rest_route=\/wp\/v2\/types\/post"}],"author":[{"embeddable":true,"href":"https:\/\/archive.sana.sy\/tr\/index.php?rest_route=\/wp\/v2\/users\/1"}],"replies":[{"embeddable":true,"href":"https:\/\/archive.sana.sy\/tr\/index.php?rest_route=%2Fwp%2Fv2%2Fcomments&post=21706"}],"version-history":[{"count":0,"href":"https:\/\/archive.sana.sy\/tr\/index.php?rest_route=\/wp\/v2\/posts\/21706\/revisions"}],"wp:featuredmedia":[{"embeddable":true,"href":"https:\/\/archive.sana.sy\/tr\/index.php?rest_route=\/wp\/v2\/media\/21709"}],"wp:attachment":[{"href":"https:\/\/archive.sana.sy\/tr\/index.php?rest_route=%2Fwp%2Fv2%2Fmedia&parent=21706"}],"wp:term":[{"taxonomy":"category","embeddable":true,"href":"https:\/\/archive.sana.sy\/tr\/index.php?rest_route=%2Fwp%2Fv2%2Fcategories&post=21706"},{"taxonomy":"post_tag","embeddable":true,"href":"https:\/\/archive.sana.sy\/tr\/index.php?rest_route=%2Fwp%2Fv2%2Ftags&post=21706"}],"curies":[{"name":"wp","href":"https:\/\/api.w.org\/{rel}","templated":true}]}}