{"id":21711,"date":"2015-01-24T12:19:50","date_gmt":"2015-01-24T10:19:50","guid":{"rendered":"http:\/\/sana.sy\/tr\/?p=21711"},"modified":"2015-01-25T14:26:41","modified_gmt":"2015-01-25T12:26:41","slug":"teror-zulmunden-kacarak-orduya-siginan-onlarca-aile-cikarilarak-ikamet-merkezlerine-konuldu","status":"publish","type":"post","link":"https:\/\/archive.sana.sy\/tr\/?p=21711","title":{"rendered":"Ter\u00f6r Zulm\u00fcnden Ka\u00e7arak Orduya S\u0131\u011f\u0131nan Onlarca Aile G\u00fcvenli B\u00f6lgelere Tahliye Edildi"},"content":{"rendered":"<p>\u015eAM \u2013 \u015eam k\u0131rsal\u0131n\u0131n Do\u011fu Guta\u2019daki Duma \u00e7iftlikleri ve k\u00f6ylerinden onlarca aile tekfiri ter\u00f6r \u00f6rg\u00fctlerinin zulm\u00fc ve vah\u015fi sald\u0131r\u0131lar\u0131ndan ka\u00e7arak b\u00f6lge civar\u0131ndaki ordu birlikleri barikatlar\u0131na iltica etmeye ediyor.<\/p>\n<p>Ordu birlikleri s\u00f6z konusu ailelerin \u00e7\u0131k\u0131\u015flar\u0131n\u0131 temin ederek \u015eam K\u0131rsal\u0131ndaki D\u00fcveyr\u2019de bulunan ge\u00e7ici ikamet merkezlerine ta\u015f\u0131d\u0131.<\/p>\n<p>\u0130l Emniyet M\u00fcd\u00fcrl\u00fc\u011f\u00fcnde bir kaynak SANA muhabirine a\u00e7\u0131klamas\u0131nda, ordu birliklerimizin bug\u00fcn Duma\u2019n\u0131n do\u011fusundaki \u015eifoniye ve Ho\u015f Fara beldelerinden \u00e7o\u011fu kad\u0131n ve \u00e7ocuklardan olu\u015fan yakla\u015f\u0131k 107 ki\u015fiyi g\u00fcvenli bir \u015fekilde tahliye ettiklerini belirtti. Kaynak tahliye edilen vatanda\u015flar\u0131n acil b\u00fct\u00fcn gereksinimlerini temin ettiklerini ifade etti.<\/p>\n<p>Kaynak, \u00e7\u0131kar\u0131lan b\u00fct\u00fcn ailelerin \u015eam k\u0131rsal\u0131ndaki D\u00fcveyr\u2019de bulunan ge\u00e7ici ikamet merkezlerine ta\u015f\u0131nd\u0131klar\u0131n\u0131 ve ikame yerleriyle birlikte gerekli b\u00fct\u00fcn temel ihtiya\u00e7lar\u0131n\u0131n kar\u015f\u0131land\u0131\u011f\u0131n\u0131 s\u00f6yledi.<\/p>\n<p>Ahali, ter\u00f6ristlerin evlere bask\u0131n d\u00fczenleyerek gen\u00e7leri ka\u00e7\u0131rd\u0131klar\u0131n\u0131, evlerde bulunan erzak ve m\u00fclkleri gasp ettiklerini \u00e7ocuklar\u0131 da a\u00e7l\u0131k ve \u00f6l\u00fcme terk ettiklerini s\u00f6ylediler.<\/p>\n<p>Ter\u00f6ristlerden ka\u00e7an ahali, g\u00fcven ve huzur i\u00e7erisinde varmalar\u0131 i\u00e7in b\u00fcy\u00fck \u00f6zen g\u00f6steren ve kendilerine gerekli t\u00fcm ihtiya\u00e7lar\u0131n\u0131 sunan Suriye Arap Ordusu askerlerine takdir ve \u015f\u00fckranlar\u0131n\u0131 ilettiler.<\/p>\n<p><a href=\"https:\/\/www.youtube.com\/watch?v=uxwbbky4Btk\">https:\/\/www.youtube.com\/watch?v=uxwbbky4Btk<\/a><\/p>\n<p>&nbsp;<\/p>\n<div id='gallery-1' class='gallery galleryid-21711 gallery-columns-2 gallery-size-thumbnail'><figure class='gallery-item'>\n\t\t\t<div class='gallery-icon landscape'>\n\t\t\t\t<a href='https:\/\/archive.sana.sy\/tr\/wp-content\/uploads\/2015\/01\/Aileler-5.jpg'><img loading=\"lazy\" decoding=\"async\" width=\"150\" height=\"111\" src=\"https:\/\/archive.sana.sy\/tr\/wp-content\/uploads\/2015\/01\/Aileler-5-150x111.jpg\" class=\"attachment-thumbnail size-thumbnail\" alt=\"\" srcset=\"https:\/\/archive.sana.sy\/tr\/wp-content\/uploads\/2015\/01\/Aileler-5-150x111.jpg 150w, https:\/\/archive.sana.sy\/tr\/wp-content\/uploads\/2015\/01\/Aileler-5-300x223.jpg 300w, https:\/\/archive.sana.sy\/tr\/wp-content\/uploads\/2015\/01\/Aileler-5-1024x761.jpg 1024w, https:\/\/archive.sana.sy\/tr\/wp-content\/uploads\/2015\/01\/Aileler-5.jpg 1305w\" sizes=\"auto, (max-width: 150px) 100vw, 150px\" \/><\/a>\n\t\t\t<\/div><\/figure><figure class='gallery-item'>\n\t\t\t<div class='gallery-icon landscape'>\n\t\t\t\t<a href='https:\/\/archive.sana.sy\/tr\/wp-content\/uploads\/2015\/01\/Aileler-21.jpg'><img loading=\"lazy\" decoding=\"async\" width=\"150\" height=\"120\" src=\"https:\/\/archive.sana.sy\/tr\/wp-content\/uploads\/2015\/01\/Aileler-21-150x120.jpg\" class=\"attachment-thumbnail size-thumbnail\" alt=\"\" srcset=\"https:\/\/archive.sana.sy\/tr\/wp-content\/uploads\/2015\/01\/Aileler-21-150x120.jpg 150w, https:\/\/archive.sana.sy\/tr\/wp-content\/uploads\/2015\/01\/Aileler-21-300x240.jpg 300w, https:\/\/archive.sana.sy\/tr\/wp-content\/uploads\/2015\/01\/Aileler-21-1024x818.jpg 1024w, https:\/\/archive.sana.sy\/tr\/wp-content\/uploads\/2015\/01\/Aileler-21.jpg 1227w\" sizes=\"auto, (max-width: 150px) 100vw, 150px\" \/><\/a>\n\t\t\t<\/div><\/figure><figure class='gallery-item'>\n\t\t\t<div class='gallery-icon landscape'>\n\t\t\t\t<a href='https:\/\/archive.sana.sy\/tr\/wp-content\/uploads\/2015\/01\/Aileler-11.jpg'><img loading=\"lazy\" decoding=\"async\" width=\"150\" height=\"121\" src=\"https:\/\/archive.sana.sy\/tr\/wp-content\/uploads\/2015\/01\/Aileler-11-150x121.jpg\" class=\"attachment-thumbnail size-thumbnail\" alt=\"\" srcset=\"https:\/\/archive.sana.sy\/tr\/wp-content\/uploads\/2015\/01\/Aileler-11-150x121.jpg 150w, https:\/\/archive.sana.sy\/tr\/wp-content\/uploads\/2015\/01\/Aileler-11-300x242.jpg 300w, https:\/\/archive.sana.sy\/tr\/wp-content\/uploads\/2015\/01\/Aileler-11-1024x825.jpg 1024w, https:\/\/archive.sana.sy\/tr\/wp-content\/uploads\/2015\/01\/Aileler-11.jpg 1221w\" sizes=\"auto, (max-width: 150px) 100vw, 150px\" \/><\/a>\n\t\t\t<\/div><\/figure><figure class='gallery-item'>\n\t\t\t<div class='gallery-icon landscape'>\n\t\t\t\t<a href='https:\/\/archive.sana.sy\/tr\/wp-content\/uploads\/2015\/01\/Aileler-3.jpg'><img loading=\"lazy\" decoding=\"async\" width=\"150\" height=\"124\" src=\"https:\/\/archive.sana.sy\/tr\/wp-content\/uploads\/2015\/01\/Aileler-3-150x124.jpg\" class=\"attachment-thumbnail size-thumbnail\" alt=\"\" srcset=\"https:\/\/archive.sana.sy\/tr\/wp-content\/uploads\/2015\/01\/Aileler-3-150x124.jpg 150w, https:\/\/archive.sana.sy\/tr\/wp-content\/uploads\/2015\/01\/Aileler-3-300x248.jpg 300w, https:\/\/archive.sana.sy\/tr\/wp-content\/uploads\/2015\/01\/Aileler-3-1024x846.jpg 1024w, https:\/\/archive.sana.sy\/tr\/wp-content\/uploads\/2015\/01\/Aileler-3.jpg 1143w\" sizes=\"auto, (max-width: 150px) 100vw, 150px\" \/><\/a>\n\t\t\t<\/div><\/figure>\n\t\t<\/div>\n\n<p>S. \u015e &#8211; A.A<\/p>\n","protected":false},"excerpt":{"rendered":"<p>\u015eAM \u2013 \u015eam k\u0131rsal\u0131n\u0131n Do\u011fu Guta\u2019daki Duma \u00e7iftlikleri ve k\u00f6ylerinden onlarca aile tekfiri ter\u00f6r \u00f6rg\u00fctlerinin zulm\u00fc ve vah\u015fi sald\u0131r\u0131lar\u0131ndan ka\u00e7arak b\u00f6lge civar\u0131ndaki ordu birlikleri barikatlar\u0131na iltica etmeye ediyor. Ordu birlikleri s\u00f6z konusu ailelerin \u00e7\u0131k\u0131\u015flar\u0131n\u0131 temin ederek \u015eam K\u0131rsal\u0131ndaki D\u00fcveyr\u2019de bulunan ge\u00e7ici ikamet merkezlerine ta\u015f\u0131d\u0131. \u0130l Emniyet M\u00fcd\u00fcrl\u00fc\u011f\u00fcnde bir kaynak SANA muhabirine a\u00e7\u0131klamas\u0131nda, ordu birliklerimizin bug\u00fcn &hellip;<\/p>\n","protected":false},"author":1,"featured_media":21723,"comment_status":"closed","ping_status":"closed","sticky":false,"template":"","format":"standard","meta":{"footnotes":""},"categories":[596,575],"tags":[10583],"class_list":["post-21711","post","type-post","status-publish","format-standard","has-post-thumbnail","","category-fotografli-raporlar","category-olaylar-ve-gercekler","tag-teror-zulmunden-kacarak-orduya-siginan-onlarca-aile-cikarilarak-ikamet-merkezlerine-konuldu"],"_links":{"self":[{"href":"https:\/\/archive.sana.sy\/tr\/index.php?rest_route=\/wp\/v2\/posts\/21711","targetHints":{"allow":["GET"]}}],"collection":[{"href":"https:\/\/archive.sana.sy\/tr\/index.php?rest_route=\/wp\/v2\/posts"}],"about":[{"href":"https:\/\/archive.sana.sy\/tr\/index.php?rest_route=\/wp\/v2\/types\/post"}],"author":[{"embeddable":true,"href":"https:\/\/archive.sana.sy\/tr\/index.php?rest_route=\/wp\/v2\/users\/1"}],"replies":[{"embeddable":true,"href":"https:\/\/archive.sana.sy\/tr\/index.php?rest_route=%2Fwp%2Fv2%2Fcomments&post=21711"}],"version-history":[{"count":0,"href":"https:\/\/archive.sana.sy\/tr\/index.php?rest_route=\/wp\/v2\/posts\/21711\/revisions"}],"wp:featuredmedia":[{"embeddable":true,"href":"https:\/\/archive.sana.sy\/tr\/index.php?rest_route=\/wp\/v2\/media\/21723"}],"wp:attachment":[{"href":"https:\/\/archive.sana.sy\/tr\/index.php?rest_route=%2Fwp%2Fv2%2Fmedia&parent=21711"}],"wp:term":[{"taxonomy":"category","embeddable":true,"href":"https:\/\/archive.sana.sy\/tr\/index.php?rest_route=%2Fwp%2Fv2%2Fcategories&post=21711"},{"taxonomy":"post_tag","embeddable":true,"href":"https:\/\/archive.sana.sy\/tr\/index.php?rest_route=%2Fwp%2Fv2%2Ftags&post=21711"}],"curies":[{"name":"wp","href":"https:\/\/api.w.org\/{rel}","templated":true}]}}