{"id":217203,"date":"2020-09-02T12:35:57","date_gmt":"2020-09-02T09:35:57","guid":{"rendered":"http:\/\/www.sana.sy\/tr\/?p=217203"},"modified":"2020-09-03T09:16:17","modified_gmt":"2020-09-03T06:16:17","slug":"suveyda-okullarinin-ders-kitaplari-ihtiyaclarini-guvence-altina-aliniyor","status":"publish","type":"post","link":"https:\/\/archive.sana.sy\/tr\/?p=217203","title":{"rendered":"S\u00fcveyda Okullar\u0131n\u0131n Ders Kitaplar\u0131 \u0130htiya\u00e7lar\u0131n\u0131 Temin Ediliyor"},"content":{"rendered":"<p>S\u00dcVEYDA \u2013 Ders Kitaplar\u0131 i\u00e7in Genel Kurumu S\u00fcveyda \u015f\u00fcbesi, yeni okul y\u0131l\u0131n\u0131n ba\u015f\u0131nda \u00f6\u011frencilere da\u011f\u0131t\u0131lacak \u00e7e\u015fitli e\u011fitim kademeleri i\u00e7in il okullar\u0131n\u0131n ders kitab\u0131 ihtiya\u00e7lar\u0131n\u0131 kar\u015f\u0131lad\u0131.<\/p>\n<p>\u015e\u00fcbe M\u00fcd\u00fcr\u00fc Bakar el Bakar; farkl\u0131 e\u011fitim kademeleri i\u00e7in okullara da\u011f\u0131t\u0131lacak 1 milyon 400 bin kitab\u0131n\u0131n temin edildi\u011fini belirtirken herhangi bir eksikli\u011fin bulundu\u011fu durumunda kurum tafar\u0131ndan sa\u011flanaca\u011f\u0131na i\u015faret etti.<\/p>\n<p>\u00c7eviri: P.M.<\/p>\n<div id='gallery-1' class='gallery galleryid-217203 gallery-columns-1 gallery-size-full'><figure class='gallery-item'>\n\t\t\t<div class='gallery-icon landscape'>\n\t\t\t\t<a href='https:\/\/archive.sana.sy\/tr\/wp-content\/uploads\/2020\/09\/37.jpg'><img loading=\"lazy\" decoding=\"async\" width=\"660\" height=\"439\" src=\"https:\/\/archive.sana.sy\/tr\/wp-content\/uploads\/2020\/09\/37.jpg\" class=\"attachment-full size-full\" alt=\"\" srcset=\"https:\/\/archive.sana.sy\/tr\/wp-content\/uploads\/2020\/09\/37.jpg 660w, https:\/\/archive.sana.sy\/tr\/wp-content\/uploads\/2020\/09\/37-300x200.jpg 300w, https:\/\/archive.sana.sy\/tr\/wp-content\/uploads\/2020\/09\/37-150x100.jpg 150w, https:\/\/archive.sana.sy\/tr\/wp-content\/uploads\/2020\/09\/37-310x205.jpg 310w\" sizes=\"auto, (max-width: 660px) 100vw, 660px\" \/><\/a>\n\t\t\t<\/div><\/figure><figure class='gallery-item'>\n\t\t\t<div class='gallery-icon landscape'>\n\t\t\t\t<a href='https:\/\/archive.sana.sy\/tr\/wp-content\/uploads\/2020\/09\/38.jpg'><img loading=\"lazy\" decoding=\"async\" width=\"660\" height=\"417\" src=\"https:\/\/archive.sana.sy\/tr\/wp-content\/uploads\/2020\/09\/38.jpg\" class=\"attachment-full size-full\" alt=\"\" srcset=\"https:\/\/archive.sana.sy\/tr\/wp-content\/uploads\/2020\/09\/38.jpg 660w, https:\/\/archive.sana.sy\/tr\/wp-content\/uploads\/2020\/09\/38-300x190.jpg 300w, https:\/\/archive.sana.sy\/tr\/wp-content\/uploads\/2020\/09\/38-150x95.jpg 150w\" sizes=\"auto, (max-width: 660px) 100vw, 660px\" \/><\/a>\n\t\t\t<\/div><\/figure><figure class='gallery-item'>\n\t\t\t<div class='gallery-icon landscape'>\n\t\t\t\t<a href='https:\/\/archive.sana.sy\/tr\/wp-content\/uploads\/2020\/09\/39.jpg'><img loading=\"lazy\" decoding=\"async\" width=\"660\" height=\"444\" src=\"https:\/\/archive.sana.sy\/tr\/wp-content\/uploads\/2020\/09\/39.jpg\" class=\"attachment-full size-full\" alt=\"\" srcset=\"https:\/\/archive.sana.sy\/tr\/wp-content\/uploads\/2020\/09\/39.jpg 660w, https:\/\/archive.sana.sy\/tr\/wp-content\/uploads\/2020\/09\/39-300x202.jpg 300w, https:\/\/archive.sana.sy\/tr\/wp-content\/uploads\/2020\/09\/39-150x101.jpg 150w, https:\/\/archive.sana.sy\/tr\/wp-content\/uploads\/2020\/09\/39-110x75.jpg 110w\" sizes=\"auto, (max-width: 660px) 100vw, 660px\" \/><\/a>\n\t\t\t<\/div><\/figure><figure class='gallery-item'>\n\t\t\t<div class='gallery-icon landscape'>\n\t\t\t\t<a href='https:\/\/archive.sana.sy\/tr\/wp-content\/uploads\/2020\/09\/40-1.jpg'><img loading=\"lazy\" decoding=\"async\" width=\"660\" height=\"438\" src=\"https:\/\/archive.sana.sy\/tr\/wp-content\/uploads\/2020\/09\/40-1.jpg\" class=\"attachment-full size-full\" alt=\"\" srcset=\"https:\/\/archive.sana.sy\/tr\/wp-content\/uploads\/2020\/09\/40-1.jpg 660w, https:\/\/archive.sana.sy\/tr\/wp-content\/uploads\/2020\/09\/40-1-300x199.jpg 300w, https:\/\/archive.sana.sy\/tr\/wp-content\/uploads\/2020\/09\/40-1-150x100.jpg 150w, https:\/\/archive.sana.sy\/tr\/wp-content\/uploads\/2020\/09\/40-1-310x205.jpg 310w\" sizes=\"auto, (max-width: 660px) 100vw, 660px\" \/><\/a>\n\t\t\t<\/div><\/figure><figure class='gallery-item'>\n\t\t\t<div class='gallery-icon landscape'>\n\t\t\t\t<a href='https:\/\/archive.sana.sy\/tr\/wp-content\/uploads\/2020\/09\/41.jpg'><img loading=\"lazy\" decoding=\"async\" width=\"660\" height=\"420\" src=\"https:\/\/archive.sana.sy\/tr\/wp-content\/uploads\/2020\/09\/41.jpg\" class=\"attachment-full size-full\" alt=\"\" srcset=\"https:\/\/archive.sana.sy\/tr\/wp-content\/uploads\/2020\/09\/41.jpg 660w, https:\/\/archive.sana.sy\/tr\/wp-content\/uploads\/2020\/09\/41-300x191.jpg 300w, https:\/\/archive.sana.sy\/tr\/wp-content\/uploads\/2020\/09\/41-150x95.jpg 150w\" sizes=\"auto, (max-width: 660px) 100vw, 660px\" \/><\/a>\n\t\t\t<\/div><\/figure>\n\t\t<\/div>\n\n","protected":false},"excerpt":{"rendered":"<p>S\u00dcVEYDA \u2013 Ders Kitaplar\u0131 i\u00e7in Genel Kurumu S\u00fcveyda \u015f\u00fcbesi, yeni okul y\u0131l\u0131n\u0131n ba\u015f\u0131nda \u00f6\u011frencilere da\u011f\u0131t\u0131lacak \u00e7e\u015fitli e\u011fitim kademeleri i\u00e7in il okullar\u0131n\u0131n ders kitab\u0131 ihtiya\u00e7lar\u0131n\u0131 kar\u015f\u0131lad\u0131. \u015e\u00fcbe M\u00fcd\u00fcr\u00fc Bakar el Bakar; farkl\u0131 e\u011fitim kademeleri i\u00e7in okullara da\u011f\u0131t\u0131lacak 1 milyon 400 bin kitab\u0131n\u0131n temin edildi\u011fini belirtirken herhangi bir eksikli\u011fin bulundu\u011fu durumunda kurum tafar\u0131ndan sa\u011flanaca\u011f\u0131na i\u015faret etti. \u00c7eviri: &hellip;<\/p>\n","protected":false},"author":1,"featured_media":217204,"comment_status":"closed","ping_status":"closed","sticky":false,"template":"","format":"standard","meta":{"footnotes":""},"categories":[596,516,479,511,17988,478],"tags":[],"class_list":["post-217203","post","type-post","status-publish","format-standard","has-post-thumbnail","","category-fotografli-raporlar","category-haberler-kultur-ve-sanat","category-haberler-yerel","category-kultur-ve-sanat","category-son-haberler","category-yerel"],"_links":{"self":[{"href":"https:\/\/archive.sana.sy\/tr\/index.php?rest_route=\/wp\/v2\/posts\/217203","targetHints":{"allow":["GET"]}}],"collection":[{"href":"https:\/\/archive.sana.sy\/tr\/index.php?rest_route=\/wp\/v2\/posts"}],"about":[{"href":"https:\/\/archive.sana.sy\/tr\/index.php?rest_route=\/wp\/v2\/types\/post"}],"author":[{"embeddable":true,"href":"https:\/\/archive.sana.sy\/tr\/index.php?rest_route=\/wp\/v2\/users\/1"}],"replies":[{"embeddable":true,"href":"https:\/\/archive.sana.sy\/tr\/index.php?rest_route=%2Fwp%2Fv2%2Fcomments&post=217203"}],"version-history":[{"count":0,"href":"https:\/\/archive.sana.sy\/tr\/index.php?rest_route=\/wp\/v2\/posts\/217203\/revisions"}],"wp:featuredmedia":[{"embeddable":true,"href":"https:\/\/archive.sana.sy\/tr\/index.php?rest_route=\/wp\/v2\/media\/217204"}],"wp:attachment":[{"href":"https:\/\/archive.sana.sy\/tr\/index.php?rest_route=%2Fwp%2Fv2%2Fmedia&parent=217203"}],"wp:term":[{"taxonomy":"category","embeddable":true,"href":"https:\/\/archive.sana.sy\/tr\/index.php?rest_route=%2Fwp%2Fv2%2Fcategories&post=217203"},{"taxonomy":"post_tag","embeddable":true,"href":"https:\/\/archive.sana.sy\/tr\/index.php?rest_route=%2Fwp%2Fv2%2Ftags&post=217203"}],"curies":[{"name":"wp","href":"https:\/\/api.w.org\/{rel}","templated":true}]}}