{"id":217212,"date":"2020-09-02T18:29:59","date_gmt":"2020-09-02T15:29:59","guid":{"rendered":"http:\/\/www.sana.sy\/tr\/?p=217212"},"modified":"2020-09-02T18:29:59","modified_gmt":"2020-09-02T15:29:59","slug":"cumhurbaskani-besar-el-esad-yeni-kabinenin-toplantisinin-baskanligi-sirasinda-yeni-hukumet-yeni-fikirlere-sahip-yeni-uyeler-ve-yenilenmis-fikirlere-sahip-eski-uyeler-anlamina-gelir-bu-oncekilerin","status":"publish","type":"post","link":"https:\/\/archive.sana.sy\/tr\/?p=217212","title":{"rendered":"Cumhurba\u015fkan\u0131 Be\u015far el Esad yeni kabinenin toplant\u0131s\u0131n\u0131n ba\u015fkanl\u0131\u011f\u0131 s\u0131ras\u0131nda: Yeni h\u00fck\u00fcmet, yeni fikirlere sahip yeni \u00fcyeler ve yenilenmi\u015f fikirlere sahip eski \u00fcyeler anlam\u0131na gelir; bu, \u00f6ncekilerin ayr\u0131lmas\u0131 veya par\u00e7alanmas\u0131 veya torpillenmesi anlam\u0131na gelmez, bunun yerine vizyonlar\u0131 ve stratejileri g\u00f6zden ge\u00e7irerek onlar\u0131 daha sofistike ve daha etkili bir \u015fekilde yeniden form\u00fcle eder"},"content":{"rendered":"<p>Cumhurba\u015fkan\u0131 Be\u015far el Esad yeni kabinenin toplant\u0131s\u0131n\u0131n ba\u015fkanl\u0131\u011f\u0131 s\u0131ras\u0131nda: Yeni h\u00fck\u00fcmet, yeni fikirlere sahip yeni \u00fcyeler ve yenilenmi\u015f fikirlere sahip eski \u00fcyeler anlam\u0131na gelir; bu, \u00f6ncekilerin ayr\u0131lmas\u0131 veya par\u00e7alanmas\u0131 veya torpillenmesi anlam\u0131na gelmez, bunun yerine vizyonlar\u0131 ve stratejileri g\u00f6zden ge\u00e7irerek onlar\u0131 daha sofistike ve daha etkili bir \u015fekilde yeniden form\u00fcle eder.<\/p>\n","protected":false},"excerpt":{"rendered":"<p>Cumhurba\u015fkan\u0131 Be\u015far el Esad yeni kabinenin toplant\u0131s\u0131n\u0131n ba\u015fkanl\u0131\u011f\u0131 s\u0131ras\u0131nda: Yeni h\u00fck\u00fcmet, yeni fikirlere sahip yeni \u00fcyeler ve yenilenmi\u015f fikirlere sahip eski \u00fcyeler anlam\u0131na gelir; bu, \u00f6ncekilerin ayr\u0131lmas\u0131 veya par\u00e7alanmas\u0131 veya torpillenmesi anlam\u0131na gelmez, bunun yerine vizyonlar\u0131 ve stratejileri g\u00f6zden ge\u00e7irerek onlar\u0131 daha sofistike ve daha etkili bir \u015fekilde yeniden form\u00fcle eder.<\/p>\n","protected":false},"author":1,"featured_media":0,"comment_status":"closed","ping_status":"closed","sticky":false,"template":"","format":"standard","meta":{"footnotes":""},"categories":[17991],"tags":[],"class_list":["post-217212","post","type-post","status-publish","format-standard","","category-son-dakika"],"_links":{"self":[{"href":"https:\/\/archive.sana.sy\/tr\/index.php?rest_route=\/wp\/v2\/posts\/217212","targetHints":{"allow":["GET"]}}],"collection":[{"href":"https:\/\/archive.sana.sy\/tr\/index.php?rest_route=\/wp\/v2\/posts"}],"about":[{"href":"https:\/\/archive.sana.sy\/tr\/index.php?rest_route=\/wp\/v2\/types\/post"}],"author":[{"embeddable":true,"href":"https:\/\/archive.sana.sy\/tr\/index.php?rest_route=\/wp\/v2\/users\/1"}],"replies":[{"embeddable":true,"href":"https:\/\/archive.sana.sy\/tr\/index.php?rest_route=%2Fwp%2Fv2%2Fcomments&post=217212"}],"version-history":[{"count":0,"href":"https:\/\/archive.sana.sy\/tr\/index.php?rest_route=\/wp\/v2\/posts\/217212\/revisions"}],"wp:attachment":[{"href":"https:\/\/archive.sana.sy\/tr\/index.php?rest_route=%2Fwp%2Fv2%2Fmedia&parent=217212"}],"wp:term":[{"taxonomy":"category","embeddable":true,"href":"https:\/\/archive.sana.sy\/tr\/index.php?rest_route=%2Fwp%2Fv2%2Fcategories&post=217212"},{"taxonomy":"post_tag","embeddable":true,"href":"https:\/\/archive.sana.sy\/tr\/index.php?rest_route=%2Fwp%2Fv2%2Ftags&post=217212"}],"curies":[{"name":"wp","href":"https:\/\/api.w.org\/{rel}","templated":true}]}}