{"id":217214,"date":"2020-09-02T19:10:56","date_gmt":"2020-09-02T16:10:56","guid":{"rendered":"http:\/\/www.sana.sy\/tr\/?p=217214"},"modified":"2020-09-04T08:24:32","modified_gmt":"2020-09-04T05:24:32","slug":"yeni-kabine-toplantisnda-cumhurbaskani-el-esad-kusatmaya-karsi-koymadaki-en-onemli-yol-yerel-uetimi-desteklemektir-bir-yetkilinin-gorevindeki-basarisinin-temeli-samimiyettir-suriye-medyasi-zor-ko","status":"publish","type":"post","link":"https:\/\/archive.sana.sy\/tr\/?p=217214","title":{"rendered":"Kabine Toplant\u0131s\u0131nda Esad: Ablukaya Kar\u015f\u0131 Koymadaki En \u00d6nemli Yol Yerel \u00dcretimi Desteklemek.. Yetkilinin \u0130\u015findeki Ba\u015far\u0131s\u0131n\u0131n Temeli Samimiyettir &#8211; (V\u0130DEO)"},"content":{"rendered":"<p>\u015eAM \u2013 Ba\u015fbakan H\u00fcseyin Arnus\u2019un ba\u015fkanl\u0131\u011f\u0131ndaki yeni kabine \u00fcyeleri bug\u00fcn Cumhurba\u015fkan\u0131 Be\u015far el Esad\u2019\u0131n \u00f6n\u00fcnde anayasal yemin ettiler.<\/p>\n<p><a href=\"http:\/\/www.sana.sy\/tr\/wp-content\/uploads\/2020\/09\/8-9.jpg\"><img loading=\"lazy\" decoding=\"async\" class=\"alignright size-medium wp-image-217218\" src=\"http:\/\/www.sana.sy\/tr\/wp-content\/uploads\/2020\/09\/8-9-300x188.jpg\" alt=\"\" width=\"300\" height=\"188\" srcset=\"https:\/\/archive.sana.sy\/tr\/wp-content\/uploads\/2020\/09\/8-9-300x188.jpg 300w, https:\/\/archive.sana.sy\/tr\/wp-content\/uploads\/2020\/09\/8-9-150x94.jpg 150w, https:\/\/archive.sana.sy\/tr\/wp-content\/uploads\/2020\/09\/8-9.jpg 660w\" sizes=\"auto, (max-width: 300px) 100vw, 300px\" \/><\/a>Yemin t\u00f6reni ard\u0131ndan yeni kabinenin ba\u015fkanl\u0131k etti\u011fi ilk toplant\u0131s\u0131nda Cumhurba\u015fkan\u0131 el Esad: Yeni h\u00fck\u00fcmet, yeni fikirlere sahip yeni \u00fcyeler ve yenilenmi\u015f fikirlere sahip eski \u00fcyeler anlam\u0131na geldi\u011fini ifade ederken, bunun, \u00f6ncekilerin ayr\u0131lmas\u0131 veya par\u00e7alanmas\u0131 veya torpillenmesi anlam\u0131na gelmedi\u011fini ve bunun yerine vizyonlar\u0131 ve stratejileri g\u00f6zden ge\u00e7irerek onlar\u0131 daha sofistike ve daha etkili bir \u015fekilde yeniden form\u00fcle etti\u011fini belirtti. Cumhurba\u015fkan\u0131 el Esad; bu revizyonun \u00f6nemlili\u011fini sadece geli\u015ftirme i\u00e7in de\u011fil ayn\u0131 zamanda derslerden \u00f6\u011frenmek i\u00e7in de \u00f6nemli oldu\u011funu vurgularken, derslerin, \u00f6zellikle bug\u00fcn i\u00e7inde bulundu\u011fumuz ko\u015fullarda g\u00f6revlilerin ve kurumlar\u0131n s\u00fcrprizler beklemesine yard\u0131mc\u0131 olduklar\u0131n\u0131 ve bu nedenle prosed\u00fcrlerin olaylardan sonra de\u011fil onlardan \u00f6nce gelebildiklerine i\u015faret ett.<\/p>\n<p><a href=\"http:\/\/www.sana.sy\/tr\/wp-content\/uploads\/2020\/09\/9-10.jpg\"><img loading=\"lazy\" decoding=\"async\" class=\"alignright size-medium wp-image-217219\" src=\"http:\/\/www.sana.sy\/tr\/wp-content\/uploads\/2020\/09\/9-10-300x194.jpg\" alt=\"\" width=\"300\" height=\"194\" srcset=\"https:\/\/archive.sana.sy\/tr\/wp-content\/uploads\/2020\/09\/9-10-300x194.jpg 300w, https:\/\/archive.sana.sy\/tr\/wp-content\/uploads\/2020\/09\/9-10-150x97.jpg 150w, https:\/\/archive.sana.sy\/tr\/wp-content\/uploads\/2020\/09\/9-10.jpg 660w\" sizes=\"auto, (max-width: 300px) 100vw, 300px\" \/><\/a>Cumhurba\u015fkan\u0131 el Esad bu ba\u011flamda devam ederek; \u201cYani, herhangi bir g\u00f6revlinin bir sitedeki g\u00f6rev ve \u00e7al\u0131\u015fmalar\u0131n\u0131n ba\u015f\u0131nda, \u00f6zellikle en y\u00fcksek y\u00f6netici pozisyonu olan h\u00fck\u00fcmet sitesinde ve \u00f6zellikle \u00fclkesi i\u00e7in pek \u00e7ok h\u0131rs\u0131 ve fikri oldu\u011funda, t\u00fcm sorunlar\u0131 makam \u00fczerinden \u00e7\u00f6zmenin m\u00fcmk\u00fcn olup olmad\u0131\u011f\u0131n\u0131, yetki ve kabiliyetlerini sormas\u0131 do\u011fald\u0131r\u201d diye ifadelerini kulland\u0131. El Esad, bunun ger\u00e7ekte normal durumlarda bile zor oldu\u011funa i\u015faret ederken, bundan dolay\u0131 devletlerin \u00f6ncelikler ortaya koyduklar\u0131n\u0131belirtti. Bu ba\u011flamda Cumhurba\u015fkan\u0131 el Esad; bizimki gibi bir durumda, sava\u015f durumu, se\u00e7eneklerin darald\u0131\u011f\u0131n\u0131 ve \u00f6nceliklerin olaylardan daha ba\u011flay\u0131c\u0131 hale geldiklerini dile getirirken, bu durumda h\u00fck\u00fcmetin bu \u00f6ncelikleri vatanda\u015fa a\u00e7\u0131kca ve alenen belirlemesinin \u00f6nemine vurgu yapt\u0131. H\u00fck\u00fcmetin vatanda\u015f\u0131n \u00e7\u0131kar\u0131na \u00e7al\u0131\u015ft\u0131\u011f\u0131n\u0131 belirten el Esad; ancak bazen devletin \u00f6ncelikleri vatanda\u015f\u0131n acil ihtiya\u00e7lar\u0131na de\u011fimedi\u011fine dikkate \u00e7ekerken, fakat bu \u00f6nceliklerin \u00e7ok gerekli ve vazge\u00e7ilmez olduklar\u0131n\u0131 belirtti. Bunun i\u00e7in, el Esad, vatanda\u015f\u0131n g\u00fcnl\u00fck ihtiya\u00e7lar\u0131 ve devlet d\u00fczeyindeki \u00f6nceliklerin ayn\u0131 hedefe paralel olarak ilerlediklerini s\u00f6yledi.<\/p>\n<p>Cumhurba\u015fkan\u0131 el Esad; \u00f6nzeliklerdeki ilk noktas\u0131n\u0131n \u00fc\u00e7 sene \u00f6ce ilan etti\u011fi idari reformun oldu\u011funa i\u015faret ederek, sa\u011fl\u0131kl\u0131 bir h\u00fck\u00fcmet veya sa\u011flam bir kurum do\u011fru y\u00f6netim oldu\u011funu belirtti. Bu ba\u011flamda k\u00f6t\u00fc bir y\u00f6netim ve sa\u011flam bir h\u00fck\u00fcmet olamaz oldu\u011funu belirten el Esad; \u201cY\u00f6netimde bir metodoloji olmadan bu ko\u015fullarda yapt\u0131\u011f\u0131m\u0131z her \u015fey, eksik ve ge\u00e7ici, yani istikrars\u0131z, yani konu\u015fma dilinde ona bir geli\u015ftirme s\u00fcrecinden daha \u00e7ok yama i\u015flemi diyoruz, yani k\u0131smi i\u015fler yapt\u0131\u011f\u0131m\u0131z anlam\u0131na gelir\u201d diye ifade etti.<\/p>\n<p>El Esad devam ederek; \u201cAyn\u0131 \u00e7er\u00e7evede, iyi yasalar \u00e7\u0131kar\u0131l\u0131rsa ve h\u00fck\u00fcmetin belirledi\u011fi ba\u015far\u0131l\u0131 politikalar varsa, ancak bu politikalar\u0131 y\u00f6netecek ve bu yasalar\u0131 uygulayacak iyi bir y\u00f6netim yoksa, politikalar\u0131n ve kanunlar\u0131n bir de\u011feri yoktur. Ayn\u0131 \u015fey insan kaynaklar\u0131 i\u00e7in de ge\u00e7erli, insan kaynaklar\u0131n\u0131n varl\u0131\u011f\u0131ndan s\u0131k s\u0131k s\u00f6z ediyoruz ve yetkinliklerin var oldu\u011funu ve mevcut oldu\u011funu s\u00f6yl\u00fcyoruz Neden bu yetkinlikleri getirmiyoruz? Bu g\u00fczel, ama programs\u0131z olarak bir anlam\u0131 yok, devlete gelenleri nas\u0131l se\u00e7ece\u011fiz? Bu insanlar\u0131 nas\u0131l nitelendiririz?\u201d s\u00f6yledi. &#8220;Do\u011fru yerdeki do\u011fru adam&#8221; c\u00fcmlesine kadar, bu do\u011fru adam kim ve do\u011fru yer neresi oldu\u011fu sorusunu ortaya koyan Cumhurba\u015fkan\u0131 el Esad; \u201dBunlar programlard\u0131r, logolar de\u011fil\u201d dedi.<\/p>\n<p>\u0130dari reform projesindeki \u00f6nemli detaylara \u0131\u015f\u0131k tutuna Ba\u015fkan el Esad; kurumlar aras\u0131 ve bazen de kurumlar i\u00e7inde yasalar\u0131n kesi\u015fmesinin engellemesi \u00f6nemli bir nokta oldu\u011funu dile getirirken, koordinasyonun, g\u00f6revlinin ki\u015fisel ruh hali olmad\u0131\u011f\u0131n\u0131, koordine etmeyi sevdi\u011fi, sevmedi\u011fi veya bu yetene\u011fe sahip oldu\u011fu bir \u00f6zellik olmad\u0131\u011f\u0131n\u0131 belirtti. Bu ba\u011flamda devam ederek Ba\u015fkan el Esad; \u201cKoordinasyon, kurumlar i\u00e7inde a\u00e7\u0131k bir mekanizmad\u0131r, yetkilerde bir \u00e7eli\u015fki oldu\u011funda, bazen ayn\u0131 kurumda yasalarda bir \u00e7eli\u015fki oldu\u011funda, yani kurumlar aras\u0131ndaki yetkilerde bir \u00e7eli\u015fki ve bir kurumda veya birka\u00e7 kurumda ayn\u0131 yasalarda bir \u00e7eli\u015fki oldu\u011funda, koordinasyondan bahsetmesi sadece bir slogan haline gelip hi\u00e7bir \u015fey ifade etmez\u201ddedi. Cumhurba\u015fkan\u0131; y\u00f6netim reformu program\u0131n\u0131n, daha iyi sonu\u00e7lar elde etmek i\u00e7in t\u00fcm bunlar\u0131 d\u00fczeltmeyi ama\u00e7lamakta oldu\u011funu vurgularken, bu projenin vatanda\u015f taraf\u0131ndan hemen hissedilmeyece\u011fini \u201c\u00e7\u00fcnk\u00fc sonu\u00e7lar\u0131 yava\u015f ve kademeli ama \u00e7ok gerekli\u201d olduklar\u0131na i\u015faret etti.<\/p>\n<p>Bu ba\u011flamda Ba\u015fkan el Esad; \u201cBu halde bizden istenen, programa destek vermemizdir \u00e7\u00fcnk\u00fc Suriye devletinin \u00e7e\u015fitli kurumlar\u0131nda ba\u015far\u0131s\u0131 ve geli\u015fmesi ve daha sonra bu geli\u015fmenin alt kurumlara ve daha sonra vatanda\u015flara yans\u0131mas\u0131 i\u00e7in gereklidir\u201d diye ifade etti.<\/p>\n<p><span style=\"color: #0000ff;\">Yolsuzlukla m\u00fccadele, yaln\u0131zca yetkilinin d\u00fcr\u00fcst oldu\u011fu anlam\u0131na gelmez, ayn\u0131 zamanda d\u00fcr\u00fcst oldu\u011fu ve yolsuzlu\u011fun pe\u015finde oldu\u011fu anlam\u0131na gelir.<\/span><\/p>\n<p><a href=\"http:\/\/www.sana.sy\/tr\/wp-content\/uploads\/2020\/09\/11-17.jpg\"><img loading=\"lazy\" decoding=\"async\" class=\"alignright wp-image-217229\" src=\"http:\/\/www.sana.sy\/tr\/wp-content\/uploads\/2020\/09\/11-17-300x127.jpg\" alt=\"\" width=\"376\" height=\"158\" srcset=\"https:\/\/archive.sana.sy\/tr\/wp-content\/uploads\/2020\/09\/11-17-300x127.jpg 300w, https:\/\/archive.sana.sy\/tr\/wp-content\/uploads\/2020\/09\/11-17-150x63.jpg 150w, https:\/\/archive.sana.sy\/tr\/wp-content\/uploads\/2020\/09\/11-17.jpg 660w\" sizes=\"auto, (max-width: 376px) 100vw, 376px\" \/><\/a>Yolsuzlukla m\u00fccadele konusuna \u0131\u015f\u0131k tutan Ba\u015fkan el Esad; ge\u00e7en a\u015famada Suriye kurumlar\u0131n\u0131n yolsuzlu\u011fa kar\u015f\u0131 siyaseti uygulad\u0131klar\u0131n\u0131 kan\u0131tlad\u0131klar\u0131n\u0131 belirtirken, yolsuzlu\u011fa kar\u015f\u0131 kaydedilen ba\u015far\u0131lar\u0131n iyi fakat yeterli olmad\u0131klar\u0131n\u0131 ve bu konuda uzun a\u015famadan ge\u00e7medi\u011fimizi belirtti. Yolsuzlu\u011fa kar\u015f\u0131 m\u00fccadelde yolumuzun hala uzun oldu\u011funu dile getiren el Esad; yolsuzlu\u011fun yay\u0131lm\u0131\u015f oldu\u011funu diledi\u011fimiz, bunun sadece devlet i\u00e7inde de\u011fil \u201cDevlet toplumun aynas\u0131d\u0131r\u201d oldu\u011fu i\u00e7in yolsuzlu\u011fun toplumda da yay\u0131lm\u0131\u015f oldu\u011funu belirtti. Bu ba\u011flamda Ba\u015fkan el Esad; bunun toplumun \u00e7o\u011funun yozla\u015fm\u0131\u015f oldu\u011funu anlam\u0131na gelmedi\u011fini ifade ederken, \u201c\u00c7o\u011funluk her zaman iyidir, ancak yozla\u015fm\u0131\u015f az\u0131nl\u0131k y\u00fczeye hakimdir ve etkileme g\u00fcc\u00fcne sahiptir\u201d diye ifadelerini kulland\u0131. El Esad devam ederek \u201cyolsuzluk ak\u0131ll\u0131 ve \u0131srarl\u0131d\u0131r, ge\u00e7ende devlette ba\u015flad\u0131\u011f\u0131m\u0131z i\u015fe gelecekte daha fazla \u00e7abalar laz\u0131m, bu \u00e7er\u00e7evede ana eksiklik kanunlardad\u0131r, tabi sadece bu de\u011fil, lakin \u00f6nemli olan odur ki kanunlar\u0131 geli\u015ftirmeyi beklemeden harekete ge\u00e7tik.. daha \u00f6nce birka\u00e7 defa dedi\u011fim gibi kanunlarda yolsuzlu\u011fa yol a\u00e7maya izin veren eksikler varsa, bu, t\u00fcm yolsuzluklar\u0131n bu yoldan ge\u00e7mekte olduklar\u0131 anlam\u0131na gelmez.. Aksine, yolsuzlu\u011fun b\u00fcy\u00fck bir k\u0131sm\u0131 yasalarla takip edilebilir &#8230; \u00c7aba g\u00f6sterdi\u011fimizde ve yolsuzlu\u011fun pe\u015finden gitti\u011fimizde, \u00e7abas\u0131z bir \u015fekilde m\u00fccadele edilmesini beklemiyoruz\u201d dedi.<\/p>\n<p>Bu ba\u011flamda Cumhurba\u015fkan\u0131 el Esad; \u201cbu \u00e7er\u00e7evede kanunlarda en \u00f6nemli nokta istisnalar meselesidir.. istisnalar\u0131n iki yolu vard\u0131r.. (kanunlarda) yetkiliye istisna veren paragraflar\u0131n oldu\u011fu durumda.. ben \u015fu an Cumhurba\u015fkan\u0131 ve bakanlardan bahsediyorum veya herhangi d\u00fczeyden, ikinci yol ise kanunda izin verilebilirliktir, \u00f6rne\u011fin yasan\u0131n -b\u00f6yle, b\u00f6yle veya b\u00f6yle olmas\u0131na izin verilebilir- b\u00f6ylece en az iki olas\u0131l\u0131kla kar\u015f\u0131 kar\u015f\u0131yay\u0131z. Bir g\u00f6revli gelip bir karar ald\u0131\u011f\u0131nda ve daha sonra, hem hukuk i\u00e7inde, hem de kendisi ba\u015fka bir karar ald\u0131\u011f\u0131nda, bu, denetim olmad\u0131\u011f\u0131 i\u00e7in adalet olmad\u0131\u011f\u0131 anlam\u0131na gelir&#8230; Bu, h\u00fck\u00fcmet i\u015flerinde istikrars\u0131zl\u0131k vatanda\u015flar aras\u0131ndaysa haks\u0131zl\u0131k yarat\u0131r&#8230; biri istisnalar\u0131n \u00f6nemli olduklar\u0131n\u0131 diyebilir.. Do\u011frudur, fakat istisnalar i\u00e7in de kurallar koymak laz\u0131m.. bu yolla biz ayn\u0131 zamanda hem kaosa hem de yolsuzlu\u011fa kar\u015f\u0131 koyar\u0131z.. Yani her bakan\u0131n yapmas\u0131 gereken, bakanl\u0131\u011f\u0131n\u0131n kanunlar\u0131na d\u00f6nmesidir.. bunlar \u00e7oktur .. Elbette Suriye&#8217;de y\u00fczlerce kanun var ve belki de binleri a\u015ft\u0131 &#8230; Ama vatanda\u015f\u0131 do\u011frudan etkileyen temel kanunlar var, onlardan ba\u015flay\u0131p bu istisnalar i\u00e7in kontroller ve standartlar belirlemeliyiz&#8230; Sonu\u00e7 olarak, bu k\u0131s\u0131m veya bu bo\u015fluk yasal hale gelip ancak adil oldu\u011fuyla bu istisnaya sahip olan herkesin bunu elde etmesine izin verir .. ayn\u0131 zamandYolsuzluk yapmak isteyen her ki\u015finin bu paragraflar\u0131 kendi \u00e7\u0131karlar\u0131 i\u00e7in kullanmas\u0131na izin vermez\u201d ifadelerini kulland\u0131.<\/p>\n<p><img loading=\"lazy\" decoding=\"async\" class=\"alignright wp-image-217230\" src=\"http:\/\/www.sana.sy\/tr\/wp-content\/uploads\/2020\/09\/12-12-300x111.jpg\" alt=\"\" width=\"411\" height=\"152\" srcset=\"https:\/\/archive.sana.sy\/tr\/wp-content\/uploads\/2020\/09\/12-12-300x111.jpg 300w, https:\/\/archive.sana.sy\/tr\/wp-content\/uploads\/2020\/09\/12-12-150x55.jpg 150w, https:\/\/archive.sana.sy\/tr\/wp-content\/uploads\/2020\/09\/12-12.jpg 660w\" sizes=\"auto, (max-width: 411px) 100vw, 411px\" \/><\/p>\n<p>Bu konuya devam eden Ba\u015fkan el Esad; \u201cyolsuzluk meselesinde di\u011fer nokta yarg\u0131 konusudur.. insanlar daima yarg\u0131 konusunda bashederler.. yolsuzlukla m\u00fccadele eden tek kurum oldu\u011fu i\u00e7in de\u011fil fakat en sonda t\u00fcm kurumlar\u0131n i\u015femlerinin yarg\u0131ya ula\u015ft\u0131\u011f\u0131 i\u00e7in&#8230; yarg\u0131 hakem r\u00f6l\u00fcn\u00fc yapar.. Di\u011fer t\u00fcm kurumlar, yolsuzlukla m\u00fccadele tedbirlerini uygulad\u0131klar\u0131nda, hakem rol\u00fc oynamazlar .. Belki de bir vatanda\u015f olarak, o kurumlarda haklar\u0131m\u0131 alamam .. Haklar\u0131 geri getiren yarg\u0131d\u0131r .. ve yolsuzluktan bahsetti\u011fimde bir kurumu su\u00e7lam\u0131yorum .. Bir ki\u015finin b\u00fct\u00fcn bir kurumu su\u00e7lamas\u0131 mant\u0131ks\u0131z. .. Politikas\u0131 yolsuzluk olan bir kurum yok .. herhangi bir kurum toplumun bir par\u00e7as\u0131d\u0131r .. ve toplumda iyi insanlar, iyi olmayan insanlar ve ikisi aras\u0131nda olanlar da vard\u0131r.. ve bunu t\u00fcm kurumlarda g\u00f6r\u00fcyoruz .. Ancak yarg\u0131 alan\u0131nda bu kusur varken etkisi \u00e7ok tehlikelidir ve di\u011fer t\u00fcm kurumlar\u0131 a\u015far &#8230; Bu ba\u011flamda Y\u00fcksek Yarg\u0131 Kurulu g\u00f6revini \u00fcstlenmelidir.. Bu, yarg\u0131 i\u015finin temellerinden herhangi bir sapma, kanunlar\u0131n ihlali veya insanlar\u0131n menfaatlerine zarar gelmesi durumunda cezalarda kat\u0131l\u0131k yoluyla Y\u00fcksek Yarg\u0131 Kurulunun birincil rol\u00fcd\u00fcr. Tabii ki bu, yarg\u0131 i\u015fine hi\u00e7bir \u015fekilde m\u00fcdahale etmek anlam\u0131na gelmez .. Yarg\u0131 \u00e7al\u0131\u015fmas\u0131nda hi\u00e7 kimsenin m\u00fcdahale etme hakk\u0131 yoktur&#8230; Y\u00fcksek Yarg\u0131 Kurulunun i\u015fi, davalar bittikten sonra gelir &#8230; ama rol\u00fc izleme ve hesap verebilirliktir\u201d dedi.<\/p>\n<p><span style=\"color: #0000ff;\">Normal ve elektronik medyay\u0131, s\u00f6ylentilerin yolunu t\u0131kamak i\u00e7in soru\u015fturma ve belgelerle yolsuzluk vakalar\u0131n\u0131 takip etmeye te\u015fvik etmek gerekiyor<\/span><\/p>\n<p>El Esad; \u201cYarg\u0131 yolsuzlukla m\u00fccadelenin temeli ise &#8230; yani son &#8230; ba\u015flang\u0131\u00e7 nerede &#8230; ba\u015flang\u0131\u00e7 sizinle &#8230; kurumlardan &#8230; \u015ea\u015f\u0131rt\u0131c\u0131 g\u00f6r\u00fcnen \u015fey, ge\u00e7mi\u015fte takip edilen davalar\u0131n \u00e7o\u011funun ba\u015flamam\u0131\u015f olmas\u0131 &#8230; ve ilgili kurum taraf\u0131ndan takip edilmemi\u015f olmas\u0131d\u0131r. .. \u0130lgili bakanl\u0131ktan ba\u015flamad\u0131 .. ve bu b\u00fcy\u00fck bir kusurdur .. Yolsuzluk davalar\u0131n\u0131n bakanl\u0131klardan sevk edilmesini bekliyoruz .. Bir\u00e7ok yetkili -benim \u015ferefli bir memur oldu\u011fum ve yanl\u0131\u015f bir i\u015flem yapmad\u0131\u011f\u0131m- ilkesini benimsiyor, Bu do\u011fru .. Ama bu yeterli de\u011fil. &#8230; yolsuzlukla m\u00fccadele, sadece g\u00f6revlinin d\u00fcr\u00fcst oldu\u011fu anlam\u0131na gelmez .. bu, g\u00f6revlinin d\u00fcr\u00fcst oldu\u011fu ve yolsuzlu\u011fun pe\u015finden gidildi\u011fi anlam\u0131na gelir .. Bu genel olarak olmaz.. Umar\u0131m, yolsuzlu\u011fun pe\u015finde aktif olursunuz ve heyecanlanmayacaks\u0131n\u0131z &#8230; olumlu ya da olumsuz .. sonu\u00e7ta yolsuzlukla m\u00fccadele kapsaml\u0131 olmal\u0131 ve tabii ki medya arac\u0131l\u0131\u011f\u0131yla .. medyan\u0131n \u00f6zellikle soru\u015fturma davalar\u0131nda \u00e7ok \u00f6nemli bir rol\u00fc var .. ve burada normal medya ve profesyonel elektronik medyadan bahsediyorum, bir profesyonel dedi\u011fimde, \u00e7\u00fcnk\u00fc baz\u0131lar\u0131 medyay\u0131 genel olarak \u0130nternet ve sosyal a\u011f siteleri ile kar\u0131\u015ft\u0131rd\u0131\u011f\u0131 i\u00e7in &#8230; bu bir medya de\u011fil &#8230; medyan\u0131n belli temelleri var.. S\u00f6ylentilerin ve anlat\u0131lar\u0131n \u00f6n\u00fcn\u00fc t\u0131kamak i\u00e7in normal ve elektronik medyan\u0131n bu t\u00fcr olaylar\u0131 soru\u015fturma ve belgelerle takip etmeye te\u015fvik edilmesi gerekiyor .. Yani mevcut ve \u00f6nceki politikada yolsuzlukla m\u00fccadele &#8230; demir bir el ile vurmakt\u0131r &#8230; ancak bu vuru\u015f sebat ve ak\u0131ll\u0131 olmaya danaymal\u0131d\u0131r.. \u00e7\u00fcnk\u00fc tecr\u00fcbe sahibi ve kanunlarda ve kurumlar\u0131n giri\u015flerdeki bo\u015fluklar\u0131 bilen insanlar taraf\u0131ndan kurulmu\u015ftur..\u201d diye s\u00f6z etti.<\/p>\n<p><span style=\"color: #0000ff;\">H\u0131zl\u0131 Ve Ayn\u0131 Zamanda Geli\u015fmi\u015f Hedeflere Ula\u015fmak \u0130\u00e7in \u00c7ok Say\u0131da Esnek Projeye \u0130htiyac\u0131m\u0131z Var<\/span><\/p>\n<p>\u0130\u015f programlar\u0131 ve mekanizmalar\u0131 konusuna gelince, Cumhurba\u015fkan\u0131 Esad \u015funlar\u0131 s\u00f6yledi: Ge\u00e7ti\u011fimiz g\u00fcnlerde Halk Meclisi \u00f6n\u00fcnde yapt\u0131\u011f\u0131m konu\u015fmada programlar konusunu g\u00fcndeme getirdim .. Programlar i\u00e7in en do\u011fru kelime hangisi projeler i\u00e7in en do\u011fru kelime bilmiyorum .. Se\u00e7imi uzmanlara b\u0131rak\u0131yoruz .. ama program kelimesini kulland\u0131m \u00e7\u00fcnk\u00fc proje \u00e7ok dar ve somut operasyonel bir \u015fey olabilir.. Tedav\u00fclde olan kavram budur.. Bu y\u00fczden, yasalar konusunda b\u00fcy\u00fck sorunlar\u0131m\u0131z oldu\u011funu konu\u015ftu\u011fumuz s\u00fcrece, bu yerde kullanmak i\u00e7in program kelimesini se\u00e7tim.. \u00d6zellikle farkl\u0131 kurum ve mekanizmalar aras\u0131ndaki yetki ve koordinasyon .. \u00dclkede bu kanunlar\u0131n, mevzuat\u0131n ve mekanizmalar\u0131n geli\u015fmesine kadar bu koordinasyonu sa\u011flayacak bir mekanizmaya ihtiyac\u0131m\u0131z var .. \u00d6nceliklerden bahsetti\u011fimize g\u00f6re.. Bu \u00f6ncelikler, belirli sekt\u00f6rlerde h\u0131zl\u0131 ilerleme ve belirli bir zamanda harika sonu\u00e7lar elde etmek i\u00e7in ihtiyac\u0131m\u0131z oldu\u011fu anlam\u0131na geliyor.. \u00d6zellikle devletin g\u00f6revlerinin \u00e7o\u011funda yer alan \u00e7ok say\u0131da kurum oldu\u011fu i\u00e7in .. Birden fazla taraf var .. Ayn\u0131 konuyla ve ayn\u0131 anda ilgilenen birden fazla bakanl\u0131k .. Program, bu hizmeti vermek ve ileriye do\u011fru b\u00fcy\u00fck bir s\u0131\u00e7rama yapmak i\u00e7in t\u00fcm bu taraflar\u0131 tek bir yerde topluyor.. \u00d6rneklerden biri \u201cVatan Yaral\u0131s\u0131\u201d projesidir. Ba\u015flang\u0131\u00e7ta projenin amac\u0131 yaral\u0131lar\u0131n her birinin haklar\u0131n\u0131 kazanmakt\u0131\u2026 yasal sorunlar\u2026 \u00a0ve rutin\u2026 yaral\u0131lar\u0131n her birinin ki\u015fisel ve bireysel haklar\u0131na eri\u015fimde b\u00fcy\u00fck ac\u0131lar\u2026 Proje bu noktada ba\u015flad\u0131 ve daha sonra t\u0131bbi davalar\u0131 tedaviye ge\u00e7ti.. \u0130lk a\u015famada Savunma Bakanl\u0131\u011f\u0131 baz\u0131 kurumlarla birlikte sorumluydu. \u0130kinci a\u015famada bu projeye kat\u0131lan bir dizi t\u0131bbi kuruma geni\u015fledi ve yaral\u0131lar konusuyla ilgilenen t\u00fcm taraflar onun par\u00e7as\u0131 oldu .. ve tek mekanizma ile \u00e7al\u0131\u015fan tek bir proje oldu.. son olarak proje geli\u015fimsel bir y\u00f6n almaya ba\u015flad\u0131 .. ve bu e\u011filim geni\u015f .. fon sa\u011flayan kurumlar var.. mikrofinansla ilgili \u00e7ok say\u0131da kurum var.. \u015fimdi yaral\u0131lara kredi vermek i\u00e7in bu organlara nas\u0131l kat\u0131laca\u011f\u0131m\u0131z\u0131 d\u00fc\u015f\u00fcn\u00fcyoruz.. yaral\u0131lara hibe sunan hibe ile ilgili kurumlar var.. olmal\u0131&#8230; Bu program\u0131 zorlamak i\u00e7in kat\u0131l\u0131yorlar .. s\u00f6z konusu yaral\u0131lar proje y\u00fcr\u00fct\u00fcyor&#8230; Bir k\u0131sm\u0131 veya \u00e7o\u011fu tar\u0131m \u00fczerine.. Bu program\u0131 tar\u0131m programlar\u0131ndan nas\u0131l ay\u0131rabiliriz.. M\u00fcmk\u00fcn de\u011fil.. \u00c7evresi zanaat ortam\u0131 olan b\u00f6lgelerde ya\u015fayan insanlar var, zanaat programlar\u0131 varsa, millet yaral\u0131lar i\u00e7in programa kat\u0131labilirler .. Bir yandan bu, di\u011fer yandan ba\u015fka bir y\u00f6nde d\u00fc\u015f\u00fcn\u00fcrsek.. Milletin yaral\u0131 projesinden bahsetmiyorum ama bir tar\u0131m program\u0131 varsa, belki herhangi bir d\u00fc\u015f\u00fcnce, birimiz yaral\u0131lar i\u00e7in kalk\u0131nma ile ilgili k\u0131sm\u0131 al\u0131p onu tar\u0131m program\u0131n\u0131n, zanaat program\u0131n\u0131n veya end\u00fcstriyel program\u0131n bir par\u00e7as\u0131 haline getirmektir.. Bu nedenle programlar tek bir bi\u00e7imi olmayan \u00e7ok esnek bir fikirdir.. ancak as\u0131l amac\u0131 \u00e7abalar\u0131 tek y\u00f6nde gruplamak ve bu proje veya bu program i\u00e7in hedefleri net bir \u015fekilde tan\u0131mlamakt\u0131r.. mekanizmalar tan\u0131mlan\u0131r.. yetkiler belirlenir.. ve bu nedenle taraflardan biri harekete ge\u00e7medi\u011finde sorumlulu\u011fu \u00fcstlenir. Bug\u00fcn sorunlardan biri, bir taraf\u0131n yetersiz kalmas\u0131d\u0131r, ancak bu sekt\u00f6rle ilgilenen ana taraf, hi\u00e7bir ba\u011flant\u0131 olmad\u0131\u011f\u0131 i\u00e7in sorumlulu\u011fu \u00fcstlenendir.. Program, bu taraflar\u0131 belirli bir y\u00f6ne ba\u011flar .. Diyelim ki co\u011frafi benzerli\u011fe sahip bir b\u00f6lgemiz var.. \u00e7evresel benzerlik.. Tar\u0131mda benzerlik .. \u00dcr\u00fcnlere benzerlik .. Toplumsal karakterlerde benzerlik.. \u00d6rne\u011fin bir tar\u0131m program\u0131 olu\u015fturdu\u011fumuzda.. ve bu b\u00f6lge i\u00e7in end\u00fcstriyel tar\u0131m\u0131 olu\u015fturdu\u011fumuzda, kom\u015fu b\u00f6lgelerdeki ve belki di\u011fer b\u00f6lgelerdeki ve belki de Suriye ekonomisini etkileyecek b\u00fcy\u00fck bir k\u0131r\u0131lma yap\u0131yoruz.. k\u0131rsal \u00fcr\u00fcnlerden bahsederken.. Hayvanc\u0131l\u0131k hakk\u0131nda.. inekler hakk\u0131nda.. s\u00fct hakk\u0131nda konu\u015ftu\u011fumuzda.. ambalajlama fabrikalar\u0131 olmadan s\u00fctten bahsedebilir miyiz.. bu m\u00fcmk\u00fcn de\u011fil.. \u0130lki tar\u0131ma, ikincisi sanayiye tabidir.. Bu t\u00fcr projeleri desteklemek i\u00e7in ortak bir proje yaratan, \u00f6zellikle k\u0131rsal d\u00fczeyde k\u00fc\u00e7\u00fck projeler ve di\u011ferleri.. H\u0131zl\u0131 hedeflere ula\u015fmak ve ayn\u0131 zamanda ilerlemek i\u00e7in \u00e7ok say\u0131da esnek projeye ihtiyac\u0131m\u0131z var.. Yani program, olabilecek mekanizmalardan sadece biri. H\u00fck\u00fcmet, h\u0131zl\u0131 sonu\u00e7lar elde etmek i\u00e7in onu takip ediyor..<\/p>\n<p><span style=\"color: #0000ff;\">\u0130stenen, Tar\u0131ma \u00d6ncelik Vermemiz Ve \u0130lgili \u00c7e\u015fitli Bakanl\u0131klar\u0131n Bu Sekt\u00f6r\u00fc Bir An \u00d6nce \u0130lerletmek \u0130\u00e7in \u0130\u015fbirli\u011fi Yapmas\u0131d\u0131r<\/span><\/p>\n<p>\u00dcretimi s\u00fcbvanse etme konusuna gelince, Cumhurba\u015fkan\u0131 Esad \u015funlar\u0131 s\u00f6yledi: Abluka ile m\u00fccadele etmenin en \u00f6nemli yolunun genel olarak \u00fcretimi desteklemek oldu\u011funu s\u00f6yledik.. Ama Suriye toplumu binlerce y\u0131ll\u0131k bir tar\u0131m toplumu oldu\u011fu i\u00e7in \u00f6nce tar\u0131m\u0131n geldi\u011fi a\u015fikard\u0131r.. tecr\u00fcbe birikimi de mevcuttur. Tar\u0131m alan\u0131nda binlerce y\u0131ldan fazla bir s\u00fcredir.. altyap\u0131 var.. \u00e7evre de tar\u0131msal bir \u00e7evre.. yani \u00e7ok k\u0131sa s\u00fcrede bir\u00e7ok i\u015f f\u0131rsat\u0131na ula\u015fabiliyor ayn\u0131 zamanda da g\u0131da g\u00fcvenli\u011fini sa\u011fl\u0131yoruz.. bu da dayan\u0131kl\u0131l\u0131\u011f\u0131n en \u00f6nemli fakt\u00f6r\u00fcn\u00fc sa\u011flamak anlam\u0131na geliyor.. Ama tar\u0131m konusunda \u00f6nceliklerle ilgili konu\u015faca\u011f\u0131m.. Ay\u0131rmayay\u0131m \u00e7\u00fcnk\u00fc tar\u0131m sekt\u00f6r\u00fc \u00e7ok geni\u015f.. bir sekt\u00f6rden \u00e7ok geni\u015f bir d\u00fcnya.. Tar\u0131mla ilgili stratejik, stratejik olmayan, k\u0131rsal, aile ve k\u0131rsal \u00fcr\u00fcnlerden, i\u015fleri ve kayg\u0131lar\u0131 olan b\u00fct\u00fcnle\u015fik bir toplumdan bahsediyoruz.. Ama bu alanda gerekli olan tar\u0131ma \u00f6ncelik vermemiz ve i\u015fbirli\u011fi yapmam\u0131zd\u0131r. Bir an \u00f6nce bu sekt\u00f6r\u00fc zorlamak i\u00e7in ilgilenen \u00e7e\u015fitli bakanl\u0131klar.. Bu ba\u011flamda tar\u0131m\u0131 destekleyen t\u00fcm end\u00fcstrilere destek vermemiz gerekiyor.. Bu end\u00fcstrilerin bir k\u0131sm\u0131 g\u0131da end\u00fcstrisi olabilir.. bir k\u0131sm\u0131 da \u00fcretim gereksinimleri i\u00e7in end\u00fcstrinin gereksinimleri olabilir.. Hayvansal \u00fcr\u00fcnler i\u00e7in de olabilir.. Ya da \u00f6rne\u011fin mevcut durumumuzda b\u00fcy\u00fck \u00f6nem ta\u015f\u0131yan yem end\u00fcstrisi gibi hayvanc\u0131l\u0131k gereksinimleri ve daha bir\u00e7ok ayr\u0131nt\u0131.. Genel olarak \u00fcretim a\u00e7\u0131s\u0131ndan milli \u00fcr\u00fcn\u00fcn katma de\u011ferini art\u0131ran her end\u00fcstriyi veya hizmeti desteklemeye odaklanmal\u0131y\u0131z. Ba\u015fkalar\u0131na ba\u011f\u0131ml\u0131l\u0131k yerine kendi kendine itimat etmek.. sava\u015f \u00f6ncesi d\u00f6nemde h\u00fck\u00fcm s\u00fcren t\u00fcketim k\u00fclt\u00fcr\u00fc yerine \u00fcretim k\u00fclt\u00fcr\u00fc benimsenmelidir..<br \/>\nBa\u015fkan Esad, di\u011fer \u00f6nemli sekt\u00f6r\u00fcn bili\u015fim sekt\u00f6r\u00fc oldu\u011funu de\u011ferlendirdi .. Bu sekt\u00f6r\u00fcn fazla ithal hammaddeye ihtiyac\u0131 yok .. Temel hammadde ak\u0131ld\u0131r.. Gen\u00e7 beyin.. Yarat\u0131c\u0131.. ve bu sekt\u00f6rde geli\u015fimin kap\u0131lar\u0131 s\u0131n\u0131rs\u0131z geli\u015fmeye ve yarat\u0131c\u0131l\u0131\u011fa a\u00e7\u0131k.. Ablukadan etkilenmez.. \u0130stisnas\u0131z t\u00fcm sekt\u00f6rlerde bili\u015fimin devreye girmesi ile bu sekt\u00f6r geli\u015firse, bunun sonucunda da bili\u015fim sekt\u00f6r\u00fcne paralel olarak \u00e7e\u015fitli sekt\u00f6rlerin geli\u015fmesi demektir. Bu sekt\u00f6r g\u00fcn\u00fcm\u00fczde geli\u015fmektedir, ancak pazardaki ihtiyac\u0131 nedeniyle.. ve net bir strateji veya vizyonla de\u011fil. Bili\u015fim sekt\u00f6r\u00fcne \u00f6zel.. S\u0131n\u0131rl\u0131 kurulu\u015f maliyetleri ve y\u00fcksek katma de\u011feri ile pek \u00e7ok i\u015f f\u0131rsat\u0131 yaratma yetene\u011fine sahip oldu\u011fu i\u00e7in onu nas\u0131l temel bir sekt\u00f6re veya stratejik bir sekt\u00f6re d\u00f6n\u00fc\u015ft\u00fcrebilece\u011fimizi d\u00fc\u015f\u00fcnmemiz \u00e7ok gerekli.. Yani \u00fcretim a\u00e7\u0131s\u0131ndan.. Abluka bizim i\u00e7in \u00e7ok \u015fey \u00f6\u011frenmek ve \u00e7ok \u015fey geli\u015ftirmek i\u00e7in bir f\u0131rsat.. Halk Meclisi \u00f6n\u00fcnde yapt\u0131\u011f\u0131m konu\u015fmamda s\u00f6yledi\u011fim gibi. Hibeye d\u00f6n\u00fc\u015ft\u00fcrebilece\u011fimiz bir \u00e7ile..<\/p>\n<p>Cumhurba\u015fkan\u0131 Esad, di\u011fer \u00f6nemli noktan\u0131n elektronik \u00f6deme oldu\u011funa i\u015faret ederek: \u015eeffafl\u0131k, vergi ka\u00e7ak\u00e7\u0131l\u0131\u011f\u0131, yolsuzluk, liran\u0131n g\u00fcc\u00fc ve di\u011fer adresler gibi ba\u015fl\u0131klar\u0131 bug\u00fcn d\u00fc\u015f\u00fcn\u00fcrsek, bunlar\u0131n hepsi liran\u0131n g\u00fcc\u00fcn\u00fc d\u00f6n\u00fc\u015ft\u00fcrerek liran\u0131n g\u00fcc\u00fcne katk\u0131 sa\u011flayan elektronik \u00f6deme konusuna y\u00f6neliyor. Rastgele kanaldan bankalar\u0131n i\u00e7indeki organize kanala giden lira, devletin veya \u00fclkedeki ilgili kurumlar\u0131n, \u00f6zellikle de mali olan\u0131n, Suriye piyasas\u0131ndaki fon hareketlerini ve harcamalar\u0131 bilmesi, b\u00f6ylelikle de tahsilat\u0131n optimal bir \u015fekilde uygulanabilmesi i\u00e7in tahsilat olanaklar\u0131n\u0131 veya vergi ka\u00e7ak\u00e7\u0131l\u0131\u011f\u0131 olanaklar\u0131n\u0131 daha iyi tan\u0131mas\u0131n\u0131 sa\u011flayan zorunlu \u015feffafl\u0131k yaratmaktad\u0131r.. Ayn\u0131 zamanda \u00e7e\u015fitli yerlerde \u00f6deme s\u00fcre\u00e7lerini kolayla\u015ft\u0131rarak vatanda\u015f\u0131n \u00fczerindeki y\u00fck\u00fc de azalt\u0131yor.. Bu konuyla ilgili mevzuat \u00e7\u0131kar\u0131ld\u0131.. B\u00fcy\u00fck ad\u0131mlar att\u0131k.. Geriye aylar i\u00e7inde gelmesi gereken teknik donan\u0131m kal\u0131yor.. Geriye kalan ise ekonomiye h\u0131zl\u0131 sonu\u00e7 vermesi i\u00e7in bu projeye destek olmak..<\/p>\n<p><span style=\"color: #0000ff;\">Suriye Medyas\u0131 Zor Ko\u015fullarda \u0130yi Bir Hamle Yapt\u0131, Teredd\u00fct Etmeden Dengesizlik Alanlar\u0131n\u0131 Takip Etmeye Devam Etmek Onlar\u0131n, Cevap Vermek De Yetkililerin G\u00f6revidir<\/span><\/p>\n<p>Suriye medyas\u0131yla ilgili olarak Cumhurba\u015fkan\u0131 Esad \u015funlar\u0131 s\u00f6yledi: Suriye medyas\u0131 zor ko\u015fullarda iyi bir hamle yapt\u0131.. bug\u00fcn de dengesizlik alanlar\u0131n\u0131 teredd\u00fct etmeden s\u00fcrd\u00fcrmek onun g\u00f6revidir.. kar\u015f\u0131l\u0131k vermek de yetkililerin g\u00f6revidir.. e\u011fer bir r\u00f6portaj veya a\u00e7\u0131klama.. veya bilgiyi bir \u015fekilde iletmek. Medya ofisleri arac\u0131l\u0131\u011f\u0131yla, medyayla etkile\u015fime girmenin ve bilgi aktarman\u0131n farkl\u0131 yollar\u0131 vard\u0131r.. Suriye medyas\u0131nda vatanda\u015flar, uzmanlar veya yetkililerle diyalog \u00e7emberini geni\u015fletmek gerekir. Bu, diyalog ve bilgi d\u00fczeyini y\u00fckseltir.. \u00d6zellikle diyalo\u011fu sadece devlet kurumlar\u0131 ile s\u0131n\u0131rland\u0131rd\u0131\u011f\u0131m\u0131zda, s\u0131n\u0131rl\u0131 gruplar aras\u0131nda diyalog yoluyla ortaya \u00e7\u0131kan dar vizyonlar yerine, Suriye toplumunda hepimizin sorunlara daha geni\u015f bir vizyonla \u00e7\u00f6z\u00fcm bulma yetene\u011fini art\u0131r\u0131yor. H\u00fck\u00fcmet, etkin rol\u00fcn\u00fc \u00fcstlenmek ve onun yerine ba\u015far\u0131y\u0131 garantileyen t\u00fcm unsurlar\u0131 elde etmek i\u00e7in medyay\u0131 desteklemelidir. Engellemeden.. \u00e7\u00fcnk\u00fc sorun ortaya koymak g\u00f6revlinin deste\u011fidir, ona kar\u015f\u0131 bir sald\u0131r\u0131 de\u011fil.. ona yard\u0131md\u0131r.. \u0130nsanlar sorunlar\u0131 g\u00f6r\u00fcyor, \u00f6yleyse sorun nerede, bu sorunu medyada g\u00f6rmemiz gerekiyor.. Aksine, bir yard\u0131m ve g\u00f6revlinin kendi bak\u0131\u015f a\u00e7\u0131s\u0131n\u0131 savunmas\u0131 ve bu bak\u0131\u015f a\u00e7\u0131s\u0131n\u0131 anlatmas\u0131 i\u00e7in bir platformdur.. Ve bu sorunu \u00e7evreleyen \u015fartlar.. Medya ba\u011flam\u0131nda, yetkili ve vatanda\u015f aras\u0131nda her zaman sorun ya\u015fad\u0131\u011f\u0131m\u0131z, ileti\u015fim sorunu olan ileti\u015fim sorunu var.. yetersizlik veya isteksizlik nedeniyle.. \u015eeffafl\u0131k veya \u015feffafl\u0131k terimini anlamada sorun var.. \u0130leti\u015fim sorunu yetenekle ilgili olabilir. Bu ki\u015fi ileti\u015fimden sorumludur ve bu yetenek, b\u00fcy\u00fcd\u00fc\u011f\u00fc ortamdan ve belki de sahip oldu\u011fu yetenekten kaynaklanmaktad\u0131r.. Bu do\u011fru ve sorumlu olmad\u0131\u011f\u0131 zaman ileti\u015fim kuramamas\u0131nda bir sorun yoktur.. Ama memur oldu\u011funda bunu yapmak i\u00e7in bir yol aramal\u0131d\u0131r.. Ben de bir ki\u015finin \u015feffaf ve spontan olmas\u0131n\u0131n en kolay yolu diyorum.. Konu provalara ya da kurslara ihtiya\u00e7 duymaz.. Daha ziyade kendili\u011findenli\u011fe ihtiya\u00e7 duyar.. G\u00f6revlinin ne d\u00fc\u015f\u00fcnd\u00fc\u011f\u00fcne dair bir a\u00e7\u0131klama.. Sebepleri nelerdir.. Bir \u015fekilde etraf\u0131n\u0131 saran her \u015fey \u015eeffaf ve spontane.. ve inan\u0131yorum ki vatanda\u015f\u0131 anlayacakt\u0131r.. ama ondan anlamas\u0131n\u0131 isteyemeyiz, ona a\u00e7\u0131klama yapmay\u0131z, ona veri vermeyiz.. Bilgi vermedi\u011fimizde vatanda\u015f dedikodulara konu olacak.. Resmi medyan\u0131n kullan\u0131lmas\u0131 da \u00e7ok gerekli.. Resmi medyay\u0131 kulland\u0131\u011f\u0131m\u0131zda do\u011fru ve d\u00fcr\u00fcst bilgiyi iletmek i\u00e7in medyay\u0131 bilgi i\u00e7in g\u00fcvenilir bir referansa d\u00f6n\u00fc\u015ft\u00fcr\u00fcyoruz. B\u00f6ylelikle internet kaosuna giden yolu kesmi\u015f oluyoruz.. ve bu arada bu karma\u015fa do\u011fal bir \u015fey \u00e7\u00fcnk\u00fc internet belirli bir partiye ba\u011fl\u0131 bir kurum de\u011fil.. kim istedi\u011fini s\u00f6ylese de vatanda\u015f her zaman g\u00fcvendi\u011fi bir taraf\u0131 ondan bilgi almak i\u00e7in ar\u0131yor.. Ve bu y\u00f6ndeki giri\u015fimimiz de budur. Bu kaosa giden yolu t\u0131kayanlar ve bu kaosun olumsuzluklar\u0131.. Her bakanl\u0131\u011f\u0131n sunulanlar\u0131 g\u00fcnl\u00fck olarak izleyebilen bas\u0131n b\u00fcrolar\u0131 vard\u0131r.. H\u0131zl\u0131 ve acil cevap verilmesi gereken \u015feyler olabilir.. konunun \u00f6nemine g\u00f6re.. biriken \u015feyler olabilir. Yan\u0131t ise, bir medya a\u00e7\u0131klamas\u0131yla veya bir yetkilinin bir a\u00e7\u0131klamada g\u00f6r\u00fcnmesi veya bir televizyon r\u00f6portaj\u0131 veya ba\u015fka bir yolla gelebilir. Medya geni\u015f ve bir\u00e7ok y\u00f6ntemi var.. \u00d6nemli olan bu y\u00f6n\u00fc ba\u015flatmam\u0131zd\u0131r.. Usulle ilgili konularla ilgili ileti\u015fimin ba\u015fka bir y\u00f6n\u00fc var.. Bir \u00e7ok yurtta\u015f\u0131n kurumlardan birinde belirli bir i\u015fi veya belirli bir prosed\u00fcr\u00fc oldu\u011fu g\u00f6ze \u00e7arpmaktad\u0131r.. ve kendisinden neyin gerekli oldu\u011funu \u00f6\u011frenmek i\u00e7in, kendisine prosed\u00fcrleri sormak i\u00e7in eyalette \u00e7al\u0131\u015fan bir arkada\u015f\u0131n\u0131 aramak zorundad\u0131r.. ve bu arkada\u015fa ula\u015famayabilir.. bu y\u00fczden devlette mevcut memur arkada\u015f\u0131 olan bir arkada\u015f\u0131n\u0131 arar.. Her kurumun bir web sitesi vard\u0131r.. Neden b\u00fct\u00fcn bu prosed\u00fcrleri \u00fczerine koymuyoruz\u2026 Neden vatanda\u015fla ileti\u015fim i\u00e7in bu platform olmas\u0131n\u2026 Bu sitelere gidip yetkililerin haberlerini g\u00f6r\u00fcyoruz.. Ger\u00e7ek \u015fu ki hepimiz yan\u0131n\u0131zday\u0131z.. Vatanda\u015f haberlerimizi \u00f6nemsemiyor.. Vatanda\u015f kararlar\u0131m\u0131z\u0131 \u00f6nemsiyor.. O halde onunla ileti\u015fim kurmak ve i\u015fleri onun i\u00e7in kolayla\u015ft\u0131rmak i\u00e7in bu platformlar\u0131 kullanal\u0131m.. Bu basit bir prosed\u00fcr \u00f6rne\u011fidir.. Ama m\u00fctekerrir ve s\u00fcrekli olarak g\u00f6rd\u00fc\u011f\u00fcm\u00fcz sorunlardan biridir.<\/p>\n<p>Toplant\u0131n\u0131n sonunda Cumhurba\u015fkan\u0131 Esad: Bir tak\u0131m noktalar\u0131 h\u0131zl\u0131 bir \u015fekilde ge\u00e7tim.. Her bakanl\u0131k \u00f6nemli bir bakanl\u0131kt\u0131r ve her bakanl\u0131\u011f\u0131n pek \u00e7ok sorunu vard\u0131r.. Asl\u0131nda devlette \u00e7ok say\u0131da i\u015f\u00e7i vard\u0131r.. uzak olanlar ve yak\u0131n olanlar belki de arkada\u015flar.. herkes ge\u00e7ti\u011fimiz birka\u00e7 g\u00fcn boyunca bana h\u00fck\u00fcmetle konu\u015fmak i\u00e7in bir\u00e7ok fikir g\u00f6nderdi.. Ger\u00e7ek \u00f6nemli fikirler, ancak tek seansta g\u00fcndeme getirilemez.. zaman zaman oldu\u011fu gibi sekt\u00f6rel oturumlar olabilir.. Bu, dedi\u011fim gibi, buzda\u011f\u0131n\u0131n g\u00f6r\u00fcnen k\u0131sm\u0131.. Hepimiz bug\u00fcnk\u00fc yeteneklerin sava\u015ftan \u00f6nceki imkanlarla ayn\u0131 olmad\u0131\u011f\u0131n\u0131 biliyoruz.. Lakin bu, ilerlemek i\u00e7in kabiliyetlerin mevcut olmad\u0131\u011f\u0131 anlam\u0131na gelmez.. ama onlar\u0131 yo\u011fun \u00e7aba sarf etmeden elde edemeyece\u011fiz.. abluka \u015f\u00fcphesiz etkili.. ama etkisi mutlak de\u011fil.. baz\u0131 alanlarda di\u011ferlerinden daha fazla etkiliyor.. Ablukan\u0131n daha az oldu\u011fu yerlerde, daha h\u0131zl\u0131 hareket etmemiz ve bu sekt\u00f6rlerden yararlanmam\u0131z gerekiyor.<\/p>\n<p><span style=\"color: #0000ff;\">Bir Yetkilinin \u0130\u015fteki Ba\u015far\u0131s\u0131n\u0131n Temeli Samimiyettir, Al\u00e7akg\u00f6n\u00fcll\u00fcl\u00fck De Herhangi Bir Yetkilinin \u0130nsanlar\u0131n Sevgisini Ve Deste\u011fini Elde Etmesinin En \u00d6nemli Yoludur<\/span><\/p>\n<p>Cumhurba\u015fkan\u0131 Esad, yetkilinin i\u015fteki ba\u015far\u0131s\u0131n\u0131n temelinin samimiyet oldu\u011funu d\u00fc\u015f\u00fcnerek: Hatalardan korkmay\u0131n \u00e7\u00fcnk\u00fc hatalar insan do\u011fas\u0131n\u0131n bir par\u00e7as\u0131d\u0131r.. Hepimiz biliyoruz ki \u00e7al\u0131\u015fan hata yapar, \u00e7al\u0131\u015fmayan da hata yapmaz.. Hatalardan korkmamal\u0131y\u0131z.. Hepimiz her g\u00fcn hata yapar\u0131z. Bu memlekette her memur gibi ben de hatalar yap\u0131yorum.. ve vatanda\u015f, bu memurun samimi oldu\u011funu bildi\u011finde hatalar\u0131 tolere ediyor.. bu hatay\u0131 d\u00fczeltmeye \u00e7al\u0131\u015ft\u0131\u011f\u0131n\u0131 ve bu bir geli\u015fme oldu\u011funu bildi\u011finde, bu bizim bununla biriktirdi\u011fimiz ve kendimizi geli\u015ftirdi\u011fimiz bilgidir.. Yarat\u0131c\u0131l\u0131\u011f\u0131m\u0131z, hatay\u0131 g\u00f6rme yetene\u011fimizdedir. daha sonra da d\u00fczeltme yetene\u011fimizde.. Tevazu, aran\u0131zdaki herhangi bir memur i\u00e7in insanlar\u0131n sevgisini ve deste\u011fini elde etmenin en \u00f6nemli yoludur.. Al\u00e7akg\u00f6n\u00fcll\u00fcl\u00fck sadece insanlara yak\u0131n ya\u015fad\u0131\u011f\u0131m\u0131z anlam\u0131na gelmez.. sadece onlar\u0131 baz\u0131 davran\u0131\u015flarla k\u0131\u015fk\u0131rtmad\u0131\u011f\u0131m\u0131z anlam\u0131na da gelmez.. ayn\u0131 zamanda g\u00f6r\u00fc\u015fe de sayg\u0131 duyar\u0131z.. Bu, sadece kabul etti\u011fim anlam\u0131na gelmez. Daha ziyade, ayn\u0131 fikirde olmad\u0131\u011f\u0131m ki\u015fiye de.. Do\u011fru oldu\u011funu d\u00fc\u015f\u00fcnd\u00fc\u011f\u00fcm fikre sayg\u0131 duyuyorum .. kendi bak\u0131\u015f a\u00e7\u0131mdan yanl\u0131\u015f g\u00f6rd\u00fc\u011f\u00fcm fikrine de.. \u00c7\u00fcnk\u00fc fikirlerin \u00f6nemi, do\u011fru ve yanl\u0131\u015f de\u011fil, sadece sunarak ve tart\u0131\u015farak, \u00e7\u00fcnk\u00fc zihin bir kas gibidir ve egzersiz yapmadan b\u00fcy\u00fcyemez.. ak\u0131l egzersizli\u011fi, sa\u011fl\u0131kl\u0131 d\u00fc\u015f\u00fcnmeye yol a\u00e7an insanlarla tart\u0131\u015fma, diyalog ve etkile\u015fimdir.. En nihayetinde hepinize \u00fclkenize hizmette ba\u015far\u0131lar diliyorum ve te\u015fekk\u00fcr ediyorum.<\/p>\n<p><em>\u00a0<\/em>\u00c7eviri: P.M. ve S.S<\/p>\n<p><iframe loading=\"lazy\" src=\"https:\/\/www.youtube.com\/embed\/N9nn6thCyOA\" width=\"620\" height=\"347\" frameborder=\"0\" allowfullscreen=\"allowfullscreen\"><\/iframe><br \/>\n<iframe loading=\"lazy\" src=\"https:\/\/www.youtube.com\/embed\/FdHiQgcGzb8\" width=\"620\" height=\"347\" frameborder=\"0\" allowfullscreen=\"allowfullscreen\"><\/iframe><br \/>\n<iframe loading=\"lazy\" src=\"https:\/\/www.youtube.com\/embed\/n-sx7iJBrxg\" width=\"620\" height=\"347\" frameborder=\"0\" allowfullscreen=\"allowfullscreen\"><\/iframe><br \/>\n<iframe loading=\"lazy\" src=\"https:\/\/www.youtube.com\/embed\/yi6tK9-_q2I\" width=\"620\" height=\"347\" frameborder=\"0\" allowfullscreen=\"allowfullscreen\"><\/iframe><\/p>\n<div id='gallery-1' class='gallery galleryid-217214 gallery-columns-1 gallery-size-full'><figure class='gallery-item'>\n\t\t\t<div class='gallery-icon landscape'>\n\t\t\t\t<a href='https:\/\/archive.sana.sy\/tr\/wp-content\/uploads\/2020\/09\/1-39.jpg'><img loading=\"lazy\" decoding=\"async\" width=\"660\" height=\"411\" src=\"https:\/\/archive.sana.sy\/tr\/wp-content\/uploads\/2020\/09\/1-39.jpg\" class=\"attachment-full size-full\" alt=\"\" srcset=\"https:\/\/archive.sana.sy\/tr\/wp-content\/uploads\/2020\/09\/1-39.jpg 660w, https:\/\/archive.sana.sy\/tr\/wp-content\/uploads\/2020\/09\/1-39-300x187.jpg 300w, https:\/\/archive.sana.sy\/tr\/wp-content\/uploads\/2020\/09\/1-39-150x93.jpg 150w\" sizes=\"auto, (max-width: 660px) 100vw, 660px\" \/><\/a>\n\t\t\t<\/div><\/figure><figure class='gallery-item'>\n\t\t\t<div class='gallery-icon landscape'>\n\t\t\t\t<a href='https:\/\/archive.sana.sy\/tr\/wp-content\/uploads\/2020\/09\/2-20.jpg'><img loading=\"lazy\" decoding=\"async\" width=\"660\" height=\"419\" src=\"https:\/\/archive.sana.sy\/tr\/wp-content\/uploads\/2020\/09\/2-20.jpg\" class=\"attachment-full size-full\" alt=\"\" srcset=\"https:\/\/archive.sana.sy\/tr\/wp-content\/uploads\/2020\/09\/2-20.jpg 660w, https:\/\/archive.sana.sy\/tr\/wp-content\/uploads\/2020\/09\/2-20-300x190.jpg 300w, https:\/\/archive.sana.sy\/tr\/wp-content\/uploads\/2020\/09\/2-20-150x95.jpg 150w\" sizes=\"auto, (max-width: 660px) 100vw, 660px\" \/><\/a>\n\t\t\t<\/div><\/figure><figure class='gallery-item'>\n\t\t\t<div class='gallery-icon landscape'>\n\t\t\t\t<a href='https:\/\/archive.sana.sy\/tr\/wp-content\/uploads\/2020\/09\/3-23.jpg'><img loading=\"lazy\" decoding=\"async\" width=\"660\" height=\"428\" src=\"https:\/\/archive.sana.sy\/tr\/wp-content\/uploads\/2020\/09\/3-23.jpg\" class=\"attachment-full size-full\" alt=\"\" srcset=\"https:\/\/archive.sana.sy\/tr\/wp-content\/uploads\/2020\/09\/3-23.jpg 660w, https:\/\/archive.sana.sy\/tr\/wp-content\/uploads\/2020\/09\/3-23-300x195.jpg 300w, https:\/\/archive.sana.sy\/tr\/wp-content\/uploads\/2020\/09\/3-23-150x97.jpg 150w\" sizes=\"auto, (max-width: 660px) 100vw, 660px\" \/><\/a>\n\t\t\t<\/div><\/figure><figure class='gallery-item'>\n\t\t\t<div class='gallery-icon landscape'>\n\t\t\t\t<a href='https:\/\/archive.sana.sy\/tr\/wp-content\/uploads\/2020\/09\/4-18.jpg'><img loading=\"lazy\" decoding=\"async\" width=\"660\" height=\"441\" src=\"https:\/\/archive.sana.sy\/tr\/wp-content\/uploads\/2020\/09\/4-18.jpg\" class=\"attachment-full size-full\" alt=\"\" srcset=\"https:\/\/archive.sana.sy\/tr\/wp-content\/uploads\/2020\/09\/4-18.jpg 660w, https:\/\/archive.sana.sy\/tr\/wp-content\/uploads\/2020\/09\/4-18-300x200.jpg 300w, https:\/\/archive.sana.sy\/tr\/wp-content\/uploads\/2020\/09\/4-18-150x100.jpg 150w, https:\/\/archive.sana.sy\/tr\/wp-content\/uploads\/2020\/09\/4-18-110x75.jpg 110w\" sizes=\"auto, (max-width: 660px) 100vw, 660px\" \/><\/a>\n\t\t\t<\/div><\/figure><figure class='gallery-item'>\n\t\t\t<div class='gallery-icon landscape'>\n\t\t\t\t<a href='https:\/\/archive.sana.sy\/tr\/wp-content\/uploads\/2020\/09\/5-15.jpg'><img loading=\"lazy\" decoding=\"async\" width=\"660\" height=\"454\" src=\"https:\/\/archive.sana.sy\/tr\/wp-content\/uploads\/2020\/09\/5-15.jpg\" class=\"attachment-full size-full\" alt=\"\" srcset=\"https:\/\/archive.sana.sy\/tr\/wp-content\/uploads\/2020\/09\/5-15.jpg 660w, https:\/\/archive.sana.sy\/tr\/wp-content\/uploads\/2020\/09\/5-15-300x206.jpg 300w, https:\/\/archive.sana.sy\/tr\/wp-content\/uploads\/2020\/09\/5-15-150x103.jpg 150w, https:\/\/archive.sana.sy\/tr\/wp-content\/uploads\/2020\/09\/5-15-110x75.jpg 110w\" sizes=\"auto, (max-width: 660px) 100vw, 660px\" \/><\/a>\n\t\t\t<\/div><\/figure><figure class='gallery-item'>\n\t\t\t<div class='gallery-icon portrait'>\n\t\t\t\t<a href='https:\/\/archive.sana.sy\/tr\/wp-content\/uploads\/2020\/09\/6-15.jpg'><img loading=\"lazy\" decoding=\"async\" width=\"660\" height=\"990\" src=\"https:\/\/archive.sana.sy\/tr\/wp-content\/uploads\/2020\/09\/6-15.jpg\" class=\"attachment-full size-full\" alt=\"\" srcset=\"https:\/\/archive.sana.sy\/tr\/wp-content\/uploads\/2020\/09\/6-15.jpg 660w, https:\/\/archive.sana.sy\/tr\/wp-content\/uploads\/2020\/09\/6-15-200x300.jpg 200w, https:\/\/archive.sana.sy\/tr\/wp-content\/uploads\/2020\/09\/6-15-100x150.jpg 100w\" sizes=\"auto, (max-width: 660px) 100vw, 660px\" \/><\/a>\n\t\t\t<\/div><\/figure>\n\t\t<\/div>\n\n<p>&nbsp;<\/p>\n","protected":false},"excerpt":{"rendered":"<p>\u015eAM \u2013 Ba\u015fbakan H\u00fcseyin Arnus\u2019un ba\u015fkanl\u0131\u011f\u0131ndaki yeni kabine \u00fcyeleri bug\u00fcn Cumhurba\u015fkan\u0131 Be\u015far el Esad\u2019\u0131n \u00f6n\u00fcnde anayasal yemin ettiler. Yemin t\u00f6reni ard\u0131ndan yeni kabinenin ba\u015fkanl\u0131k etti\u011fi ilk toplant\u0131s\u0131nda Cumhurba\u015fkan\u0131 el Esad: Yeni h\u00fck\u00fcmet, yeni fikirlere sahip yeni \u00fcyeler ve yenilenmi\u015f fikirlere sahip eski \u00fcyeler anlam\u0131na geldi\u011fini ifade ederken, bunun, \u00f6ncekilerin ayr\u0131lmas\u0131 veya par\u00e7alanmas\u0131 veya torpillenmesi anlam\u0131na &hellip;<\/p>\n","protected":false},"author":1,"featured_media":217215,"comment_status":"closed","ping_status":"closed","sticky":false,"template":"","format":"standard","meta":{"footnotes":""},"categories":[596,479,609,605,17988,478],"tags":[],"class_list":["post-217214","post","type-post","status-publish","format-standard","has-post-thumbnail","","category-fotografli-raporlar","category-haberler-yerel","category-konusmalar","category-sayin-cumhurbaskani","category-son-haberler","category-yerel"],"_links":{"self":[{"href":"https:\/\/archive.sana.sy\/tr\/index.php?rest_route=\/wp\/v2\/posts\/217214","targetHints":{"allow":["GET"]}}],"collection":[{"href":"https:\/\/archive.sana.sy\/tr\/index.php?rest_route=\/wp\/v2\/posts"}],"about":[{"href":"https:\/\/archive.sana.sy\/tr\/index.php?rest_route=\/wp\/v2\/types\/post"}],"author":[{"embeddable":true,"href":"https:\/\/archive.sana.sy\/tr\/index.php?rest_route=\/wp\/v2\/users\/1"}],"replies":[{"embeddable":true,"href":"https:\/\/archive.sana.sy\/tr\/index.php?rest_route=%2Fwp%2Fv2%2Fcomments&post=217214"}],"version-history":[{"count":0,"href":"https:\/\/archive.sana.sy\/tr\/index.php?rest_route=\/wp\/v2\/posts\/217214\/revisions"}],"wp:featuredmedia":[{"embeddable":true,"href":"https:\/\/archive.sana.sy\/tr\/index.php?rest_route=\/wp\/v2\/media\/217215"}],"wp:attachment":[{"href":"https:\/\/archive.sana.sy\/tr\/index.php?rest_route=%2Fwp%2Fv2%2Fmedia&parent=217214"}],"wp:term":[{"taxonomy":"category","embeddable":true,"href":"https:\/\/archive.sana.sy\/tr\/index.php?rest_route=%2Fwp%2Fv2%2Fcategories&post=217214"},{"taxonomy":"post_tag","embeddable":true,"href":"https:\/\/archive.sana.sy\/tr\/index.php?rest_route=%2Fwp%2Fv2%2Ftags&post=217214"}],"curies":[{"name":"wp","href":"https:\/\/api.w.org\/{rel}","templated":true}]}}