{"id":217519,"date":"2020-09-07T12:46:58","date_gmt":"2020-09-07T09:46:58","guid":{"rendered":"http:\/\/www.sana.sy\/tr\/?p=217519"},"modified":"2020-09-08T10:22:32","modified_gmt":"2020-09-08T07:22:32","slug":"itfaiye-ekipleri-hama-kirsalinin-kuzeybatisinda-el-mutille-orman-alanlarinda-cikan-buyuk-yangini-sordurmeye-yonelik-cabalari-surduruyor","status":"publish","type":"post","link":"https:\/\/archive.sana.sy\/tr\/?p=217519","title":{"rendered":"\u0130tfaiye ekipleri Hama k\u0131rsal\u0131n\u0131n kuzeybat\u0131s\u0131nda bulunan Nubbul el Hatib B\u00f6lgesindeki orman alanlar\u0131nda \u00e7\u0131kan b\u00fcy\u00fck yang\u0131n\u0131 s\u00f6nd\u00fcrmeye y\u00f6nelik \u00e7abalar\u0131 s\u00fcrd\u00fcr\u00fcyor"},"content":{"rendered":"<p>\u0130tfaiye ekipleri Hama k\u0131rsal\u0131n\u0131n kuzeybat\u0131s\u0131nda bulunan Nubbul el Hatib B\u00f6lgesindeki orman alanlar\u0131nda \u00e7\u0131kan b\u00fcy\u00fck yang\u0131n\u0131 s\u00f6nd\u00fcrmeye y\u00f6nelik \u00e7abalar\u0131 s\u00fcrd\u00fcr\u00fcyor<br \/>\n<iframe loading=\"lazy\" src=\"https:\/\/www.youtube.com\/embed\/X2ovlwfAcYo\" width=\"620\" height=\"347\" frameborder=\"0\" allowfullscreen=\"allowfullscreen\"><\/iframe><\/p>\n","protected":false},"excerpt":{"rendered":"<p>\u0130tfaiye ekipleri Hama k\u0131rsal\u0131n\u0131n kuzeybat\u0131s\u0131nda bulunan Nubbul el Hatib B\u00f6lgesindeki orman alanlar\u0131nda \u00e7\u0131kan b\u00fcy\u00fck yang\u0131n\u0131 s\u00f6nd\u00fcrmeye y\u00f6nelik \u00e7abalar\u0131 s\u00fcrd\u00fcr\u00fcyor<\/p>\n","protected":false},"author":1,"featured_media":217520,"comment_status":"closed","ping_status":"closed","sticky":false,"template":"","format":"standard","meta":{"footnotes":""},"categories":[18295],"tags":[],"class_list":["post-217519","post","type-post","status-publish","format-standard","has-post-thumbnail","","category-sana-video"],"_links":{"self":[{"href":"https:\/\/archive.sana.sy\/tr\/index.php?rest_route=\/wp\/v2\/posts\/217519","targetHints":{"allow":["GET"]}}],"collection":[{"href":"https:\/\/archive.sana.sy\/tr\/index.php?rest_route=\/wp\/v2\/posts"}],"about":[{"href":"https:\/\/archive.sana.sy\/tr\/index.php?rest_route=\/wp\/v2\/types\/post"}],"author":[{"embeddable":true,"href":"https:\/\/archive.sana.sy\/tr\/index.php?rest_route=\/wp\/v2\/users\/1"}],"replies":[{"embeddable":true,"href":"https:\/\/archive.sana.sy\/tr\/index.php?rest_route=%2Fwp%2Fv2%2Fcomments&post=217519"}],"version-history":[{"count":0,"href":"https:\/\/archive.sana.sy\/tr\/index.php?rest_route=\/wp\/v2\/posts\/217519\/revisions"}],"wp:featuredmedia":[{"embeddable":true,"href":"https:\/\/archive.sana.sy\/tr\/index.php?rest_route=\/wp\/v2\/media\/217520"}],"wp:attachment":[{"href":"https:\/\/archive.sana.sy\/tr\/index.php?rest_route=%2Fwp%2Fv2%2Fmedia&parent=217519"}],"wp:term":[{"taxonomy":"category","embeddable":true,"href":"https:\/\/archive.sana.sy\/tr\/index.php?rest_route=%2Fwp%2Fv2%2Fcategories&post=217519"},{"taxonomy":"post_tag","embeddable":true,"href":"https:\/\/archive.sana.sy\/tr\/index.php?rest_route=%2Fwp%2Fv2%2Ftags&post=217519"}],"curies":[{"name":"wp","href":"https:\/\/api.w.org\/{rel}","templated":true}]}}