{"id":217522,"date":"2020-09-07T13:38:58","date_gmt":"2020-09-07T10:38:58","guid":{"rendered":"http:\/\/www.sana.sy\/tr\/?p=217522"},"modified":"2020-09-08T10:30:13","modified_gmt":"2020-09-08T07:30:13","slug":"rusya-disisleri-bakani-sergey-lavrov-sama-ulasti","status":"publish","type":"post","link":"https:\/\/archive.sana.sy\/tr\/?p=217522","title":{"rendered":"Rusya D\u0131\u015fi\u015fleri Bakan\u0131 Sergey Lavrov \u015eam&#8217;a Ula\u015ft\u0131 (V\u0130DEO)"},"content":{"rendered":"<p>\u015eAM \u2013 Rusya D\u0131\u015fi\u015fleri Bakan\u0131 Sergey Lavrov bug\u00fcn \u015eam\u2019a ula\u015ft\u0131.<\/p>\n<p>Uluslararas\u0131 \u015eam Havaalan\u0131nda Rusya D\u0131\u015fi\u015fleri Bakan\u0131na D\u0131\u015fi\u015fleri ve Gurbet\u00e7iler Bakan Yard\u0131mc\u0131s\u0131 Ayman Sosan ve bakanl\u0131\u011f\u0131n \u00fcst d\u00fczey yetkilileri ve Rusya\u2019n\u0131n \u015eam b\u00fcy\u00fckel\u00e7isi Alexsander Yefimof kar\u015f\u0131lad\u0131.<\/p>\n<p>\u015eam&#8217;a ula\u015fan bug\u00fcnk\u00fc Rus heyetinde Rusya D\u0131\u015fi\u015fleri Bakanl\u0131\u011f\u0131 S\u00f6zc\u00fcs\u00fc Maria Zakharova da bulunuyor.<\/p>\n<p>D\u0131\u015fi\u015fleri ve Gurbet\u00e7iler Bakan\u0131 Velid el Muallim bug\u00fcn daha sonraki saatlerinde Rusya Ba\u015fbakan Yard\u0131mc\u0131s\u0131 Yuri Borisov ve D\u0131\u015fi\u015fleri Bakan\u0131 Sergey Lavrov ile bas\u0131n toplant\u0131da bulunacaklar.<\/p>\n<p>\u015eam&#8217;da bulunan Rus heyetler Suriye ve Rusya aras\u0131nda farkl\u0131 alanlardaki i\u015fbirli\u011fiyle ilgili meseleleri tart\u0131\u015f\u0131yor.<\/p>\n<p>\u00c7eviri: P.M.<\/p>\n<p><iframe loading=\"lazy\" src=\"https:\/\/www.youtube.com\/embed\/Z8kdiSkrZ0U\" width=\"620\" height=\"347\" frameborder=\"0\" allowfullscreen=\"allowfullscreen\"><\/iframe><\/p>\n<div id='gallery-1' class='gallery galleryid-217522 gallery-columns-1 gallery-size-full'><figure class='gallery-item'>\n\t\t\t<div class='gallery-icon landscape'>\n\t\t\t\t<a href='https:\/\/archive.sana.sy\/tr\/wp-content\/uploads\/2020\/09\/WAS3205.jpg'><img loading=\"lazy\" decoding=\"async\" width=\"800\" height=\"494\" src=\"https:\/\/archive.sana.sy\/tr\/wp-content\/uploads\/2020\/09\/WAS3205.jpg\" class=\"attachment-full size-full\" alt=\"\" srcset=\"https:\/\/archive.sana.sy\/tr\/wp-content\/uploads\/2020\/09\/WAS3205.jpg 800w, https:\/\/archive.sana.sy\/tr\/wp-content\/uploads\/2020\/09\/WAS3205-300x185.jpg 300w, https:\/\/archive.sana.sy\/tr\/wp-content\/uploads\/2020\/09\/WAS3205-150x93.jpg 150w, https:\/\/archive.sana.sy\/tr\/wp-content\/uploads\/2020\/09\/WAS3205-768x474.jpg 768w\" sizes=\"auto, (max-width: 800px) 100vw, 800px\" \/><\/a>\n\t\t\t<\/div><\/figure><figure class='gallery-item'>\n\t\t\t<div class='gallery-icon landscape'>\n\t\t\t\t<a href='https:\/\/archive.sana.sy\/tr\/wp-content\/uploads\/2020\/09\/01.jpg'><img loading=\"lazy\" decoding=\"async\" width=\"886\" height=\"537\" src=\"https:\/\/archive.sana.sy\/tr\/wp-content\/uploads\/2020\/09\/01.jpg\" class=\"attachment-full size-full\" alt=\"\" srcset=\"https:\/\/archive.sana.sy\/tr\/wp-content\/uploads\/2020\/09\/01.jpg 886w, https:\/\/archive.sana.sy\/tr\/wp-content\/uploads\/2020\/09\/01-300x182.jpg 300w, https:\/\/archive.sana.sy\/tr\/wp-content\/uploads\/2020\/09\/01-150x91.jpg 150w, https:\/\/archive.sana.sy\/tr\/wp-content\/uploads\/2020\/09\/01-768x465.jpg 768w\" sizes=\"auto, (max-width: 886px) 100vw, 886px\" \/><\/a>\n\t\t\t<\/div><\/figure><figure class='gallery-item'>\n\t\t\t<div class='gallery-icon landscape'>\n\t\t\t\t<a href='https:\/\/archive.sana.sy\/tr\/wp-content\/uploads\/2020\/09\/02.jpg'><img loading=\"lazy\" decoding=\"async\" width=\"886\" height=\"575\" src=\"https:\/\/archive.sana.sy\/tr\/wp-content\/uploads\/2020\/09\/02.jpg\" class=\"attachment-full size-full\" alt=\"\" srcset=\"https:\/\/archive.sana.sy\/tr\/wp-content\/uploads\/2020\/09\/02.jpg 886w, https:\/\/archive.sana.sy\/tr\/wp-content\/uploads\/2020\/09\/02-300x195.jpg 300w, https:\/\/archive.sana.sy\/tr\/wp-content\/uploads\/2020\/09\/02-150x97.jpg 150w, https:\/\/archive.sana.sy\/tr\/wp-content\/uploads\/2020\/09\/02-768x498.jpg 768w\" sizes=\"auto, (max-width: 886px) 100vw, 886px\" \/><\/a>\n\t\t\t<\/div><\/figure><figure class='gallery-item'>\n\t\t\t<div class='gallery-icon landscape'>\n\t\t\t\t<a href='https:\/\/archive.sana.sy\/tr\/wp-content\/uploads\/2020\/09\/03.jpg'><img loading=\"lazy\" decoding=\"async\" width=\"886\" height=\"542\" src=\"https:\/\/archive.sana.sy\/tr\/wp-content\/uploads\/2020\/09\/03.jpg\" class=\"attachment-full size-full\" alt=\"\" srcset=\"https:\/\/archive.sana.sy\/tr\/wp-content\/uploads\/2020\/09\/03.jpg 886w, https:\/\/archive.sana.sy\/tr\/wp-content\/uploads\/2020\/09\/03-300x184.jpg 300w, https:\/\/archive.sana.sy\/tr\/wp-content\/uploads\/2020\/09\/03-150x92.jpg 150w, https:\/\/archive.sana.sy\/tr\/wp-content\/uploads\/2020\/09\/03-768x470.jpg 768w\" sizes=\"auto, (max-width: 886px) 100vw, 886px\" \/><\/a>\n\t\t\t<\/div><\/figure><figure class='gallery-item'>\n\t\t\t<div class='gallery-icon landscape'>\n\t\t\t\t<a href='https:\/\/archive.sana.sy\/tr\/wp-content\/uploads\/2020\/09\/04-1.jpg'><img loading=\"lazy\" decoding=\"async\" width=\"886\" height=\"591\" src=\"https:\/\/archive.sana.sy\/tr\/wp-content\/uploads\/2020\/09\/04-1.jpg\" class=\"attachment-full size-full\" alt=\"\" srcset=\"https:\/\/archive.sana.sy\/tr\/wp-content\/uploads\/2020\/09\/04-1.jpg 886w, https:\/\/archive.sana.sy\/tr\/wp-content\/uploads\/2020\/09\/04-1-300x200.jpg 300w, https:\/\/archive.sana.sy\/tr\/wp-content\/uploads\/2020\/09\/04-1-150x100.jpg 150w, https:\/\/archive.sana.sy\/tr\/wp-content\/uploads\/2020\/09\/04-1-768x512.jpg 768w\" sizes=\"auto, (max-width: 886px) 100vw, 886px\" \/><\/a>\n\t\t\t<\/div><\/figure><figure class='gallery-item'>\n\t\t\t<div class='gallery-icon landscape'>\n\t\t\t\t<a href='https:\/\/archive.sana.sy\/tr\/wp-content\/uploads\/2020\/09\/05.jpg'><img loading=\"lazy\" decoding=\"async\" width=\"886\" height=\"561\" src=\"https:\/\/archive.sana.sy\/tr\/wp-content\/uploads\/2020\/09\/05.jpg\" class=\"attachment-full size-full\" alt=\"\" srcset=\"https:\/\/archive.sana.sy\/tr\/wp-content\/uploads\/2020\/09\/05.jpg 886w, https:\/\/archive.sana.sy\/tr\/wp-content\/uploads\/2020\/09\/05-300x190.jpg 300w, https:\/\/archive.sana.sy\/tr\/wp-content\/uploads\/2020\/09\/05-150x95.jpg 150w, https:\/\/archive.sana.sy\/tr\/wp-content\/uploads\/2020\/09\/05-768x486.jpg 768w\" sizes=\"auto, (max-width: 886px) 100vw, 886px\" \/><\/a>\n\t\t\t<\/div><\/figure><figure class='gallery-item'>\n\t\t\t<div class='gallery-icon landscape'>\n\t\t\t\t<a href='https:\/\/archive.sana.sy\/tr\/wp-content\/uploads\/2020\/09\/06.jpg'><img loading=\"lazy\" decoding=\"async\" width=\"886\" height=\"513\" src=\"https:\/\/archive.sana.sy\/tr\/wp-content\/uploads\/2020\/09\/06.jpg\" class=\"attachment-full size-full\" alt=\"\" srcset=\"https:\/\/archive.sana.sy\/tr\/wp-content\/uploads\/2020\/09\/06.jpg 886w, https:\/\/archive.sana.sy\/tr\/wp-content\/uploads\/2020\/09\/06-300x174.jpg 300w, https:\/\/archive.sana.sy\/tr\/wp-content\/uploads\/2020\/09\/06-150x87.jpg 150w, https:\/\/archive.sana.sy\/tr\/wp-content\/uploads\/2020\/09\/06-768x445.jpg 768w\" sizes=\"auto, (max-width: 886px) 100vw, 886px\" \/><\/a>\n\t\t\t<\/div><\/figure>\n\t\t<\/div>\n\n","protected":false},"excerpt":{"rendered":"<p>\u015eAM \u2013 Rusya D\u0131\u015fi\u015fleri Bakan\u0131 Sergey Lavrov bug\u00fcn \u015eam\u2019a ula\u015ft\u0131. Uluslararas\u0131 \u015eam Havaalan\u0131nda Rusya D\u0131\u015fi\u015fleri Bakan\u0131na D\u0131\u015fi\u015fleri ve Gurbet\u00e7iler Bakan Yard\u0131mc\u0131s\u0131 Ayman Sosan ve bakanl\u0131\u011f\u0131n \u00fcst d\u00fczey yetkilileri ve Rusya\u2019n\u0131n \u015eam b\u00fcy\u00fckel\u00e7isi Alexsander Yefimof kar\u015f\u0131lad\u0131. \u015eam&#8217;a ula\u015fan bug\u00fcnk\u00fc Rus heyetinde Rusya D\u0131\u015fi\u015fleri Bakanl\u0131\u011f\u0131 S\u00f6zc\u00fcs\u00fc Maria Zakharova da bulunuyor. D\u0131\u015fi\u015fleri ve Gurbet\u00e7iler Bakan\u0131 Velid el Muallim &hellip;<\/p>\n","protected":false},"author":1,"featured_media":217542,"comment_status":"closed","ping_status":"closed","sticky":false,"template":"","format":"standard","meta":{"footnotes":""},"categories":[596,479,17988,478],"tags":[],"class_list":["post-217522","post","type-post","status-publish","format-standard","has-post-thumbnail","","category-fotografli-raporlar","category-haberler-yerel","category-son-haberler","category-yerel"],"_links":{"self":[{"href":"https:\/\/archive.sana.sy\/tr\/index.php?rest_route=\/wp\/v2\/posts\/217522","targetHints":{"allow":["GET"]}}],"collection":[{"href":"https:\/\/archive.sana.sy\/tr\/index.php?rest_route=\/wp\/v2\/posts"}],"about":[{"href":"https:\/\/archive.sana.sy\/tr\/index.php?rest_route=\/wp\/v2\/types\/post"}],"author":[{"embeddable":true,"href":"https:\/\/archive.sana.sy\/tr\/index.php?rest_route=\/wp\/v2\/users\/1"}],"replies":[{"embeddable":true,"href":"https:\/\/archive.sana.sy\/tr\/index.php?rest_route=%2Fwp%2Fv2%2Fcomments&post=217522"}],"version-history":[{"count":0,"href":"https:\/\/archive.sana.sy\/tr\/index.php?rest_route=\/wp\/v2\/posts\/217522\/revisions"}],"wp:featuredmedia":[{"embeddable":true,"href":"https:\/\/archive.sana.sy\/tr\/index.php?rest_route=\/wp\/v2\/media\/217542"}],"wp:attachment":[{"href":"https:\/\/archive.sana.sy\/tr\/index.php?rest_route=%2Fwp%2Fv2%2Fmedia&parent=217522"}],"wp:term":[{"taxonomy":"category","embeddable":true,"href":"https:\/\/archive.sana.sy\/tr\/index.php?rest_route=%2Fwp%2Fv2%2Fcategories&post=217522"},{"taxonomy":"post_tag","embeddable":true,"href":"https:\/\/archive.sana.sy\/tr\/index.php?rest_route=%2Fwp%2Fv2%2Ftags&post=217522"}],"curies":[{"name":"wp","href":"https:\/\/api.w.org\/{rel}","templated":true}]}}