{"id":21779,"date":"2015-01-25T12:35:52","date_gmt":"2015-01-25T10:35:52","guid":{"rendered":"http:\/\/sana.sy\/tr\/?p=21779"},"modified":"2015-01-25T12:35:52","modified_gmt":"2015-01-25T10:35:52","slug":"askeri-kaynak-ordu-ve-silahli-kuvvetlerimize-bagli-birliklerin-homs-dogu-kirsalinin-recm-el-kasr-sultaniye-mesaada-ve-um-sahric-bolgelerinde-cok-sayida-teroristi-olu-ve-yarali-dusurdukleri","status":"publish","type":"post","link":"https:\/\/archive.sana.sy\/tr\/?p=21779","title":{"rendered":"Askeri kaynak, ordu ve silahl\u0131 kuvvetlerimize ba\u011fl\u0131 birliklerin Homs do\u011fu k\u0131rsal\u0131n\u0131n Recm el Kasr, Sultaniye, Mesa\u2019ada ve Um Sahric b\u00f6lgelerinde \u00e7ok say\u0131da ter\u00f6risti \u00f6l\u00fc ve yaral\u0131 d\u00fc\u015f\u00fcrd\u00fcklerini belirtti."},"content":{"rendered":"<p>Askeri kaynak, ordu ve silahl\u0131 kuvvetlerimize ba\u011fl\u0131 birliklerin Homs do\u011fu k\u0131rsal\u0131n\u0131n Recm el Kasr, Sultaniye, Mesa\u2019ada ve Um Sahric b\u00f6lgelerinde \u00e7ok say\u0131da ter\u00f6risti \u00f6l\u00fc ve yaral\u0131 d\u00fc\u015f\u00fcrd\u00fcklerini belirtti.<\/p>\n","protected":false},"excerpt":{"rendered":"<p>Askeri kaynak, ordu ve silahl\u0131 kuvvetlerimize ba\u011fl\u0131 birliklerin Homs do\u011fu k\u0131rsal\u0131n\u0131n Recm el Kasr, Sultaniye, Mesa\u2019ada ve Um Sahric b\u00f6lgelerinde \u00e7ok say\u0131da ter\u00f6risti \u00f6l\u00fc ve yaral\u0131 d\u00fc\u015f\u00fcrd\u00fcklerini belirtti.<\/p>\n","protected":false},"author":1,"featured_media":0,"comment_status":"closed","ping_status":"closed","sticky":false,"template":"","format":"standard","meta":{"footnotes":""},"categories":[1],"tags":[1031,10609,10608,3595],"class_list":["post-21779","post","type-post","status-publish","format-standard","","category-news-not-sorted","tag-askeri-kaynak","tag-mesaada-ve-um-sahric-bolgelerinde-cok-sayida-teroristi-olu-ve-yarali-dusurduklerini-belirtti","tag-ordu-ve-silahli-kuvvetlerimize-bagli-birliklerin-homs-dogu-kirsalinin-recm-el-kasr","tag-sultaniye"],"_links":{"self":[{"href":"https:\/\/archive.sana.sy\/tr\/index.php?rest_route=\/wp\/v2\/posts\/21779","targetHints":{"allow":["GET"]}}],"collection":[{"href":"https:\/\/archive.sana.sy\/tr\/index.php?rest_route=\/wp\/v2\/posts"}],"about":[{"href":"https:\/\/archive.sana.sy\/tr\/index.php?rest_route=\/wp\/v2\/types\/post"}],"author":[{"embeddable":true,"href":"https:\/\/archive.sana.sy\/tr\/index.php?rest_route=\/wp\/v2\/users\/1"}],"replies":[{"embeddable":true,"href":"https:\/\/archive.sana.sy\/tr\/index.php?rest_route=%2Fwp%2Fv2%2Fcomments&post=21779"}],"version-history":[{"count":0,"href":"https:\/\/archive.sana.sy\/tr\/index.php?rest_route=\/wp\/v2\/posts\/21779\/revisions"}],"wp:attachment":[{"href":"https:\/\/archive.sana.sy\/tr\/index.php?rest_route=%2Fwp%2Fv2%2Fmedia&parent=21779"}],"wp:term":[{"taxonomy":"category","embeddable":true,"href":"https:\/\/archive.sana.sy\/tr\/index.php?rest_route=%2Fwp%2Fv2%2Fcategories&post=21779"},{"taxonomy":"post_tag","embeddable":true,"href":"https:\/\/archive.sana.sy\/tr\/index.php?rest_route=%2Fwp%2Fv2%2Ftags&post=21779"}],"curies":[{"name":"wp","href":"https:\/\/api.w.org\/{rel}","templated":true}]}}