{"id":21781,"date":"2015-01-25T12:52:42","date_gmt":"2015-01-25T10:52:42","guid":{"rendered":"http:\/\/sana.sy\/tr\/?p=21781"},"modified":"2015-01-25T13:22:48","modified_gmt":"2015-01-25T11:22:48","slug":"suriyedeki-krizin-siyasi-cozumu-irak-bolge-ve-dunyadaki-butun-teror-sorunlarini-cozer","status":"publish","type":"post","link":"https:\/\/archive.sana.sy\/tr\/?p=21781","title":{"rendered":"Suriye\u2019deki Krizin Siyasi \u00c7\u00f6z\u00fcm\u00fc Irak, B\u00f6lge ve D\u00fcnya\u2019daki B\u00fct\u00fcn Ter\u00f6r Sorunlar\u0131n\u0131 \u00c7\u00f6zer"},"content":{"rendered":"<p>BA\u011eDAT \u2013 Irak D\u0131\u015fi\u015fleri Bakan\u0131 \u0130brahim Caferi, Suriye\u2019deki kriz i\u00e7in siyasi \u00e7\u00f6z\u00fcm\u00fc \u00fcstlenmenin Irak, b\u00f6lge ve d\u00fcnyan\u0131n \u015fikayet etti\u011fi ter\u00f6rist b\u00fct\u00fcn sorunlar\u0131 \u00e7\u00f6zece\u011fini belirtti.<\/p>\n<p>Davos konferans\u0131ndaki kat\u0131l\u0131m\u0131n\u0131n sonunda yay\u0131nlad\u0131\u011f\u0131 beyanda Caferi, Irak heyetinin kat\u0131l\u0131mc\u0131 heyetlere Suriye\u2019deki krizin siyasi \u00e7\u00f6z\u00fcm\u00fcn\u00fc \u00fcstlenmekten ba\u015fka \u00e7\u0131kar yol olmad\u0131\u011f\u0131n\u0131, bunun Suriye sava\u015f\u0131n\u0131n \u00fczerinden 4 y\u0131l ge\u00e7mesi ard\u0131ndan sonra b\u00fct\u00fcn bu sorun ve dosyalar\u0131n \u00e7\u00f6z\u00fcm s\u0131rr\u0131n\u0131 ta\u015f\u0131d\u0131\u011f\u0131n\u0131 belirtti\u011fini s\u00f6yledi.<\/p>\n<p>Caferi, d\u00fcnyan\u0131n bug\u00fcn muhtelif cephelerde ter\u00f6re kar\u015f\u0131 tek bir sava\u015f y\u00fcr\u00fctt\u00fc\u011f\u00fcn\u00fc ekleyerek, masum sivillerin canlar\u0131n\u0131 alan ve halklar\u0131n kaynaklar\u0131n\u0131 bitiren bu tehlikenin ortadan kald\u0131r\u0131lmas\u0131 i\u00e7in \u00e7abalar\u0131n koordine edilmesi zorunlulu\u011funu vurgulad\u0131.<\/p>\n<p>Konferansa kat\u0131lan \u00fclkelere hitaben Caferi, \u201cI\u015e\u0130D\u2019e kar\u015f\u0131 bizler ve sizler bizimle beraber sava\u015fmazsan\u0131z topraklar\u0131n\u0131z \u00fczerinde size kar\u015f\u0131 sava\u015facaklard\u0131r\u201d dedi.<\/p>\n<p>S. \u015e.<\/p>\n","protected":false},"excerpt":{"rendered":"<p>BA\u011eDAT \u2013 Irak D\u0131\u015fi\u015fleri Bakan\u0131 \u0130brahim Caferi, Suriye\u2019deki kriz i\u00e7in siyasi \u00e7\u00f6z\u00fcm\u00fc \u00fcstlenmenin Irak, b\u00f6lge ve d\u00fcnyan\u0131n \u015fikayet etti\u011fi ter\u00f6rist b\u00fct\u00fcn sorunlar\u0131 \u00e7\u00f6zece\u011fini belirtti. Davos konferans\u0131ndaki kat\u0131l\u0131m\u0131n\u0131n sonunda yay\u0131nlad\u0131\u011f\u0131 beyanda Caferi, Irak heyetinin kat\u0131l\u0131mc\u0131 heyetlere Suriye\u2019deki krizin siyasi \u00e7\u00f6z\u00fcm\u00fcn\u00fc \u00fcstlenmekten ba\u015fka \u00e7\u0131kar yol olmad\u0131\u011f\u0131n\u0131, bunun Suriye sava\u015f\u0131n\u0131n \u00fczerinden 4 y\u0131l ge\u00e7mesi ard\u0131ndan sonra b\u00fct\u00fcn bu &hellip;<\/p>\n","protected":false},"author":1,"featured_media":21782,"comment_status":"closed","ping_status":"closed","sticky":false,"template":"","format":"standard","meta":{"footnotes":""},"categories":[458,459,447],"tags":[10611,10610],"class_list":["post-21781","post","type-post","status-publish","format-standard","has-post-thumbnail","","category-dunya1","category-haberler-arap-uluslararasi-politika","category-politika","tag-bolge-ve-dunyadaki-butun-teror-sorunlarini-cozer","tag-suriyedeki-krizin-siyasi-cozumu-irak"],"_links":{"self":[{"href":"https:\/\/archive.sana.sy\/tr\/index.php?rest_route=\/wp\/v2\/posts\/21781","targetHints":{"allow":["GET"]}}],"collection":[{"href":"https:\/\/archive.sana.sy\/tr\/index.php?rest_route=\/wp\/v2\/posts"}],"about":[{"href":"https:\/\/archive.sana.sy\/tr\/index.php?rest_route=\/wp\/v2\/types\/post"}],"author":[{"embeddable":true,"href":"https:\/\/archive.sana.sy\/tr\/index.php?rest_route=\/wp\/v2\/users\/1"}],"replies":[{"embeddable":true,"href":"https:\/\/archive.sana.sy\/tr\/index.php?rest_route=%2Fwp%2Fv2%2Fcomments&post=21781"}],"version-history":[{"count":0,"href":"https:\/\/archive.sana.sy\/tr\/index.php?rest_route=\/wp\/v2\/posts\/21781\/revisions"}],"wp:featuredmedia":[{"embeddable":true,"href":"https:\/\/archive.sana.sy\/tr\/index.php?rest_route=\/wp\/v2\/media\/21782"}],"wp:attachment":[{"href":"https:\/\/archive.sana.sy\/tr\/index.php?rest_route=%2Fwp%2Fv2%2Fmedia&parent=21781"}],"wp:term":[{"taxonomy":"category","embeddable":true,"href":"https:\/\/archive.sana.sy\/tr\/index.php?rest_route=%2Fwp%2Fv2%2Fcategories&post=21781"},{"taxonomy":"post_tag","embeddable":true,"href":"https:\/\/archive.sana.sy\/tr\/index.php?rest_route=%2Fwp%2Fv2%2Ftags&post=21781"}],"curies":[{"name":"wp","href":"https:\/\/api.w.org\/{rel}","templated":true}]}}