{"id":21784,"date":"2015-01-25T12:57:00","date_gmt":"2015-01-25T10:57:00","guid":{"rendered":"http:\/\/sana.sy\/tr\/?p=21784"},"modified":"2015-01-25T12:59:59","modified_gmt":"2015-01-25T10:59:59","slug":"askeri-kaynak-ordu-birliklerimizin-kunaytra-kirsali-ofanya-koyunun-bati-tarafinda-bulunan-tekfiri-teror-orgutleri-elebaslarina-iat-bir-hucreyi-imha-ettiklerini-bati-samadaniye-ve-neb-el-sahr","status":"publish","type":"post","link":"https:\/\/archive.sana.sy\/tr\/?p=21784","title":{"rendered":"Askeri kaynak, ordu birliklerimizin Kunaytra k\u0131rsal\u0131 Ofanya K\u00f6y\u00fcn\u00fcn bat\u0131 taraf\u0131nda bulunan tekfiri ter\u00f6r \u00f6rg\u00fctleri eleba\u015flar\u0131na ait bir h\u00fccreyi imha ettiklerini Bat\u0131 Samadaniye ve Neb\u2019 el Sahr\u2019da baz\u0131 ter\u00f6ristleri \u00f6ld\u00fcrd\u00fcklerini ifade etti."},"content":{"rendered":"<p>Askeri kaynak, ordu birliklerimizin Kunaytra k\u0131rsal\u0131 Ofanya K\u00f6y\u00fcn\u00fcn bat\u0131 taraf\u0131nda bulunan tekfiri ter\u00f6r \u00f6rg\u00fctleri eleba\u015flar\u0131na ait bir h\u00fccreyi imha ettiklerini Bat\u0131 Samadaniye ve Neb\u2019 el Sahr\u2019da baz\u0131 ter\u00f6ristleri \u00f6ld\u00fcrd\u00fcklerini ifade etti.<\/p>\n","protected":false},"excerpt":{"rendered":"<p>Askeri kaynak, ordu birliklerimizin Kunaytra k\u0131rsal\u0131 Ofanya K\u00f6y\u00fcn\u00fcn bat\u0131 taraf\u0131nda bulunan tekfiri ter\u00f6r \u00f6rg\u00fctleri eleba\u015flar\u0131na ait bir h\u00fccreyi imha ettiklerini Bat\u0131 Samadaniye ve Neb\u2019 el Sahr\u2019da baz\u0131 ter\u00f6ristleri \u00f6ld\u00fcrd\u00fcklerini ifade etti.<\/p>\n","protected":false},"author":1,"featured_media":0,"comment_status":"closed","ping_status":"closed","sticky":false,"template":"","format":"standard","meta":{"footnotes":""},"categories":[1],"tags":[1031,10612],"class_list":["post-21784","post","type-post","status-publish","format-standard","","category-news-not-sorted","tag-askeri-kaynak","tag-ordu-birliklerimizin-kunaytra-kirsali-ofanya-koyunun-bati-tarafinda-bulunan-tekfiri-teror-orgutleri-elebaslarina-iat-bir-hucreyi-imha-ettiklerini-bati-samadaniye-ve-neb-el-sahrda-baz"],"_links":{"self":[{"href":"https:\/\/archive.sana.sy\/tr\/index.php?rest_route=\/wp\/v2\/posts\/21784","targetHints":{"allow":["GET"]}}],"collection":[{"href":"https:\/\/archive.sana.sy\/tr\/index.php?rest_route=\/wp\/v2\/posts"}],"about":[{"href":"https:\/\/archive.sana.sy\/tr\/index.php?rest_route=\/wp\/v2\/types\/post"}],"author":[{"embeddable":true,"href":"https:\/\/archive.sana.sy\/tr\/index.php?rest_route=\/wp\/v2\/users\/1"}],"replies":[{"embeddable":true,"href":"https:\/\/archive.sana.sy\/tr\/index.php?rest_route=%2Fwp%2Fv2%2Fcomments&post=21784"}],"version-history":[{"count":0,"href":"https:\/\/archive.sana.sy\/tr\/index.php?rest_route=\/wp\/v2\/posts\/21784\/revisions"}],"wp:attachment":[{"href":"https:\/\/archive.sana.sy\/tr\/index.php?rest_route=%2Fwp%2Fv2%2Fmedia&parent=21784"}],"wp:term":[{"taxonomy":"category","embeddable":true,"href":"https:\/\/archive.sana.sy\/tr\/index.php?rest_route=%2Fwp%2Fv2%2Fcategories&post=21784"},{"taxonomy":"post_tag","embeddable":true,"href":"https:\/\/archive.sana.sy\/tr\/index.php?rest_route=%2Fwp%2Fv2%2Ftags&post=21784"}],"curies":[{"name":"wp","href":"https:\/\/api.w.org\/{rel}","templated":true}]}}