{"id":21788,"date":"2015-01-25T21:07:58","date_gmt":"2015-01-25T19:07:58","guid":{"rendered":"http:\/\/sana.sy\/tr\/?p=21788"},"modified":"2015-01-26T20:48:10","modified_gmt":"2015-01-26T18:48:10","slug":"terorle-mucadele-tum-hiziyla-ilerlerken-onlarca-terorist-olu-dusuruldu","status":"publish","type":"post","link":"https:\/\/archive.sana.sy\/tr\/?p=21788","title":{"rendered":"Ter\u00f6rle M\u00fccadele T\u00fcm H\u0131z\u0131yla \u0130lerlerken Onlarca Ter\u00f6rist \u00d6l\u00fc D\u00fc\u015f\u00fcr\u00fcld\u00fc"},"content":{"rendered":"<p>\u0130LLER &#8211; Ordu ve silahl\u0131 kuvvetlerimizin kiral\u0131k ter\u00f6r \u00f6rg\u00fctlerine y\u00f6nelik operasyonlar\u0131 kapsam\u0131nda \u00fclkenin muhtelif b\u00f6lgelerinde h\u00fccreleri ve toplanma merkezlerini hedef almas\u0131 sonucunda aralar\u0131nda eleba\u015flar\u0131n bulundu\u011fu \u00e7ok say\u0131da tekfiri ter\u00f6r \u00f6rg\u00fct eleman\u0131 \u00f6ld\u00fcr\u00fcld\u00fc.<\/p>\n<p><span style=\"color: #0000ff\">\u015eam K\u0131rsal\u0131nda Nusra Cephesinin Karargah\u0131 \u0130mha Edildi<\/span><\/p>\n<p>Vatan koruyucular\u0131 ordu birliklerimiz \u015eam k\u0131rsal\u0131n\u0131n bat\u0131s\u0131 Madaya Beldesinde Nusra Cephesinin bir karargah\u0131na nitelikli operasyonda bulundu.<\/p>\n<p>Operasyonda karargahta bulunan \u00e7ok say\u0131da ter\u00f6rist ara\u00e7 ve cephaneleriyle birlikte etkisizle\u015ftirildi. Saha kaynaklar\u0131 \u00f6ld\u00fcr\u00fclen ter\u00f6ristler aras\u0131nda Murat Mansur, Hamza \u015eibli, Nas\u0131r Cedid ve daha bir\u00e7ok az\u0131l\u0131 ter\u00f6ristin bulundu\u011funu kaydetti.<\/p>\n<p>Bu arada askeri kaynak ordu birliklerimizin Do\u011fu \u011euta B\u00f6lgesinin muhtelif yerlerinden ba\u015fkent \u015eam\u2019\u0131n muhtelif sivil yerle\u015fim alanlar\u0131n\u0131 geli\u015fig\u00fczel bir \u015fekilde f\u00fczelerle hedef alan ter\u00f6ristlerin mevkilerini imha ettiklerini belirtti.<\/p>\n<p><span style=\"color: #0000ff\">Dera K\u0131rsal\u0131nda Cephane Depolar\u0131 ve Karargahlar\u0131 \u0130mha Ediliyor<\/span><\/p>\n<p>\u00d6te yandan askeri bir kaynak ordu birliklerimizin Dera k\u0131rsal\u0131n\u0131n Busra el \u015eam Kasabas\u0131n\u0131n kuzeydo\u011fu semtinde ter\u00f6ristlere y\u00f6nelik operasyonlar\u0131n\u0131 s\u00fcrd\u00fcrd\u00fcklerini belirtti.<\/p>\n<p>Kaynak operasyonlarda ter\u00f6r \u00e7etelere ait iki karargah, bir m\u00fchimmat deposu ve bir f\u00fcze rampas\u0131n\u0131n imha edildi\u011fini aktar\u0131rken, \u00e7ok say\u0131da ter\u00f6ristin \u00f6l\u00fc yaral\u0131 d\u00fc\u015f\u00fcr\u00fcld\u00fc\u011f\u00fcn\u00fc s\u00f6yledi.<\/p>\n<p>Yine Dera k\u0131rsal\u0131n\u0131n \u015eeyh Miskin Beldesinin yan\u0131 s\u0131ra Tafas Beldesinin bat\u0131 giri\u015finde ordu birliklerimiz aralar\u0131nda yabanc\u0131 ve saha komutanlar\u0131n\u0131n bulundu\u011fu \u00e7ok say\u0131da ter\u00f6risti \u00f6l\u00fc yaral\u0131 d\u00fc\u015f\u00fcrd\u00fc. Saha kaynaklar\u0131 operasyonlarda ter\u00f6ristlerin kulland\u0131klar\u0131 a\u011f\u0131r makineli silahlarla donat\u0131lm\u0131\u015f bir\u00e7ok araca ilaveten cephane depolar\u0131 ve k\u00fcmelenme yerlerinin muhtevalar\u0131yla imha edildi\u011fini ifade etti.<\/p>\n<p><span style=\"color: #0000ff\">\u0130dlib K\u0131rsal\u0131da 20 Ter\u00f6rist \u00d6ld\u00fcr\u00fcld\u00fc<\/span><\/p>\n<p><span style=\"color: #000000;line-height: 1.5\">Askeri kaynak, ordu birliklerimizin \u0130dlib k\u0131rsal\u0131 Bzabur\u2019da s\u00f6zde \u201c\u015eam \u015eahinleri\u201d adl\u0131 ter\u00f6r olu\u015fumuna ba\u011fl\u0131 20 ter\u00f6risti \u00f6ld\u00fcrd\u00fcklerini s\u00f6yledi. Kaynak Nahleyya, Treysi ve Nahle\u2019de de \u00e7ok say\u0131da ter\u00f6ristin \u00f6l\u00fc ve yaral\u0131 d\u00fc\u015f\u00fcr\u00fcld\u00fc\u011f\u00fcn\u00fc s\u00f6yledi.<\/span><\/p>\n<p><span style=\"color: #0000ff;line-height: 1.5\">Homs K\u0131rsal\u0131nda \u00c7ok Say\u0131da Ter\u00f6rist Etkisiz Hale Getirildi<\/span><\/p>\n<p>Homs k\u0131rsal\u0131nda ise askeri kaynak, ordu ve silahl\u0131 kuvvetlerimize ba\u011fl\u0131 birliklerin do\u011fu k\u0131rsal\u0131n Recm el Kasr, Sultaniye, Mesa\u2019ada ve Um Sahric b\u00f6lgelerinde \u00e7ok say\u0131da ter\u00f6risti \u00f6l\u00fc ve yaral\u0131 d\u00fc\u015f\u00fcrd\u00fcklerini belirtti.<\/p>\n<p>L\u00fcbnan\u2019da M\u00fcstakbel Ak\u0131m\u0131n\u0131n deste\u011fi ile Suriye&#8217;ye giri\u015flerinde kulland\u0131klar\u0131 Homs iline tabi Ksayr k\u0131rsal\u0131n\u0131n Kahf Vadisinde ise ordu birliklerimiz tekfirci ter\u00f6ristlerle s\u0131cak temasa girerek bir\u00e7o\u011funu te\u00e7hizatlar\u0131yla birlikte etkisizle\u015ftirdi.<\/p>\n<p>Homs k\u0131rsal\u0131n\u0131n Huvla B\u00f6lgesinde d\u00fcn ter\u00f6ristlerin s\u00f6zde operasyon odas\u0131 komutan\u0131 Muhammed Sadettin \u0130brahim\u2019i \u00f6ld\u00fcrmeleri ard\u0131ndan bug\u00fcn b\u00f6lgede operasyonlar\u0131n\u0131 s\u00fcrd\u00fcren ordu birliklerimiz, \u00e7etelerle \u00e7at\u0131\u015fmalar\u0131nda yine bir\u00e7ok ter\u00f6risti \u00f6l\u00fc yaral\u0131 d\u00fc\u015f\u00fcrd\u00fc.<\/p>\n<p><span style=\"color: #0000ff\">Kunaytra K\u0131rsal\u0131nda Ter\u00f6r H\u00fccreleri \u0130mha Edildi<\/span><\/p>\n<p>Bu arada askeri kaynak, ordu birliklerimizin Kunaytra k\u0131rsal\u0131 Ofanya K\u00f6y\u00fcn\u00fcn bat\u0131 taraf\u0131nda bulunan Nusra Cephesi tekfircilerinin\u00a0eleba\u015flar\u0131na ait bir karargah\u0131 muhtevalar\u0131yla imha ettiklerini ifade etti.<\/p>\n<p>\u0130\u015fgalci \u0130srail g\u00fc\u00e7leri taraf\u0131ndan destekli olarak ahaliyi hedef alan tekfiri ter\u00f6ristlerin \u00fcs edindi\u011fi Tel el Hara\u2019n\u0131n 3 km kuzeyinde ise bir ordu birli\u011fimiz Kunaytra Kentinin 16 km g\u00fcneydo\u011fusuna d\u00fc\u015fen Neb\u2019i el Sahr K\u00f6y\u00fc ortalar\u0131ndaki Tel el Eseri\u2019nin bat\u0131s\u0131nda ter\u00f6ristlerin bir \u00e7ok toplanma merkezlerini hedef alarak \u00e7ok say\u0131da ter\u00f6risti \u00f6ld\u00fcrd\u00fcklerini s\u00f6yledi.<\/p>\n<p>S. \u015e. &#8211; A.A.<\/p>\n","protected":false},"excerpt":{"rendered":"<p>\u0130LLER &#8211; Ordu ve silahl\u0131 kuvvetlerimizin kiral\u0131k ter\u00f6r \u00f6rg\u00fctlerine y\u00f6nelik operasyonlar\u0131 kapsam\u0131nda \u00fclkenin muhtelif b\u00f6lgelerinde h\u00fccreleri ve toplanma merkezlerini hedef almas\u0131 sonucunda aralar\u0131nda eleba\u015flar\u0131n bulundu\u011fu \u00e7ok say\u0131da tekfiri ter\u00f6r \u00f6rg\u00fct eleman\u0131 \u00f6ld\u00fcr\u00fcld\u00fc. \u015eam K\u0131rsal\u0131nda Nusra Cephesinin Karargah\u0131 \u0130mha Edildi Vatan koruyucular\u0131 ordu birliklerimiz \u015eam k\u0131rsal\u0131n\u0131n bat\u0131s\u0131 Madaya Beldesinde Nusra Cephesinin bir karargah\u0131na nitelikli operasyonda bulundu. &hellip;<\/p>\n","protected":false},"author":1,"featured_media":21799,"comment_status":"closed","ping_status":"closed","sticky":false,"template":"","format":"standard","meta":{"footnotes":""},"categories":[575],"tags":[10613],"class_list":["post-21788","post","type-post","status-publish","format-standard","has-post-thumbnail","","category-olaylar-ve-gercekler","tag-terorle-mucadele-tum-hiziyla-ilerlerken-onlarca-terorist-olu-dusuruldu"],"_links":{"self":[{"href":"https:\/\/archive.sana.sy\/tr\/index.php?rest_route=\/wp\/v2\/posts\/21788","targetHints":{"allow":["GET"]}}],"collection":[{"href":"https:\/\/archive.sana.sy\/tr\/index.php?rest_route=\/wp\/v2\/posts"}],"about":[{"href":"https:\/\/archive.sana.sy\/tr\/index.php?rest_route=\/wp\/v2\/types\/post"}],"author":[{"embeddable":true,"href":"https:\/\/archive.sana.sy\/tr\/index.php?rest_route=\/wp\/v2\/users\/1"}],"replies":[{"embeddable":true,"href":"https:\/\/archive.sana.sy\/tr\/index.php?rest_route=%2Fwp%2Fv2%2Fcomments&post=21788"}],"version-history":[{"count":0,"href":"https:\/\/archive.sana.sy\/tr\/index.php?rest_route=\/wp\/v2\/posts\/21788\/revisions"}],"wp:featuredmedia":[{"embeddable":true,"href":"https:\/\/archive.sana.sy\/tr\/index.php?rest_route=\/wp\/v2\/media\/21799"}],"wp:attachment":[{"href":"https:\/\/archive.sana.sy\/tr\/index.php?rest_route=%2Fwp%2Fv2%2Fmedia&parent=21788"}],"wp:term":[{"taxonomy":"category","embeddable":true,"href":"https:\/\/archive.sana.sy\/tr\/index.php?rest_route=%2Fwp%2Fv2%2Fcategories&post=21788"},{"taxonomy":"post_tag","embeddable":true,"href":"https:\/\/archive.sana.sy\/tr\/index.php?rest_route=%2Fwp%2Fv2%2Ftags&post=21788"}],"curies":[{"name":"wp","href":"https:\/\/api.w.org\/{rel}","templated":true}]}}