{"id":218020,"date":"2020-09-13T15:49:22","date_gmt":"2020-09-13T12:49:22","guid":{"rendered":"http:\/\/www.sana.sy\/tr\/?p=218020"},"modified":"2020-09-14T11:27:40","modified_gmt":"2020-09-14T08:27:40","slug":"yeni-ogretim-yilinin-baslamasiyla-idlib-kirsalinda-terorden-kurtarilan-bolgelerde-yeni-13-okul-acildi","status":"publish","type":"post","link":"https:\/\/archive.sana.sy\/tr\/?p=218020","title":{"rendered":"Yeni \u00d6\u011fretim Y\u0131l\u0131n\u0131n Ba\u015flamas\u0131yla &#8230; \u0130dlib K\u0131rsal\u0131nda Ter\u00f6rden Kurtar\u0131lan B\u00f6lgelerde Yeni 13 Okul A\u00e7\u0131ld\u0131"},"content":{"rendered":"<p style=\"text-align: left;\">\u0130DL\u0130B-HAMA \u2013 \u0130dlib ve Hama illerinin \u00f6\u011frencileri bug\u00fcn, her iki ildeki Milli E\u011fitim M\u00fcd\u00fcrl\u00fckleri taraf\u0131ndan t\u00fcm d\u00fczenlemelerin ve prosed\u00fcrlerin yap\u0131lmas\u0131n\u0131n ard\u0131ndan yeni \u00f6\u011fretim y\u0131l\u0131n\u0131n ba\u015flamas\u0131yla birlikte okula gitti.<\/p>\n<p style=\"text-align: left;\">\u0130dlib E\u011fitim M\u00fcd\u00fcr\u00fc Abdul Hamid el Mimar SANA muhabirine yapt\u0131\u011f\u0131 a\u00e7\u0131klamaya g\u00f6re, \u0130dlib&#8217;de yeni \u00f6\u011fretim y\u0131l\u0131n\u0131n, ter\u00f6rizmden kurtar\u0131ld\u0131ktan sonra rehabilite edilip hizmete sunulan Han \u015eeyhun, Maaret el Numan ve Serakip b\u00f6lgelerinde yeni 13 okulun a\u00e7\u0131lmas\u0131na tan\u0131k oldu\u011funu belirtti.<\/p>\n<p style=\"text-align: left;\">Mimar, yeni \u00f6\u011fretim y\u0131l\u0131nda ter\u00f6rden kurtar\u0131lan b\u00f6lgelerde a\u00e7\u0131lan toplam okul say\u0131s\u0131n\u0131n yakla\u015f\u0131k 5 bin \u00f6\u011frenci ile 63 okul oldu\u011funu ifade etti.<\/p>\n<p style=\"text-align: left;\">Mimar ayr\u0131ca, el Tih beldesinde bug\u00fcn, 64 erkek ve k\u0131z \u00f6\u011frenciyle bir ilkokul a\u00e7\u0131ld\u0131\u011f\u0131n\u0131 belirtiken, sivil faaliyetleri taraf\u0131ndan t\u00fcm \u00f6\u011frencilere okul \u00e7antas\u0131 verildi\u011fine dikkat \u00e7ekti.<\/p>\n<p style=\"text-align: left;\">Mimar, kurtar\u0131lan k\u00f6y ve beldelerde idari birimlerle i\u015fbirli\u011fi i\u00e7inde bug\u00fcn okullar a\u00e7\u0131lmadan \u00f6nce, okullar\u0131n sterilize edilip temizlendi\u011fine i\u015faret etti.<\/p>\n<p style=\"text-align: left;\">Hama Milli E\u011fitim M\u00fcd\u00fcr\u00fc Yahya Munacid ise, M\u00fcd\u00fcrl\u00fc\u011f\u00fcn okullara d\u00f6nmeyi onaylad\u0131\u011f\u0131 sa\u011fl\u0131k protokol\u00fc ve Milli E\u011fitim Bakanl\u0131\u011f\u0131 plan\u0131na g\u00f6re yeni \u00f6\u011fretim y\u0131l\u0131n\u0131n ba\u015flamas\u0131 i\u00e7in haz\u0131rlad\u0131\u011f\u0131n\u0131 blirtirken, E\u011fitim s\u00fcrecinin gereksinimlerinin sa\u011fland\u0131\u011f\u0131n\u0131, s\u0131n\u0131f ve idari olu\u015fumlar\u0131n\u0131 tamamland\u0131\u011f\u0131na i\u015faret etti.<\/p>\n<p>\u00c7eviri: M.Y<\/p>\n","protected":false},"excerpt":{"rendered":"<p>\u0130DL\u0130B-HAMA \u2013 \u0130dlib ve Hama illerinin \u00f6\u011frencileri bug\u00fcn, her iki ildeki Milli E\u011fitim M\u00fcd\u00fcrl\u00fckleri taraf\u0131ndan t\u00fcm d\u00fczenlemelerin ve prosed\u00fcrlerin yap\u0131lmas\u0131n\u0131n ard\u0131ndan yeni \u00f6\u011fretim y\u0131l\u0131n\u0131n ba\u015flamas\u0131yla birlikte okula gitti. \u0130dlib E\u011fitim M\u00fcd\u00fcr\u00fc Abdul Hamid el Mimar SANA muhabirine yapt\u0131\u011f\u0131 a\u00e7\u0131klamaya g\u00f6re, \u0130dlib&#8217;de yeni \u00f6\u011fretim y\u0131l\u0131n\u0131n, ter\u00f6rizmden kurtar\u0131ld\u0131ktan sonra rehabilite edilip hizmete sunulan Han \u015eeyhun, Maaret el &hellip;<\/p>\n","protected":false},"author":36,"featured_media":218021,"comment_status":"closed","ping_status":"closed","sticky":false,"template":"","format":"standard","meta":{"footnotes":""},"categories":[526,479,17988,525,478],"tags":[],"class_list":["post-218020","post","type-post","status-publish","format-standard","has-post-thumbnail","","category-haber-ve-raporlar","category-haberler-yerel","category-son-haberler","category-toplum","category-yerel"],"_links":{"self":[{"href":"https:\/\/archive.sana.sy\/tr\/index.php?rest_route=\/wp\/v2\/posts\/218020","targetHints":{"allow":["GET"]}}],"collection":[{"href":"https:\/\/archive.sana.sy\/tr\/index.php?rest_route=\/wp\/v2\/posts"}],"about":[{"href":"https:\/\/archive.sana.sy\/tr\/index.php?rest_route=\/wp\/v2\/types\/post"}],"author":[{"embeddable":true,"href":"https:\/\/archive.sana.sy\/tr\/index.php?rest_route=\/wp\/v2\/users\/36"}],"replies":[{"embeddable":true,"href":"https:\/\/archive.sana.sy\/tr\/index.php?rest_route=%2Fwp%2Fv2%2Fcomments&post=218020"}],"version-history":[{"count":0,"href":"https:\/\/archive.sana.sy\/tr\/index.php?rest_route=\/wp\/v2\/posts\/218020\/revisions"}],"wp:featuredmedia":[{"embeddable":true,"href":"https:\/\/archive.sana.sy\/tr\/index.php?rest_route=\/wp\/v2\/media\/218021"}],"wp:attachment":[{"href":"https:\/\/archive.sana.sy\/tr\/index.php?rest_route=%2Fwp%2Fv2%2Fmedia&parent=218020"}],"wp:term":[{"taxonomy":"category","embeddable":true,"href":"https:\/\/archive.sana.sy\/tr\/index.php?rest_route=%2Fwp%2Fv2%2Fcategories&post=218020"},{"taxonomy":"post_tag","embeddable":true,"href":"https:\/\/archive.sana.sy\/tr\/index.php?rest_route=%2Fwp%2Fv2%2Ftags&post=218020"}],"curies":[{"name":"wp","href":"https:\/\/api.w.org\/{rel}","templated":true}]}}