{"id":21803,"date":"2015-01-25T14:25:55","date_gmt":"2015-01-25T12:25:55","guid":{"rendered":"http:\/\/www.sana.sy\/tr\/?p=21803"},"modified":"2015-01-26T16:06:53","modified_gmt":"2015-01-26T14:06:53","slug":"kfayr-beldesi-ordunun-kontrolunde","status":"publish","type":"post","link":"https:\/\/archive.sana.sy\/tr\/?p=21803","title":{"rendered":"Kfayr Beldesi Ordunun Kontrol\u00fcnde"},"content":{"rendered":"<p>\u015eAM KIRSALI \u2013 Ordu birliklerimiz \u015eam k\u0131rsal\u0131n\u0131n kuzeybat\u0131s\u0131nda L\u00fcbnan s\u0131n\u0131rlar\u0131na yak\u0131n d\u00fc\u015fen ve uluslar aras\u0131 \u015eam \u2013 Beyrut otoban\u0131 \u00fczerinde bulunan Kfayr Beldesini Nusra Cephesi \u00e7etelerinden temizledi.<\/p>\n<p>Vatanda\u015flar\u0131n can ve mal g\u00fcvenli\u011fini sa\u011flad\u0131\u011f\u0131 beldede ordu birliklerimiz \u00e7ok say\u0131da ter\u00f6risti \u00f6l\u00fc yaral\u0131 d\u00fc\u015f\u00fcr\u00fcrken, bir\u00e7o\u011funu da canl\u0131 olarak yakalad\u0131. Sa\u011f kalan ter\u00f6ristler ise Zebadani da\u011fl\u0131k alanlar\u0131na ka\u00e7t\u0131.<\/p>\n<p>A.A.<\/p>\n","protected":false},"excerpt":{"rendered":"<p>\u015eAM KIRSALI \u2013 Ordu birliklerimiz \u015eam k\u0131rsal\u0131n\u0131n kuzeybat\u0131s\u0131nda L\u00fcbnan s\u0131n\u0131rlar\u0131na yak\u0131n d\u00fc\u015fen ve uluslar aras\u0131 \u015eam \u2013 Beyrut otoban\u0131 \u00fczerinde bulunan Kfayr Beldesini Nusra Cephesi \u00e7etelerinden temizledi. Vatanda\u015flar\u0131n can ve mal g\u00fcvenli\u011fini sa\u011flad\u0131\u011f\u0131 beldede ordu birliklerimiz \u00e7ok say\u0131da ter\u00f6risti \u00f6l\u00fc yaral\u0131 d\u00fc\u015f\u00fcr\u00fcrken, bir\u00e7o\u011funu da canl\u0131 olarak yakalad\u0131. Sa\u011f kalan ter\u00f6ristler ise Zebadani da\u011fl\u0131k alanlar\u0131na ka\u00e7t\u0131. &hellip;<\/p>\n","protected":false},"author":1,"featured_media":21804,"comment_status":"closed","ping_status":"closed","sticky":false,"template":"","format":"standard","meta":{"footnotes":""},"categories":[575],"tags":[10615,10614],"class_list":["post-21803","post","type-post","status-publish","format-standard","has-post-thumbnail","","category-olaylar-ve-gercekler","tag-bircogunu-da-canli-olarak-yakaladi-sag-kalan-teroristler-ise-zebadani-daglik-alanlarina-kacti","tag-kfayr-beldesi-ordunun-kontrolunde-sam-kirsali-ordu-birliklerimiz-sam-kirsalinin-kuzeybatisinda-lubnan-sinirlarina-yakin-dusen-ve-uluslar-arasi-sam-beyrut-otobani-uzerinde-bulunan-k"],"_links":{"self":[{"href":"https:\/\/archive.sana.sy\/tr\/index.php?rest_route=\/wp\/v2\/posts\/21803","targetHints":{"allow":["GET"]}}],"collection":[{"href":"https:\/\/archive.sana.sy\/tr\/index.php?rest_route=\/wp\/v2\/posts"}],"about":[{"href":"https:\/\/archive.sana.sy\/tr\/index.php?rest_route=\/wp\/v2\/types\/post"}],"author":[{"embeddable":true,"href":"https:\/\/archive.sana.sy\/tr\/index.php?rest_route=\/wp\/v2\/users\/1"}],"replies":[{"embeddable":true,"href":"https:\/\/archive.sana.sy\/tr\/index.php?rest_route=%2Fwp%2Fv2%2Fcomments&post=21803"}],"version-history":[{"count":0,"href":"https:\/\/archive.sana.sy\/tr\/index.php?rest_route=\/wp\/v2\/posts\/21803\/revisions"}],"wp:featuredmedia":[{"embeddable":true,"href":"https:\/\/archive.sana.sy\/tr\/index.php?rest_route=\/wp\/v2\/media\/21804"}],"wp:attachment":[{"href":"https:\/\/archive.sana.sy\/tr\/index.php?rest_route=%2Fwp%2Fv2%2Fmedia&parent=21803"}],"wp:term":[{"taxonomy":"category","embeddable":true,"href":"https:\/\/archive.sana.sy\/tr\/index.php?rest_route=%2Fwp%2Fv2%2Fcategories&post=21803"},{"taxonomy":"post_tag","embeddable":true,"href":"https:\/\/archive.sana.sy\/tr\/index.php?rest_route=%2Fwp%2Fv2%2Ftags&post=21803"}],"curies":[{"name":"wp","href":"https:\/\/api.w.org\/{rel}","templated":true}]}}