{"id":21812,"date":"2015-01-25T15:50:59","date_gmt":"2015-01-25T13:50:59","guid":{"rendered":"http:\/\/www.sana.sy\/tr\/?p=21812"},"modified":"2015-01-25T15:50:59","modified_gmt":"2015-01-25T13:50:59","slug":"askeri-kaynak-ordu-birliklerimizin-dogu-guta-bolgesinin-muhtelif-yerlerinden-baskent-samin-muhtelif-sivil-yerlesim-alanlarini-gelisiguzel-bir-sekilde-fuzelerle-hedef-alan-teroristlerin-mevkil","status":"publish","type":"post","link":"https:\/\/archive.sana.sy\/tr\/?p=21812","title":{"rendered":"Askeri kaynak ordu birliklerimizin Do\u011fu \u011euta B\u00f6lgesinin muhtelif yerlerinden ba\u015fkent \u015eam\u2019\u0131n muhtelif sivil yerle\u015fim alanlar\u0131n\u0131 geli\u015fig\u00fczel bir \u015fekilde f\u00fczelerle hedef alan ter\u00f6ristlerin mevkilerini imha ettiklerini belirtti."},"content":{"rendered":"<p>Askeri kaynak ordu birliklerimizin Do\u011fu \u011euta B\u00f6lgesinin muhtelif yerlerinden ba\u015fkent \u015eam\u2019\u0131n muhtelif sivil yerle\u015fim alanlar\u0131n\u0131 geli\u015fig\u00fczel bir \u015fekilde f\u00fczelerle hedef alan ter\u00f6ristlerin mevkilerini imha ettiklerini belirtti.<\/p>\n","protected":false},"excerpt":{"rendered":"<p>Askeri kaynak ordu birliklerimizin Do\u011fu \u011euta B\u00f6lgesinin muhtelif yerlerinden ba\u015fkent \u015eam\u2019\u0131n muhtelif sivil yerle\u015fim alanlar\u0131n\u0131 geli\u015fig\u00fczel bir \u015fekilde f\u00fczelerle hedef alan ter\u00f6ristlerin mevkilerini imha ettiklerini belirtti.<\/p>\n","protected":false},"author":1,"featured_media":0,"comment_status":"closed","ping_status":"closed","sticky":false,"template":"","format":"standard","meta":{"footnotes":""},"categories":[1],"tags":[10619],"class_list":["post-21812","post","type-post","status-publish","format-standard","","category-news-not-sorted","tag-askeri-kaynak-ordu-birliklerimizin-dogu-guta-bolgesinin-muhtelif-yerlerinden-baskent-samin-muhtelif-sivil-yerlesim-alanlarini-gelisiguzel-bir-sekilde-fuzelerle-hedef-alan-teroristlerin-mevkil"],"_links":{"self":[{"href":"https:\/\/archive.sana.sy\/tr\/index.php?rest_route=\/wp\/v2\/posts\/21812","targetHints":{"allow":["GET"]}}],"collection":[{"href":"https:\/\/archive.sana.sy\/tr\/index.php?rest_route=\/wp\/v2\/posts"}],"about":[{"href":"https:\/\/archive.sana.sy\/tr\/index.php?rest_route=\/wp\/v2\/types\/post"}],"author":[{"embeddable":true,"href":"https:\/\/archive.sana.sy\/tr\/index.php?rest_route=\/wp\/v2\/users\/1"}],"replies":[{"embeddable":true,"href":"https:\/\/archive.sana.sy\/tr\/index.php?rest_route=%2Fwp%2Fv2%2Fcomments&post=21812"}],"version-history":[{"count":0,"href":"https:\/\/archive.sana.sy\/tr\/index.php?rest_route=\/wp\/v2\/posts\/21812\/revisions"}],"wp:attachment":[{"href":"https:\/\/archive.sana.sy\/tr\/index.php?rest_route=%2Fwp%2Fv2%2Fmedia&parent=21812"}],"wp:term":[{"taxonomy":"category","embeddable":true,"href":"https:\/\/archive.sana.sy\/tr\/index.php?rest_route=%2Fwp%2Fv2%2Fcategories&post=21812"},{"taxonomy":"post_tag","embeddable":true,"href":"https:\/\/archive.sana.sy\/tr\/index.php?rest_route=%2Fwp%2Fv2%2Ftags&post=21812"}],"curies":[{"name":"wp","href":"https:\/\/api.w.org\/{rel}","templated":true}]}}