{"id":21814,"date":"2015-01-25T16:04:07","date_gmt":"2015-01-25T14:04:07","guid":{"rendered":"http:\/\/www.sana.sy\/tr\/?p=21814"},"modified":"2015-01-25T16:04:07","modified_gmt":"2015-01-25T14:04:07","slug":"diyale-tamamen-terorden-temizlendi","status":"publish","type":"post","link":"https:\/\/archive.sana.sy\/tr\/?p=21814","title":{"rendered":"Diyale Tamamen Ter\u00f6rden Temizlendi"},"content":{"rendered":"<p>BA\u011eDAT \u2013 Irak g\u00fc\u00e7leri bug\u00fcn halk g\u00fc\u00e7leriyle i\u015fbirli\u011fi i\u00e7inde \u00fc\u00e7 g\u00fcn s\u00fcren askeri operasyonlar sonucunda \u00fclkenin do\u011fusuna d\u00fc\u015fen Diyale \u0130lini tamamen I\u015e\u0130D ter\u00f6ristlerinden temizledi\u011fini ilan etti.<\/p>\n<p>Irak Parlamentosunda Bedir Grubu ba\u015fkan\u0131 ve Halk G\u00fc\u00e7lerinin te\u015fkilat\u0131 olan Bedir \u00d6rg\u00fct\u00fcn\u00fcn askeri kanad\u0131 komutan yard\u0131mc\u0131s\u0131 Kas\u0131m el Areci SANA\u2019n\u0131n Ba\u011fdat muhabirine a\u00e7\u0131klamas\u0131nda; \u00fc\u00e7 g\u00fcn aral\u0131ks\u0131z s\u00fcren operasyonlar sonucunda Diyale \u0130linin t\u00fcm b\u00f6lgelerinin I\u015e\u0130D ter\u00f6ristlerinden temizlendi\u011fini s\u00f6yledi. Areci operasyonlarda onlarca I\u015e\u0130D\u2019linin \u00f6ld\u00fcr\u00fcld\u00fc\u011f\u00fcn\u00fc belirtti.<\/p>\n<p>I\u015e\u0130D ter\u00f6ristlerinden temizlenen b\u00f6lgelerde noramal ya\u015fam\u0131n sa\u011flanmas\u0131 amac\u0131yla bomba d\u00fczenekleri ve ter\u00f6r kal\u0131nt\u0131lar\u0131n\u0131 temizleme operasyonlar\u0131n\u0131n ba\u015flat\u0131ld\u0131\u011f\u0131n\u0131 s\u00f6yleyen Areci; ka\u00e7an ter\u00f6ristleri kovalama operasyonlar\u0131n\u0131n da devam etti\u011fini aktard\u0131.<\/p>\n<p>Bu arada Irak ordusu Tikrit B\u00f6lgesinde I\u015e\u0130D \u00d6rg\u00fct\u00fcne ait bir askeri \u00fcss\u00fc tamamen imha ederek \u00e7ok say\u0131da ter\u00f6risti etkisizle\u015ftirdi\u011fini a\u00e7\u0131klad\u0131.<\/p>\n","protected":false},"excerpt":{"rendered":"<p>BA\u011eDAT \u2013 Irak g\u00fc\u00e7leri bug\u00fcn halk g\u00fc\u00e7leriyle i\u015fbirli\u011fi i\u00e7inde \u00fc\u00e7 g\u00fcn s\u00fcren askeri operasyonlar sonucunda \u00fclkenin do\u011fusuna d\u00fc\u015fen Diyale \u0130lini tamamen I\u015e\u0130D ter\u00f6ristlerinden temizledi\u011fini ilan etti. Irak Parlamentosunda Bedir Grubu ba\u015fkan\u0131 ve Halk G\u00fc\u00e7lerinin te\u015fkilat\u0131 olan Bedir \u00d6rg\u00fct\u00fcn\u00fcn askeri kanad\u0131 komutan yard\u0131mc\u0131s\u0131 Kas\u0131m el Areci SANA\u2019n\u0131n Ba\u011fdat muhabirine a\u00e7\u0131klamas\u0131nda; \u00fc\u00e7 g\u00fcn aral\u0131ks\u0131z s\u00fcren operasyonlar sonucunda &hellip;<\/p>\n","protected":false},"author":1,"featured_media":21815,"comment_status":"closed","ping_status":"closed","sticky":false,"template":"","format":"standard","meta":{"footnotes":""},"categories":[458,459,447],"tags":[10620],"class_list":["post-21814","post","type-post","status-publish","format-standard","has-post-thumbnail","","category-dunya1","category-haberler-arap-uluslararasi-politika","category-politika","tag-diyale-tamamen-terorden-temizlendi-bagdat-irak-gucleri-bugun-halk-gucleriyle-isbirligi-icinde-uc-gun-suren-askeri-operasyonlar-sonucunda-ulkenin-dogusuna-dusen-diyale-ilini-tamamen-isid-tero"],"_links":{"self":[{"href":"https:\/\/archive.sana.sy\/tr\/index.php?rest_route=\/wp\/v2\/posts\/21814","targetHints":{"allow":["GET"]}}],"collection":[{"href":"https:\/\/archive.sana.sy\/tr\/index.php?rest_route=\/wp\/v2\/posts"}],"about":[{"href":"https:\/\/archive.sana.sy\/tr\/index.php?rest_route=\/wp\/v2\/types\/post"}],"author":[{"embeddable":true,"href":"https:\/\/archive.sana.sy\/tr\/index.php?rest_route=\/wp\/v2\/users\/1"}],"replies":[{"embeddable":true,"href":"https:\/\/archive.sana.sy\/tr\/index.php?rest_route=%2Fwp%2Fv2%2Fcomments&post=21814"}],"version-history":[{"count":0,"href":"https:\/\/archive.sana.sy\/tr\/index.php?rest_route=\/wp\/v2\/posts\/21814\/revisions"}],"wp:featuredmedia":[{"embeddable":true,"href":"https:\/\/archive.sana.sy\/tr\/index.php?rest_route=\/wp\/v2\/media\/21815"}],"wp:attachment":[{"href":"https:\/\/archive.sana.sy\/tr\/index.php?rest_route=%2Fwp%2Fv2%2Fmedia&parent=21814"}],"wp:term":[{"taxonomy":"category","embeddable":true,"href":"https:\/\/archive.sana.sy\/tr\/index.php?rest_route=%2Fwp%2Fv2%2Fcategories&post=21814"},{"taxonomy":"post_tag","embeddable":true,"href":"https:\/\/archive.sana.sy\/tr\/index.php?rest_route=%2Fwp%2Fv2%2Ftags&post=21814"}],"curies":[{"name":"wp","href":"https:\/\/api.w.org\/{rel}","templated":true}]}}