{"id":21837,"date":"2015-01-25T21:19:12","date_gmt":"2015-01-25T19:19:12","guid":{"rendered":"http:\/\/www.sana.sy\/tr\/?p=21837"},"modified":"2015-01-25T21:19:12","modified_gmt":"2015-01-25T19:19:12","slug":"ayn-arap-ahalisi-kasaba-yakinindaki-2-koyu-isid-cetelerinden-temizledi","status":"publish","type":"post","link":"https:\/\/archive.sana.sy\/tr\/?p=21837","title":{"rendered":"Ayn Arap Ahalisi Kasaba Yak\u0131n\u0131ndaki 2 K\u00f6y\u00fc I\u015e\u0130D \u00c7etelerinden Temizledi"},"content":{"rendered":"<p>HALEP \u2013 Halep k\u0131rsal\u0131n\u0131n Ayn Arap Kasabas\u0131 ahalisi kasabalar\u0131n\u0131 I\u015e\u0130D ter\u00f6r \u00e7etelerine kar\u015f\u0131 savunmaya devam ederek kasaba civar\u0131nda bulunan iki k\u00f6y\u00fc ter\u00f6ristlerden temizledi.<\/p>\n<p>Yerel kaynaklar Ayn Arap ahalisinin bug\u00fcn I\u015e\u0130D \u00e7eteleri ile \u015fiddetli \u00e7at\u0131\u015fmalar ard\u0131ndan kasaban\u0131n g\u00fcneybat\u0131s\u0131na d\u00fc\u015fen Mamid K\u00f6y\u00fcn\u00fc I\u015e\u0130D \u00e7etelerinden temizlediklerini aktard\u0131. Kaynaklar 12 I\u015e\u0130D\u2019linin \u00f6ld\u00fcr\u00fcld\u00fc\u011f\u00fc \u00e7at\u0131\u015fmalarda bir tank ve a\u011f\u0131r makineli silahla donat\u0131lm\u0131\u015f bir arac\u0131n ahali taraf\u0131ndan ele ge\u00e7irildi\u011fini aktard\u0131.<\/p>\n<p>Halep \u2013 Ayn Arap karayolu ile Me\u015fte Nur Tepesi aras\u0131nda d\u00fc\u015fen Termek K\u00f6y\u00fcn\u00fcn de I\u015e\u0130D \u00e7etelerinden temizlendi\u011fini aktaran kaynaklar, burada da I\u015e\u0130D \u00e7etelerinin be\u015feri ve te\u00e7hizat kayb\u0131na u\u011frat\u0131ld\u0131klar\u0131n\u0131 ifade etti.<\/p>\n<p>Ayn Arap ahalisi kasaba i\u00e7inde ise \u015eeriat Okulunun yan\u0131 s\u0131ra okulun kuzey ve do\u011fu taraflar\u0131n\u0131 I\u015e\u0130D \u00e7etelerinden temizledi.<\/p>\n","protected":false},"excerpt":{"rendered":"<p>HALEP \u2013 Halep k\u0131rsal\u0131n\u0131n Ayn Arap Kasabas\u0131 ahalisi kasabalar\u0131n\u0131 I\u015e\u0130D ter\u00f6r \u00e7etelerine kar\u015f\u0131 savunmaya devam ederek kasaba civar\u0131nda bulunan iki k\u00f6y\u00fc ter\u00f6ristlerden temizledi. Yerel kaynaklar Ayn Arap ahalisinin bug\u00fcn I\u015e\u0130D \u00e7eteleri ile \u015fiddetli \u00e7at\u0131\u015fmalar ard\u0131ndan kasaban\u0131n g\u00fcneybat\u0131s\u0131na d\u00fc\u015fen Mamid K\u00f6y\u00fcn\u00fc I\u015e\u0130D \u00e7etelerinden temizlediklerini aktard\u0131. Kaynaklar 12 I\u015e\u0130D\u2019linin \u00f6ld\u00fcr\u00fcld\u00fc\u011f\u00fc \u00e7at\u0131\u015fmalarda bir tank ve a\u011f\u0131r makineli silahla &hellip;<\/p>\n","protected":false},"author":1,"featured_media":21838,"comment_status":"closed","ping_status":"closed","sticky":false,"template":"","format":"standard","meta":{"footnotes":""},"categories":[479,575,447,478],"tags":[10625,10626],"class_list":["post-21837","post","type-post","status-publish","format-standard","has-post-thumbnail","","category-haberler-yerel","category-olaylar-ve-gercekler","category-politika","category-yerel","tag-ayn-arap-ahalisi-kasaba-yakinindaki-2-koyu-isid-cetelerinden-temizledi-halep-halep-kirsalinin-ayn-arap-kasabasi-ahalisi-kasabalarini-isid-teror-cetelerine-karsi-savunmaya-devam-ederek-kasaba","tag-burada-da-isid-cetelerinin-beseri-ve-techizat-kaybina-ugratildiklarini-ifade-etti-ayn-arap-ahalisi-kasaba-icinde-ise-seriat-okulunun-yani-sira-okulun-kuzey-ve-dogu-taraflarini-isid-cetelerinden-temiz"],"_links":{"self":[{"href":"https:\/\/archive.sana.sy\/tr\/index.php?rest_route=\/wp\/v2\/posts\/21837","targetHints":{"allow":["GET"]}}],"collection":[{"href":"https:\/\/archive.sana.sy\/tr\/index.php?rest_route=\/wp\/v2\/posts"}],"about":[{"href":"https:\/\/archive.sana.sy\/tr\/index.php?rest_route=\/wp\/v2\/types\/post"}],"author":[{"embeddable":true,"href":"https:\/\/archive.sana.sy\/tr\/index.php?rest_route=\/wp\/v2\/users\/1"}],"replies":[{"embeddable":true,"href":"https:\/\/archive.sana.sy\/tr\/index.php?rest_route=%2Fwp%2Fv2%2Fcomments&post=21837"}],"version-history":[{"count":0,"href":"https:\/\/archive.sana.sy\/tr\/index.php?rest_route=\/wp\/v2\/posts\/21837\/revisions"}],"wp:featuredmedia":[{"embeddable":true,"href":"https:\/\/archive.sana.sy\/tr\/index.php?rest_route=\/wp\/v2\/media\/21838"}],"wp:attachment":[{"href":"https:\/\/archive.sana.sy\/tr\/index.php?rest_route=%2Fwp%2Fv2%2Fmedia&parent=21837"}],"wp:term":[{"taxonomy":"category","embeddable":true,"href":"https:\/\/archive.sana.sy\/tr\/index.php?rest_route=%2Fwp%2Fv2%2Fcategories&post=21837"},{"taxonomy":"post_tag","embeddable":true,"href":"https:\/\/archive.sana.sy\/tr\/index.php?rest_route=%2Fwp%2Fv2%2Ftags&post=21837"}],"curies":[{"name":"wp","href":"https:\/\/api.w.org\/{rel}","templated":true}]}}