{"id":21840,"date":"2015-01-25T21:30:43","date_gmt":"2015-01-25T19:30:43","guid":{"rendered":"http:\/\/www.sana.sy\/tr\/?p=21840"},"modified":"2015-01-25T21:30:43","modified_gmt":"2015-01-25T19:30:43","slug":"terore-destekle-demokrasi-saglamak-mumkun-degildir","status":"publish","type":"post","link":"https:\/\/archive.sana.sy\/tr\/?p=21840","title":{"rendered":"Ter\u00f6re Destekle Demokrasi Sa\u011flamak M\u00fcmk\u00fcn De\u011fildir"},"content":{"rendered":"<p>TAHRAN \u2013 \u0130ran \u015eura Meclisi Ba\u015fkan\u0131 Ali Laricani d\u00fcnyan\u0131n \u00f6nde gelen b\u00fcy\u00fck g\u00fc\u00e7lerinin Suriye&#8217;deki durumlar konusunda izledikleri \u00e7ifte standartl\u0131 tutum ve politikalar\u0131 ele\u015ftirdi.<\/p>\n<p>Alman Parlamentosu Ba\u015fkan Yard\u0131mc\u0131s\u0131 Claudia Roth ile bug\u00fcn Tahran\u2019da bulundu\u011fu temaslarda Laricani; ter\u00f6ristleri finanse etmekle birlikte onlara silah, askeri ve istihbarat deste\u011fi takdim etmekle d\u00fcnyan\u0131n hi\u00e7bir \u00fclkesinde demokrasi sa\u011flaman\u0131n m\u00fcmk\u00fcn olmad\u0131\u011f\u0131n\u0131n alt\u0131n\u0131 \u00e7izdi.<\/p>\n<p>Laricani b\u00f6lgesel ve uluslar aras\u0131 meseleler konusunda temas ve g\u00f6r\u00fc\u015f al\u0131\u015fveri\u015finin iki \u00fclke aras\u0131ndaki ili\u015fkileri muhtelif alanlarda geli\u015ftirebilece\u011fine i\u015faret etti.<\/p>\n<p>G\u00f6r\u00fc\u015fmede Roth Suriye&#8217;deki krize ba\u015fta \u0130ran olmak \u00fczere b\u00f6lgedeki t\u00fcm devletlerin yard\u0131mlar\u0131yla ve diyalog arac\u0131l\u0131\u011f\u0131 ile \u00e7\u00f6z\u00fcm bulma gere\u011finin alt\u0131n\u0131 \u00e7izdi. Roth politika ve ekonomi konusunda \u0130ran ile Almanya aras\u0131nda uygun bir taban bulundu\u011funa i\u015faret ederek, bunun istikrar ve g\u00fcvenli\u011fin sa\u011flanmas\u0131na katk\u0131 sa\u011flayabilece\u011fini s\u00f6yledi.<\/p>\n","protected":false},"excerpt":{"rendered":"<p>TAHRAN \u2013 \u0130ran \u015eura Meclisi Ba\u015fkan\u0131 Ali Laricani d\u00fcnyan\u0131n \u00f6nde gelen b\u00fcy\u00fck g\u00fc\u00e7lerinin Suriye&#8217;deki durumlar konusunda izledikleri \u00e7ifte standartl\u0131 tutum ve politikalar\u0131 ele\u015ftirdi. Alman Parlamentosu Ba\u015fkan Yard\u0131mc\u0131s\u0131 Claudia Roth ile bug\u00fcn Tahran\u2019da bulundu\u011fu temaslarda Laricani; ter\u00f6ristleri finanse etmekle birlikte onlara silah, askeri ve istihbarat deste\u011fi takdim etmekle d\u00fcnyan\u0131n hi\u00e7bir \u00fclkesinde demokrasi sa\u011flaman\u0131n m\u00fcmk\u00fcn olmad\u0131\u011f\u0131n\u0131n alt\u0131n\u0131 &hellip;<\/p>\n","protected":false},"author":1,"featured_media":21841,"comment_status":"closed","ping_status":"closed","sticky":false,"template":"","format":"standard","meta":{"footnotes":""},"categories":[458,459,447],"tags":[10628,10629,10627],"class_list":["post-21840","post","type-post","status-publish","format-standard","has-post-thumbnail","","category-dunya1","category-haberler-arap-uluslararasi-politika","category-politika","tag-askeri-ve-istihbarat-destegi-takdim-etmekle-dunyanin-hicbir-ulkesinde-demokrasi-saglamanin-mumkun-olmadiginin-altini-cizdi-laricani-bolgesel-ve-uluslar-arasi-meseleler-konusunda-temas-ve-gorus-alisve","tag-bunun-istikrar-ve-guvenligin-saglanmasina-katki-saglayabilecegini-soyledi","tag-terore-destekle-demokrasi-saglamak-mumkun-degildir-tahran-iran-sura-meclisi-baskani-ali-laricani-dunyanin-onde-gelen-buyuk-guclerinin-suriyedeki-durumlar-konusunda-izledikleri-cifte-standar"],"_links":{"self":[{"href":"https:\/\/archive.sana.sy\/tr\/index.php?rest_route=\/wp\/v2\/posts\/21840","targetHints":{"allow":["GET"]}}],"collection":[{"href":"https:\/\/archive.sana.sy\/tr\/index.php?rest_route=\/wp\/v2\/posts"}],"about":[{"href":"https:\/\/archive.sana.sy\/tr\/index.php?rest_route=\/wp\/v2\/types\/post"}],"author":[{"embeddable":true,"href":"https:\/\/archive.sana.sy\/tr\/index.php?rest_route=\/wp\/v2\/users\/1"}],"replies":[{"embeddable":true,"href":"https:\/\/archive.sana.sy\/tr\/index.php?rest_route=%2Fwp%2Fv2%2Fcomments&post=21840"}],"version-history":[{"count":0,"href":"https:\/\/archive.sana.sy\/tr\/index.php?rest_route=\/wp\/v2\/posts\/21840\/revisions"}],"wp:featuredmedia":[{"embeddable":true,"href":"https:\/\/archive.sana.sy\/tr\/index.php?rest_route=\/wp\/v2\/media\/21841"}],"wp:attachment":[{"href":"https:\/\/archive.sana.sy\/tr\/index.php?rest_route=%2Fwp%2Fv2%2Fmedia&parent=21840"}],"wp:term":[{"taxonomy":"category","embeddable":true,"href":"https:\/\/archive.sana.sy\/tr\/index.php?rest_route=%2Fwp%2Fv2%2Fcategories&post=21840"},{"taxonomy":"post_tag","embeddable":true,"href":"https:\/\/archive.sana.sy\/tr\/index.php?rest_route=%2Fwp%2Fv2%2Ftags&post=21840"}],"curies":[{"name":"wp","href":"https:\/\/api.w.org\/{rel}","templated":true}]}}