{"id":21843,"date":"2015-01-25T21:42:24","date_gmt":"2015-01-25T19:42:24","guid":{"rendered":"http:\/\/www.sana.sy\/tr\/?p=21843"},"modified":"2015-01-25T21:42:24","modified_gmt":"2015-01-25T19:42:24","slug":"sosyalist-araplar-hareketinden-orduya-destek-kampanyasi","status":"publish","type":"post","link":"https:\/\/archive.sana.sy\/tr\/?p=21843","title":{"rendered":"Sosyalist Araplar Hareketinden Orduya Destek Kampanyas\u0131"},"content":{"rendered":"<p>\u015eAM \u2013 Suriye&#8217;de muhalif siyasi partilerden Sosyalist Araplar Hareketinin gen\u00e7lik kolu bug\u00fcn; ordu birliklerimizin \u00e7okuluslu ter\u00f6re kar\u015f\u0131 vatan ve vatanda\u015flar\u0131n g\u00fcvenli\u011fini korumadaki e\u015fsiz kahramanl\u0131klar\u0131na takdir amac\u0131yla \u015eam\u2019\u0131n Mezze Semtindeki kan bankas\u0131nda kan ba\u011f\u0131\u015f\u0131 kampanyas\u0131 d\u00fczenledi.<\/p>\n<p>SANA\u2019ya a\u00e7\u0131klama yapan Hareket Genel Sekreteri Ahmet el Ahmet kan ba\u011f\u0131\u015f\u0131n\u0131n; muhtelif adland\u0131rmalar alt\u0131nda Suriye&#8217;yi devlet ve halk olarak yak\u0131p y\u0131kmaya \u00e7al\u0131\u015fan ter\u00f6r \u00f6rg\u00fctlere kar\u015f\u0131 sava\u015fta yaralanan askerlerimize destek amac\u0131 ta\u015f\u0131d\u0131\u011f\u0131n\u0131 s\u00f6yledi.<\/p>\n<p>El Ahmet Hareketin gen\u00e7leri ve t\u00fcm kadrolar\u0131yla Suriye&#8217;yi hedef alan olaylar\u0131n ba\u015f\u0131nda ger\u00e7ekleri idrak etmeleriyle ordunun yan\u0131nda yer ald\u0131\u011f\u0131n\u0131 belirtti.<\/p>\n<p>Ordu ve silahl\u0131 kuvvetlerimizin ter\u00f6re kar\u015f\u0131 bulunduklar\u0131 e\u015fsiz fedakarl\u0131klar yan\u0131nda kanlar\u0131n\u0131 ba\u011f\u0131\u015flaman\u0131n en kutsal vacip oldu\u011funu ifade eden el Ahmet; Suriye&#8217;nin bu kahramanlar\u0131n sayesinde zafere ula\u015fmas\u0131n\u0131n ka\u00e7\u0131n\u0131lmaz bir ger\u00e7ek oldu\u011funun alt\u0131n\u0131 \u00e7izdi.<\/p>\n","protected":false},"excerpt":{"rendered":"<p>\u015eAM \u2013 Suriye&#8217;de muhalif siyasi partilerden Sosyalist Araplar Hareketinin gen\u00e7lik kolu bug\u00fcn; ordu birliklerimizin \u00e7okuluslu ter\u00f6re kar\u015f\u0131 vatan ve vatanda\u015flar\u0131n g\u00fcvenli\u011fini korumadaki e\u015fsiz kahramanl\u0131klar\u0131na takdir amac\u0131yla \u015eam\u2019\u0131n Mezze Semtindeki kan bankas\u0131nda kan ba\u011f\u0131\u015f\u0131 kampanyas\u0131 d\u00fczenledi. SANA\u2019ya a\u00e7\u0131klama yapan Hareket Genel Sekreteri Ahmet el Ahmet kan ba\u011f\u0131\u015f\u0131n\u0131n; muhtelif adland\u0131rmalar alt\u0131nda Suriye&#8217;yi devlet ve halk olarak yak\u0131p &hellip;<\/p>\n","protected":false},"author":1,"featured_media":21844,"comment_status":"closed","ping_status":"closed","sticky":false,"template":"","format":"standard","meta":{"footnotes":""},"categories":[479,478],"tags":[10630],"class_list":["post-21843","post","type-post","status-publish","format-standard","has-post-thumbnail","","category-haberler-yerel","category-yerel","tag-sosyalist-araplar-hareketinden-orduya-destek-kampanyasi-sam-suriyede-muhalif-siyasi-partilerden-sosyalist-araplar-hareketinin-genclik-kolu-bugun-ordu-birliklerimizin-cokuluslu-terore-karsi"],"_links":{"self":[{"href":"https:\/\/archive.sana.sy\/tr\/index.php?rest_route=\/wp\/v2\/posts\/21843","targetHints":{"allow":["GET"]}}],"collection":[{"href":"https:\/\/archive.sana.sy\/tr\/index.php?rest_route=\/wp\/v2\/posts"}],"about":[{"href":"https:\/\/archive.sana.sy\/tr\/index.php?rest_route=\/wp\/v2\/types\/post"}],"author":[{"embeddable":true,"href":"https:\/\/archive.sana.sy\/tr\/index.php?rest_route=\/wp\/v2\/users\/1"}],"replies":[{"embeddable":true,"href":"https:\/\/archive.sana.sy\/tr\/index.php?rest_route=%2Fwp%2Fv2%2Fcomments&post=21843"}],"version-history":[{"count":0,"href":"https:\/\/archive.sana.sy\/tr\/index.php?rest_route=\/wp\/v2\/posts\/21843\/revisions"}],"wp:featuredmedia":[{"embeddable":true,"href":"https:\/\/archive.sana.sy\/tr\/index.php?rest_route=\/wp\/v2\/media\/21844"}],"wp:attachment":[{"href":"https:\/\/archive.sana.sy\/tr\/index.php?rest_route=%2Fwp%2Fv2%2Fmedia&parent=21843"}],"wp:term":[{"taxonomy":"category","embeddable":true,"href":"https:\/\/archive.sana.sy\/tr\/index.php?rest_route=%2Fwp%2Fv2%2Fcategories&post=21843"},{"taxonomy":"post_tag","embeddable":true,"href":"https:\/\/archive.sana.sy\/tr\/index.php?rest_route=%2Fwp%2Fv2%2Ftags&post=21843"}],"curies":[{"name":"wp","href":"https:\/\/api.w.org\/{rel}","templated":true}]}}