{"id":218445,"date":"2020-09-21T23:09:20","date_gmt":"2020-09-21T20:09:20","guid":{"rendered":"http:\/\/www.sana.sy\/tr\/?p=218445"},"modified":"2020-09-22T09:24:15","modified_gmt":"2020-09-22T06:24:15","slug":"sb-33-koronavirus17-sifa-ve-3-vefat-vakasi","status":"publish","type":"post","link":"https:\/\/archive.sana.sy\/tr\/?p=218445","title":{"rendered":"SB: 33 Koronavir\u00fcs,17 \u015eifa Ve 3 Vefat Vakas\u0131"},"content":{"rendered":"<p>\u015eAM \u2013 Sa\u011fl\u0131k Bakanl\u0131\u011f\u0131 bug\u00fcn, 10 g\u00fcn \u00f6nce tescil edilen 60 isabet vakas\u0131na nazaran g\u00fcnl\u00fck bilan\u00e7onun gerilemeye devam etmesiyle Suriye&#8217;de 33 koronavir\u00fcs vakas\u0131n\u0131n tescil edildi\u011fini, tescil edilen toplam vakalardan 17&#8217;sinin \u015fifa buldu\u011funu, 3&#8217;\u00fcn\u00fcn de vefat etti\u011fini ilan etti.<\/p>\n<p>Bakanl\u0131k yay\u0131nlad\u0131\u011f\u0131 ve SANA&#8217;n\u0131n bir n\u00fcshas\u0131n\u0131 ald\u0131\u011f\u0131 beyan\u0131nda, Suriye&#8217;de tescil edilen toplam koronavir\u00fcs vakas\u0131n\u0131n bug\u00fcne kadar 3833&#8217;e, bunlardan 963&#8217;\u00fcn\u00fcn \u015fifa buldu\u011funu 175&#8217;inin de vefat etti\u011fine i\u015faret etti.<\/p>\n","protected":false},"excerpt":{"rendered":"<p>\u015eAM \u2013 Sa\u011fl\u0131k Bakanl\u0131\u011f\u0131 bug\u00fcn, 10 g\u00fcn \u00f6nce tescil edilen 60 isabet vakas\u0131na nazaran g\u00fcnl\u00fck bilan\u00e7onun gerilemeye devam etmesiyle Suriye&#8217;de 33 koronavir\u00fcs vakas\u0131n\u0131n tescil edildi\u011fini, tescil edilen toplam vakalardan 17&#8217;sinin \u015fifa buldu\u011funu, 3&#8217;\u00fcn\u00fcn de vefat etti\u011fini ilan etti. Bakanl\u0131k yay\u0131nlad\u0131\u011f\u0131 ve SANA&#8217;n\u0131n bir n\u00fcshas\u0131n\u0131 ald\u0131\u011f\u0131 beyan\u0131nda, Suriye&#8217;de tescil edilen toplam koronavir\u00fcs vakas\u0131n\u0131n bug\u00fcne kadar 3833&#8217;e, &hellip;<\/p>\n","protected":false},"author":1,"featured_media":218446,"comment_status":"closed","ping_status":"closed","sticky":false,"template":"","format":"standard","meta":{"footnotes":""},"categories":[526,479,17988,525,478],"tags":[],"class_list":["post-218445","post","type-post","status-publish","format-standard","has-post-thumbnail","","category-haber-ve-raporlar","category-haberler-yerel","category-son-haberler","category-toplum","category-yerel"],"_links":{"self":[{"href":"https:\/\/archive.sana.sy\/tr\/index.php?rest_route=\/wp\/v2\/posts\/218445","targetHints":{"allow":["GET"]}}],"collection":[{"href":"https:\/\/archive.sana.sy\/tr\/index.php?rest_route=\/wp\/v2\/posts"}],"about":[{"href":"https:\/\/archive.sana.sy\/tr\/index.php?rest_route=\/wp\/v2\/types\/post"}],"author":[{"embeddable":true,"href":"https:\/\/archive.sana.sy\/tr\/index.php?rest_route=\/wp\/v2\/users\/1"}],"replies":[{"embeddable":true,"href":"https:\/\/archive.sana.sy\/tr\/index.php?rest_route=%2Fwp%2Fv2%2Fcomments&post=218445"}],"version-history":[{"count":0,"href":"https:\/\/archive.sana.sy\/tr\/index.php?rest_route=\/wp\/v2\/posts\/218445\/revisions"}],"wp:featuredmedia":[{"embeddable":true,"href":"https:\/\/archive.sana.sy\/tr\/index.php?rest_route=\/wp\/v2\/media\/218446"}],"wp:attachment":[{"href":"https:\/\/archive.sana.sy\/tr\/index.php?rest_route=%2Fwp%2Fv2%2Fmedia&parent=218445"}],"wp:term":[{"taxonomy":"category","embeddable":true,"href":"https:\/\/archive.sana.sy\/tr\/index.php?rest_route=%2Fwp%2Fv2%2Fcategories&post=218445"},{"taxonomy":"post_tag","embeddable":true,"href":"https:\/\/archive.sana.sy\/tr\/index.php?rest_route=%2Fwp%2Fv2%2Ftags&post=218445"}],"curies":[{"name":"wp","href":"https:\/\/api.w.org\/{rel}","templated":true}]}}