{"id":21846,"date":"2015-01-25T22:22:41","date_gmt":"2015-01-25T20:22:41","guid":{"rendered":"http:\/\/www.sana.sy\/tr\/?p=21846"},"modified":"2015-01-25T22:22:41","modified_gmt":"2015-01-25T20:22:41","slug":"idari-kalkinmada-kurumsal-calismanin-buyuk-onemi-vardir","status":"publish","type":"post","link":"https:\/\/archive.sana.sy\/tr\/?p=21846","title":{"rendered":"\u0130dari Kalk\u0131nmada Kurumsal \u00c7al\u0131\u015fman\u0131n B\u00fcy\u00fck \u00d6nemi Vard\u0131r"},"content":{"rendered":"<p>\u015eAM \u2013 \u0130dari Kalk\u0131nma Bakanl\u0131\u011f\u0131ndaki \u0130sti\u015fare Meclisi bug\u00fcn \u0130dari Kalk\u0131nma Bakan\u0131 Hassan el Nuri ba\u015fkanl\u0131\u011f\u0131nda d\u00fczenledi\u011fi ilk oturumunda ulusal kalk\u0131nma projesinde meclisin vizyonu, \u00e7al\u0131\u015fma mekanizmas\u0131 ve g\u00f6revlerini tart\u0131\u015ft\u0131.<\/p>\n<p><a href=\"http:\/\/www.sana.sy\/tr\/wp-content\/uploads\/2015\/01\/idari-kalk\u0131nma-bakan\u0131-2.jpg\"><img loading=\"lazy\" decoding=\"async\" class=\"alignright wp-image-21848 size-medium\" src=\"http:\/\/www.sana.sy\/tr\/wp-content\/uploads\/2015\/01\/idari-kalk\u0131nma-bakan\u0131-2-300x200.jpg\" alt=\"idari kalk\u0131nma bakan\u0131 2\" width=\"300\" height=\"200\" srcset=\"https:\/\/archive.sana.sy\/tr\/wp-content\/uploads\/2015\/01\/idari-kalk\u0131nma-bakan\u0131-2-300x200.jpg 300w, https:\/\/archive.sana.sy\/tr\/wp-content\/uploads\/2015\/01\/idari-kalk\u0131nma-bakan\u0131-2-150x100.jpg 150w, https:\/\/archive.sana.sy\/tr\/wp-content\/uploads\/2015\/01\/idari-kalk\u0131nma-bakan\u0131-2-1024x681.jpg 1024w\" sizes=\"auto, (max-width: 300px) 100vw, 300px\" \/><\/a>Oturumda konu\u015fan Bakan Nuri; meclisin temel g\u00f6revlerinden birinin idari kalk\u0131nma ve reformunda bilimsel yard\u0131mlar\u0131n yan\u0131 s\u0131ra idari ve kanuni isti\u015fareler takdim etmek oldu\u011funa dikkat \u00e7ekti. Kurumsal kalk\u0131nman\u0131n sa\u011flanmas\u0131 amac\u0131yla kank\u0131nsal projeleri desteklemenin meclisin yine temel g\u00f6revleri aras\u0131nda yer ald\u0131\u011f\u0131n\u0131 belirten Nuri; ulusal kurumlarda idari y\u00f6netimler ve be\u015feri kaynaklara deneyim ve isti\u015fareler takdim edece\u011fini s\u00f6yledi.<\/p>\n<p>Bakan Nuri insan kaynaklar\u0131n\u0131n do\u011fru yerlerde ve uygun bir \u015fekilde kullan\u0131lmas\u0131n\u0131n \u00f6nemine dikkat \u00e7ekti. \u0130darede g\u00f6rev da\u011f\u0131l\u0131m\u0131 ve i\u015f se\u00e7iminde deneyim, performans ve yetene\u011fin temel \u00f6ncelik al\u0131nmas\u0131 \u00f6nemine vurgu yapan Nuri; ulusal deneyim ve olanaklardan faydalanmakla birlikte kurumsal \u00e7al\u0131\u015fman\u0131n b\u00fcy\u00fck \u00f6nemine vurgu yapt\u0131.<\/p>\n","protected":false},"excerpt":{"rendered":"<p>\u015eAM \u2013 \u0130dari Kalk\u0131nma Bakanl\u0131\u011f\u0131ndaki \u0130sti\u015fare Meclisi bug\u00fcn \u0130dari Kalk\u0131nma Bakan\u0131 Hassan el Nuri ba\u015fkanl\u0131\u011f\u0131nda d\u00fczenledi\u011fi ilk oturumunda ulusal kalk\u0131nma projesinde meclisin vizyonu, \u00e7al\u0131\u015fma mekanizmas\u0131 ve g\u00f6revlerini tart\u0131\u015ft\u0131. Oturumda konu\u015fan Bakan Nuri; meclisin temel g\u00f6revlerinden birinin idari kalk\u0131nma ve reformunda bilimsel yard\u0131mlar\u0131n yan\u0131 s\u0131ra idari ve kanuni isti\u015fareler takdim etmek oldu\u011funa dikkat \u00e7ekti. Kurumsal kalk\u0131nman\u0131n &hellip;<\/p>\n","protected":false},"author":1,"featured_media":21847,"comment_status":"closed","ping_status":"closed","sticky":false,"template":"","format":"standard","meta":{"footnotes":""},"categories":[479,478],"tags":[10632,10631,10633],"class_list":["post-21846","post","type-post","status-publish","format-standard","has-post-thumbnail","","category-haberler-yerel","category-yerel","tag-calisma-mekanizmasi-ve-gorevlerini-tartisti-oturumda-konusan-bakan-nuri-meclisin-temel-gorevlerinden-birinin-idari-kalkinma-ve-reformunda-bilimsel-yardimlarin-yani-sira-idari-ve-kanuni-istisareler-t","tag-idari-kalkinmada-kurumsal-calismanin-buyuk-onemi-vardir-sam-idari-kalkinma-bakanligindaki-istisare-meclisi-bugun-idari-kalkinma-bakani-hassan-el-nuri-baskanliginda-duzenledigi-ilk-oturumunda","tag-performans-ve-yetenegin-temel-oncelik-alinmasi-onemine-vurgu-yapan-nuri-ulusal-deneyim-ve-olanaklardan-faydalanmakla-birlikte-kurumsal-calismanin-buyuk-onemine-vurgu-yapti"],"_links":{"self":[{"href":"https:\/\/archive.sana.sy\/tr\/index.php?rest_route=\/wp\/v2\/posts\/21846","targetHints":{"allow":["GET"]}}],"collection":[{"href":"https:\/\/archive.sana.sy\/tr\/index.php?rest_route=\/wp\/v2\/posts"}],"about":[{"href":"https:\/\/archive.sana.sy\/tr\/index.php?rest_route=\/wp\/v2\/types\/post"}],"author":[{"embeddable":true,"href":"https:\/\/archive.sana.sy\/tr\/index.php?rest_route=\/wp\/v2\/users\/1"}],"replies":[{"embeddable":true,"href":"https:\/\/archive.sana.sy\/tr\/index.php?rest_route=%2Fwp%2Fv2%2Fcomments&post=21846"}],"version-history":[{"count":0,"href":"https:\/\/archive.sana.sy\/tr\/index.php?rest_route=\/wp\/v2\/posts\/21846\/revisions"}],"wp:featuredmedia":[{"embeddable":true,"href":"https:\/\/archive.sana.sy\/tr\/index.php?rest_route=\/wp\/v2\/media\/21847"}],"wp:attachment":[{"href":"https:\/\/archive.sana.sy\/tr\/index.php?rest_route=%2Fwp%2Fv2%2Fmedia&parent=21846"}],"wp:term":[{"taxonomy":"category","embeddable":true,"href":"https:\/\/archive.sana.sy\/tr\/index.php?rest_route=%2Fwp%2Fv2%2Fcategories&post=21846"},{"taxonomy":"post_tag","embeddable":true,"href":"https:\/\/archive.sana.sy\/tr\/index.php?rest_route=%2Fwp%2Fv2%2Ftags&post=21846"}],"curies":[{"name":"wp","href":"https:\/\/api.w.org\/{rel}","templated":true}]}}