{"id":21850,"date":"2015-01-26T22:30:27","date_gmt":"2015-01-26T20:30:27","guid":{"rendered":"http:\/\/www.sana.sy\/tr\/?p=21850"},"modified":"2015-01-27T21:54:22","modified_gmt":"2015-01-27T19:54:22","slug":"ilerleme-saglandigi-her-defasinda-israil-suriye-ordusunun-gucunu-baltalamaya-calisti","status":"publish","type":"post","link":"https:\/\/archive.sana.sy\/tr\/?p=21850","title":{"rendered":"Yurtsever Muhalefet ile Kuklalar Birbirlerinden Ay\u0131rt Edilmelidir&#8230; Halk\u0131n B\u00fcy\u00fck \u00c7o\u011funlu\u011fu Devletin Egemenlik ve Birli\u011fi Temsil Etti\u011fine \u0130nan\u0131yor"},"content":{"rendered":"<p>\u015eAM \u2013 Cumhurba\u015fkan\u0131 Be\u015f\u015far el Esad Amerikan Foreign Affairs Dergisiyle yapt\u0131\u011f\u0131 r\u00f6portaj\u0131nda; Suriye ordusunun her zaman girmek istedi\u011fi her b\u00f6lgeye kesinlikle girmeyi ba\u015fard\u0131\u011f\u0131n\u0131 ancak,\u00a0Suriye ordusunun her zaman ve her yerde bulunmas\u0131n\u0131n m\u00fcmk\u00fcn olmad\u0131\u011f\u0131na dikkat \u00e7ekti.<\/p>\n<p>Suriye&#8217;nin son iki y\u0131l i\u00e7inde olumlu y\u00f6nde bir nevi ilerleme kaydetti\u011fini ifade eden el Esad; fakat sava\u015f\u0131n iyi y\u00f6nde gidip gitmedi\u011fi konusunda t\u00fcm sava\u015flar\u0131n y\u0131k\u0131m ve kay\u0131plara yol a\u00e7t\u0131\u011f\u0131na i\u015faret etti.<\/p>\n<p>El Esad Suriye&#8217;ye y\u00f6nelik sava\u015fta elde edilen kazanc\u0131n ise; Suriye halk\u0131n\u0131n ter\u00f6ristleri reddetmesiyle birlikte h\u00fck\u00fcmeti ve ordusuna deste\u011fini peki\u015ftirmesi oldu\u011funu ifade etti.<\/p>\n<p>\u0130srail&#8217;in mevcut s\u00fcre\u00e7 i\u00e7inde Suriye&#8217;deki ger\u00e7ek ajandas\u0131na ili\u015fkin soruya cevab\u0131nda ise el Esad; \u0130srail&#8217;in Suriye&#8217;deki silahl\u0131 cemaatlere destek sundu\u011funa dikkat \u00e7ekti.<\/p>\n<p>El Esad \u0130srail&#8217;in silahl\u0131 cemaatlere a\u00e7\u0131k ve net bir \u015fekilde destek sundu\u011funu belirtti. Suriye&#8217;nin her hangi bir b\u00f6lgede ilerleme kaydetmesinin her defas\u0131nda \u0130srail&#8217;in Suriye ordusunun etki ve faaliyetini zay\u0131flatmaya \u00e7al\u0131\u015ft\u0131\u011f\u0131na dikkat \u00e7eken el Esad; bunun da gayet a\u00e7\u0131k ve net oldu\u011funu s\u00f6yledi.<\/p>\n<p>El Esad dolays\u0131yla Suriyelilerin \u2018Kaide ter\u00f6r \u00f6rg\u00fct\u00fcn\u00fcn hava g\u00fcc\u00fcne sahip olmad\u0131\u011f\u0131\u2019 s\u00f6ylemlerine inanmad\u0131klar\u0131n\u0131; \u00e7\u00fcnk\u00fc Kaide \u00d6rg\u00fct\u00fcn\u00fcn \u0130srail hava kuvvetlerinde g\u00fcc\u00fc oldu\u011funu belirtti.<\/p>\n<p><span style=\"color: #0000ff\">Halk\u0131n B\u00fcy\u00fck \u00c7o\u011funlu\u011fu Devletin Egemenlik ve Birli\u011fi Temsil Etti\u011fine \u0130nan\u0131yor<\/span><\/p>\n<p><a href=\"http:\/\/www.sana.sy\/tr\/wp-content\/uploads\/2015\/01\/el-Esad-52.jpg\"><img loading=\"lazy\" decoding=\"async\" class=\"alignright wp-image-21872 size-medium\" src=\"http:\/\/www.sana.sy\/tr\/wp-content\/uploads\/2015\/01\/el-Esad-52-220x300.jpg\" alt=\"el Esad 5\" width=\"220\" height=\"300\" srcset=\"https:\/\/archive.sana.sy\/tr\/wp-content\/uploads\/2015\/01\/el-Esad-52-220x300.jpg 220w, https:\/\/archive.sana.sy\/tr\/wp-content\/uploads\/2015\/01\/el-Esad-52-110x150.jpg 110w, https:\/\/archive.sana.sy\/tr\/wp-content\/uploads\/2015\/01\/el-Esad-52-751x1024.jpg 751w\" sizes=\"auto, (max-width: 220px) 100vw, 220px\" \/><\/a>Ba\u015flamas\u0131n\u0131n \u00fczerinden yakla\u015f\u0131k 4 y\u0131l ge\u00e7mesine ra\u011fmen Suriye&#8217;deki sava\u015f\u0131n y\u00f6n\u00fcne ili\u015fkin bir soruya cevab\u0131nda el Esad; d\u00fcnyada her sava\u015f\u0131n sonunun siyasi yollarla \u00e7\u00f6z\u00fcld\u00fc\u011f\u00fcn\u00fc dikkat \u00e7ekti. El Esad dolay\u0131s\u0131yla Suriye&#8217;deki sava\u015f\u0131n da siyasi yollarla son bulmas\u0131n\u0131n ka\u00e7\u0131n\u0131lmaz oldu\u011funu s\u00f6yledi.<\/p>\n<p>Suriye&#8217;nin mevcut durumda 3 b\u00f6l\u00fcm\u00fc par\u00e7alanm\u0131\u015f oldu\u011funu ve bunu yeniden birle\u015ftirmenin m\u00fcmk\u00fcn olup olmayaca\u011f\u0131 konusunda bir soruya cevab\u0131nda el Esad; Suriye&#8217;nin \u015fu anda b\u00f6l\u00fcnm\u00fc\u015f oldu\u011funu \u00f6ne s\u00fcrmek i\u00e7in hen\u00fcz tam olarak net bir portre bulunmad\u0131\u011f\u0131na dikkat \u00e7ekti. El Esad Suriye halk\u0131n\u0131n halen Suriye\u2019nin birli\u011finden yana olup h\u00fck\u00fcmetini \u015fimdiye kadar desteklemekte oldu\u011funu belirtti. I\u015e\u0130D, Nusra Cephesi yada \u2018\u0131l\u0131ml\u0131 muhalifler\u2019 olarak adland\u0131r\u0131lan di\u011fer gruplar\u0131n baz\u0131 b\u00f6lgeleri ellerinde tuttuklar\u0131n\u0131n do\u011fru oldu\u011funu s\u00f6yleyen el Esad; fakat bu silahl\u0131 gruplar\u0131n bir mekandan ba\u015fka bir mekana intikal ettiklerini, b\u00f6lgelerinde de istikrar\u0131n bulunmad\u0131\u011f\u0131n\u0131 belirtti. Muhtelif adland\u0131rmalar alt\u0131nda bulunan bu silahl\u0131 gruplar\u0131n b\u00f6lgelerini tam anlam\u0131yla bir birinden ay\u0131ran a\u00e7\u0131k s\u0131n\u0131rlar olmad\u0131\u011f\u0131na i\u015faret eden el Esad bu gruplar\u0131n kimi zamanlarda ise birbirine girdiklerini belirtti.<\/p>\n<p>Her \u015feye ra\u011fmen as\u0131l meselenin s\u00f6z\u00fc edilen gruplar\u0131n bulunduklar\u0131 b\u00f6lgelerde hala devleti destekleyen ve bu gruplara kar\u015f\u0131 olan halk\u0131n bulundu\u011funa dikkat \u00e7eken el Esad; Suriyelilerin b\u00fcy\u00fck \u00e7o\u011funlu\u011funun devletin vatan\u0131n egemenlik ve birli\u011fini temsil etti\u011fine inand\u0131klar\u0131n\u0131n alt\u0131n\u0131 \u00e7izdi. El Esad bu halk var oldu\u011fu s\u00fcrece herhangi bir h\u00fck\u00fcmet veya yetkilinin Suriye\u2019yi yeniden birle\u015ftirebilece\u011fini belirtti.<\/p>\n<p><span style=\"color: #0000ff\">Suriye&#8217;de Olaylar Irk Yada Etnik Temellere Dayanm\u0131yor<\/span><\/p>\n<p>Suriye&#8217;de S\u00fcnnilerin ve K\u00fcrtlerin birlik i\u00e7erisinde olan bir Suriye\u2019ye halen inan\u0131p inanmad\u0131klar\u0131 konusunda Esad; \u201c\u015eu anda \u015eam\u2019da y\u00fcr\u00fcrsen \u0131rk, din veya taife olsun Suriye toplumunun b\u00fct\u00fcn renklerini g\u00f6rebilirsin. Hepsi birlikte ya\u015f\u0131yorlar. Suriye\u2019deki b\u00f6l\u00fcnmeler \u0131rk veya etnik temellere dayanm\u0131yor. Hatta K\u00fcrt b\u00f6lgelerinde de s\u00f6z etti\u011fin muhtelif renkler bulunmaktad\u0131r. K\u00fcrtlerden ziyade Arap bulunmaktad\u0131r.<\/p>\n<p>\u00d6yleyse durum \u0131rk veya dinle ba\u011flant\u0131l\u0131 de\u011fildir bilakis muayyen b\u00f6lgelerde gruplar\u0131n askeri y\u00f6nden hakimiyeti alt\u0131na almas\u0131yla ilgilidir.\u201d Cevab\u0131n\u0131 verdi.<\/p>\n<p><span style=\"color: #0000ff\">Karar Verecek Tek Taraf Suriye Halk\u0131d\u0131r<\/span><\/p>\n<p>G\u00f6revinden \u00e7ekilmesi y\u00f6n\u00fcndeki taleplerin gerilemesi ve siyasi \u00e7\u00f6z\u00fcm y\u00f6n\u00fcnde ilerlemeye haz\u0131r olup olmad\u0131\u011f\u0131na ili\u015fkin bir soruya cevab\u0131nda el Esad; \u201cSuriye, ba\u015ftan beri Suriyeli herhangi bir tarafla her t\u00fcrl\u00fc diyaloga a\u00e7\u0131kt\u0131k. Sadece siyasi partileri kastetmiyorum. Bilakis her hangi ak\u0131m veya \u015fahsiyet veyahut da diyelim ki siyasi varl\u0131\u011f\u0131 kastediyorum. Anayasay\u0131 da de\u011fi\u015ftirdik.. bizler her \u015feye a\u00e7\u0131\u011f\u0131z lakin, bir \u015fey yapmak istedi\u011finde bu durum ne makam ne de h\u00fck\u00fcmetle lakal\u0131 olmamal\u0131d\u0131r. Durum Suriyelilerin kendileriyle ba\u011flant\u0131l\u0131d\u0131r. Ortada herhangi bir tarafa ba\u011fl\u0131 olmayan \u00e7o\u011funluk olabilir.<\/p>\n<p>Herhangi bir de\u011fi\u015fiklik yapmak veya siyasi \u00e7\u00f6z\u00fcme varmak istiyorsan, vatani bir sorundan bahsetti\u011fin i\u00e7in, her Suriyelinin bu y\u00f6nde g\u00f6r\u00fc\u015f belirtmesi gerekiyor..\u201d cevab\u0131n\u0131 verdi.<\/p>\n<p>S\u00f6zlerine devam eden el Esad; \u201cdolay\u0131s\u0131yla bir diyalog olaca\u011f\u0131 zaman sadece h\u00fck\u00fcmet ve muhalefet aras\u0131nda de\u011fil; bilakis Suriyeli b\u00fct\u00fcn parti ve varl\u0131klar aras\u0131nda olmas\u0131 gerekmektedir. Bu bir ikincisi ise, en nihayetinde varmak istedi\u011fin herhangi \u00e7\u00f6z\u00fcm olursa olsun halk oylamas\u0131 yoluyla halka d\u00f6nmen gerekecek \u00e7\u00fcnk\u00fc bununla anayasa ve siyasi sistemi de\u011fi\u015ftirmekle birlikte daha ba\u015fka \u015feylere d\u00f6nmen gerekecek dolay\u0131s\u0131yla buna karar verecek olan tek taraf Suriye halk\u0131d\u0131r.\u201d Dedi.<\/p>\n<p>Cumhurba\u015fkan\u0131 el Esad; s\u00f6z\u00fc edilen \u2018ge\u00e7i\u015f s\u00fcrecini\u2019 destekleyecek se\u00e7im yap\u0131lmad\u0131\u011f\u0131 ve Suriye halk\u0131n\u0131n onay\u0131n\u0131 almad\u0131\u011f\u0131 takdirde herhangi bir siyasi ge\u00e7i\u015f s\u00fcrecinin kabul edilemez oldu\u011funu s\u00f6yledi.<br \/>\nBunun siyasi \u00e7\u00f6z\u00fcm y\u00f6n\u00fcnde g\u00f6r\u00fc\u015fmelerin yap\u0131lmamas\u0131 anlam\u0131na gelip gelmedi\u011fi konusunda ise el Esad; \u201cKesinlikle hay\u0131r. Suriye h\u00fck\u00fcmeti Rusya\u2019ya gidecek ve g\u00f6r\u00fc\u015fmelerde bulunacakt\u0131r\u201d cevab\u0131n\u0131 verdi.<\/p>\n<p><span style=\"color: #0000ff\">Yurtsever Muhalefet ile Kuklalar Birbirlerinden Ay\u0131rt Edilmelidir<\/span><\/p>\n<p>S\u00f6zlerine devam eden el Esad; Suriye h\u00fck\u00fcmetinin Moskova&#8217;da yap\u0131lacak g\u00f6r\u00fc\u015fmelerde kiminle g\u00f6r\u00fc\u015fece\u011fi soruna dikkat \u00e7ekti. Suriye h\u00fck\u00fcmetinin etki ve g\u00fcce sahip kurumlar\u0131 ve ordusunun bulundu\u011funa dikkat \u00e7eken el Esad; lakin Moskova&#8217;da g\u00f6r\u00fc\u015f\u00fclecek \u015fah\u0131slar\u0131n kimleri temsil ettikleri sorusunu \u00f6ne koydu.<\/p>\n<p>El Esad; \u201ckendileriyle g\u00f6r\u00fc<a href=\"http:\/\/www.sana.sy\/tr\/wp-content\/uploads\/2015\/01\/el-Esad-43.jpg\"><img loading=\"lazy\" decoding=\"async\" class=\"alignright wp-image-21871 size-medium\" src=\"http:\/\/www.sana.sy\/tr\/wp-content\/uploads\/2015\/01\/el-Esad-43-236x300.jpg\" alt=\"el Esad 4\" width=\"236\" height=\"300\" srcset=\"https:\/\/archive.sana.sy\/tr\/wp-content\/uploads\/2015\/01\/el-Esad-43-236x300.jpg 236w, https:\/\/archive.sana.sy\/tr\/wp-content\/uploads\/2015\/01\/el-Esad-43-118x150.jpg 118w, https:\/\/archive.sana.sy\/tr\/wp-content\/uploads\/2015\/01\/el-Esad-43-804x1024.jpg 804w\" sizes=\"auto, (max-width: 236px) 100vw, 236px\" \/><\/a>\u015fece\u011fimiz \u015fah\u0131slar kimi temsil ediyor. Soru budur. Muhalefetten bahsetti\u011fin zaman bunun bir anlam\u0131 vard\u0131r. Do\u011fal olarak muhalefetin b\u00fct\u00fcn \u00fclkelerde oldu\u011fu gibi parlamento ve m\u00fcesseseler gibi yerel y\u00f6netimde temsilcileri vard\u0131r.. Kitlesel bir alt yap\u0131ya sahip bu muhalefetin yerine s\u00f6z alaca\u011f\u0131 bir temeli olmal\u0131d\u0131r. Hali haz\u0131rdaki krizdeki problemimiz bu taraflar\u0131n somut olarak etkilerini sorgulamam\u0131z\u0131 gerektiriyor. Silahl\u0131 gruplar\u0131n defalarca \u2018bu muhalefet bizleri temsil etmiyor bizler \u00fczerinde de hi\u00e7 bir etkisi yoktur\u2019 dediklerinde ama\u00e7 ve kas\u0131tlar\u0131na d\u00f6nmen gerekecek. Buna istinaden somut a\u00e7\u0131dan bakacak olursak, e\u011fer verimli bir diyalog yapmak istiyorsan bu diyalogun h\u00fck\u00fcmet ile bu silahl\u0131 gruplar aras\u0131nda yap\u0131lmas\u0131 gerekiyor. Ger\u00e7ek budur..\u201d dedi.<\/p>\n<p>S\u00f6zlerine devam eden el Esad; \u201cMuhalefetle tart\u0131\u015fma konusunda ba\u015fka bir etken daha bulunuyor. Asl\u0131nda Suriye halk\u0131n\u0131n \u00e7\u0131kar\u0131na \u00e7al\u0131\u015fan manas\u0131yla ulusal bir muhalefetin bulunmas\u0131 gerekiyor. Ama s\u00f6z\u00fc edilen muhalefet temsilcilerinin aralar\u0131nda Amerika\u2019n\u0131n da bulundu\u011fu T\u00fcrkiye, Katar veya Suudi Arabistan veyahut da herhangi bir Bat\u0131l\u0131 \u00fclkenin elinde kuklalar bulunmaktad\u0131r. Bu muhalefetin en ba\u015fta Suriyeli olmas\u0131 gerekiyor..\u015e\u00fcphesiz ben bu s\u00f6zlerimle t\u00fcm muhalefet temsilcilerini kastetmiyorum\u201d \u015feklinde konu\u015ftu.<\/p>\n<p>El Esad; Suriye&#8217;de ger\u00e7ekten halk\u0131n \u00e7\u0131karlar\u0131na \u00e7al\u0131\u015fan ulusal bir muhalefetin bulundu\u011funu belirtti. Dolay\u0131s\u0131yla s\u00f6z konusu vatan olunca ulusal muhalefet ile sadece kukla olan \u015fahsiyetlerin birbirinden ay\u0131t edilmesi gerekti\u011fini belirten el Esad; her diyalogun verimli olaca\u011f\u0131 y\u00f6n\u00fcnde bir kaidenin de olmad\u0131\u011f\u0131na i\u015faret etti.<\/p>\n<p>Suriye h\u00fck\u00fcmetinin d\u0131\u015f \u00fclkelerin destekledi\u011fi muhalefet g\u00fc\u00e7leriyle bir araya gelip gelmeyece\u011fi sorusuna cevab\u0131nda el Esad; \u201cB\u00fct\u00fcn herkesle diyaloga oturaca\u011f\u0131z hi\u00e7 bir \u015fart\u0131m\u0131z yok. Lakin bir sonuca varmak istiyorsan her birine kimi temsil etti\u011fini sorman gerekiyor. Bunu kastediyorum..\u201d cevab\u0131n\u0131 verdi.<\/p>\n<p><span style=\"color: #0000ff\">De Mistura\u2019n\u0131n Misyon ve \u00c7abalar\u0131n\u0131 Destekliyoruz<\/span><\/p>\n<p>BM Suriye \u00f6zel temsilcisi Staffan de Mistura\u2019n\u0131n Halep\u2019te ate\u015fkesin sa\u011flanmas\u0131 y\u00f6n\u00fcndeki \u00e7abalar\u0131n\u0131 destekleyip desteklemedi\u011fine ili\u015fkin soruya el Esad; \u201cEvet. \u00c7\u00fcnk\u00fc bunu de Mistura\u2019n\u0131n Suriye \u00f6zel temsilcisi g\u00f6revine getirilmeden \u00f6nce de b\u00fcy\u00fck bir il olan Homs\u2019ta uygulam\u0131\u015ft\u0131k. Ayn\u0131 zamanda daha dar \u00f6l\u00e7ekli k\u0131rsal b\u00f6lgelerde de uygulad\u0131k. Ba\u015far\u0131l\u0131 da oldu.\u201d Cevab\u0131 verdi.<\/p>\n<p>S\u00f6zlerine devam eden el Esad; de Mistura\u2019n\u0131n hayata ge\u00e7irmeye \u00e7al\u0131\u015ft\u0131\u011f\u0131 d\u00fc\u015f\u00fcncenin iyi oldu\u011funu s\u00f6yledi. Fakat as\u0131l \u00f6nemli olan bu d\u00fc\u015f\u00fcncenin hayata ge\u00e7irilmesindeki ayr\u0131nt\u0131lar oldu\u011funa dikkat \u00e7eken el Esad; \u201cde Mistura Suriye\u2019ye ba\u015fl\u0131klarla geldi. Bu ba\u015fl\u0131klar\u0131n baz\u0131lar\u0131n\u0131 onaylad\u0131k \u015fu anda da A\u2019dan Z\u2019ye ayr\u0131nt\u0131l\u0131 bir plan ve g\u00fcndemle gelmesini bekliyoruz.\u201d Dedi.<\/p>\n<p><span style=\"color: #0000ff\">Her B\u00f6lgenin Kendine Has Durumu Vard\u0131r<\/span><\/p>\n<p>Ate\u015fkesin sa\u011flanmas\u0131 i\u00e7in silahl\u0131 gruplar\u0131n silahlar\u0131n\u0131 b\u0131rakmalar\u0131n\u0131n hala temel ko\u015ful olup olmad\u0131\u011f\u0131 konusunda el Esad; Suriye&#8217;nin muhtelif b\u00f6lgelerde uzla\u015fmalar i\u00e7in muhtelif senaryolar\u0131 oldu\u011funa dikkat \u00e7ekti.<\/p>\n<p>S\u00f6zlerine devam eden el Esad Suriye h\u00fck\u00fcmeti ve ordusunun sivillerin saflar\u0131nda kurbanlar\u0131n olmas\u0131n\u0131 engelleme amac\u0131yla bir\u00e7ok b\u00f6lgede silahl\u0131 gruplar\u0131n silahlar\u0131yla birlikte bu b\u00f6lgelerden \u00e7\u0131kmalar\u0131na izin verdi\u011fini ve onlara \u00e7\u0131k\u0131\u015f yolu b\u0131rakt\u0131\u011f\u0131n\u0131 belirtti. Ba\u015fka b\u00f6lgelerde ise silahl\u0131 gruplar\u0131n silahl\u0131lar\u0131n silahlar\u0131n\u0131 teslim edip \u00e7\u0131kt\u0131klar\u0131na dikkat \u00e7eken el Esad; durumun b\u00f6lgenin ko\u015fullar\u0131na g\u00f6re de\u011fi\u015fti\u011fini belirtti.<\/p>\n<p><span style=\"color: #0000ff\">Moskova G\u00f6r\u00fc\u015fmeleri Sadece Haz\u0131rl\u0131k Temaslar\u0131d\u0131r<\/span><\/p>\n<p>Moskova&#8217;da yap\u0131lacak temaslardan umutlu olup olmad\u0131\u011f\u0131na ili\u015fkin soruya cevab\u0131nda el Esad; bu g\u00f6r\u00fc\u015fmelerin \u00e7\u00f6z\u00fcm g\u00f6r\u00fc\u015fmeleri de\u011fil de, diyalog konferans\u0131na haz\u0131rl\u0131k g\u00f6r\u00fc\u015fmeleri oldu\u011funa dikkat \u00e7ekti.<\/p>\n<p>Muhalefet temsilcileri ile h\u00fck\u00fcmet heyeti aras\u0131nda yap\u0131lacak temaslar\u0131n g\u00f6r\u00fc\u015fmelere haz\u0131rl\u0131k niteli\u011fi ta\u015f\u0131d\u0131\u011f\u0131n\u0131 belirten el Esad; diyalog konferans\u0131n\u0131n temel noktalar\u0131 ve ilkeleri \u00fczerine isti\u015fare temaslar\u0131 olaca\u011f\u0131n\u0131 s\u00f6yledi.<\/p>\n<p>S\u00f6zlerine devam eden el Esad; Moskova&#8217;da temaslara kat\u0131lacak muhalif \u015fahsiyetlerin kimi devlet ve g\u00fc\u00e7lerin bir kuklas\u0131ndan ibaret oldu\u011funa dikkat \u00e7ekti. S\u00f6zlerinde t\u00fcm muhalif \u015fahsiyetleri kapsamad\u0131\u011f\u0131n\u0131n alt\u0131n\u0131 bir kez daha \u00e7izen el Esad; bu kuklalar\u0131 y\u00f6neten Fransa, T\u00fcrkiye ve daha ba\u015fka taraflar\u0131n da Suriye&#8217;de \u00e7\u00f6z\u00fcm istemediklerini herkesin bildi\u011fini belirtti.<\/p>\n<p>Temaslara kat\u0131lacak muhalif \u015fahsiyetlerin bir k\u0131sm\u0131n\u0131n da sadece ve sadece kendilerini temsil ettiklerine dikkat \u00e7eken el Esad; kimilerinin de Suriye&#8217;de ya\u015famad\u0131klar\u0131n\u0131 ve Suriye&#8217;deki durumlar\u0131 ne yak\u0131ndan ne de uzaktan tan\u0131mad\u0131klar\u0131n\u0131 belirtti. El Esad dolay\u0131s\u0131yla bu temaslar konusunda umut yada umutsuzluktan s\u00f6z etmek i\u00e7in hen\u00fcz erken oldu\u011funu s\u00f6yledi.<\/p>\n<p><span style=\"color: #0000ff\">Amerikal\u0131lar\u0131n Ne Dedikleri De\u011fil, Ne Yapt\u0131klar\u0131 \u00d6nemlidir<\/span><\/p>\n<p>Amerikal\u0131lar\u0131n Moskova&#8217;da yap\u0131lacak temaslara ili\u015fkin tutumlar\u0131nda olumlu bir de\u011fi\u015fim oldu\u011fu ve bu temaslara ili\u015fkin olumlu a\u00e7\u0131klamalar yapt\u0131klar\u0131 konusuna ili\u015fkin soruya cevab\u0131nda el Esad; Amerikal\u0131lar\u0131n ne konu\u015ftuklar\u0131n\u0131n de\u011fil de, ne yapt\u0131klar\u0131n\u0131n \u00f6nemli oldu\u011funa vurgu yapt\u0131. El Esad Suriyeliler ile Amerikal\u0131lar aras\u0131nda g\u00fcvenin bulunmad\u0131\u011f\u0131n\u0131 dolay\u0131s\u0131yla ne konu\u015ftuklar\u0131na de\u011fil de neler olaca\u011f\u0131na dikkat etmek gerekti\u011fini ifade etti.<\/p>\n<p><span style=\"color: #0000ff\">\u2018Il\u0131ml\u0131 Muhalifler\u2019 De\u011fil Silahl\u0131 Gruplard\u0131r<\/span><\/p>\n<p>Suriye&#8217;deki taraflar aras\u0131nda uzla\u015fman\u0131n sa\u011flanmas\u0131 i\u00e7in en uygun yola ili\u015fkin soruya cevab\u0131nda el Esad; \u015f\u00fcphesiz direk olarak silahl\u0131larla muhatap olmaktan ibaret oldu\u011funu s\u00f6yledi.<\/p>\n<p>S\u00f6zlerine devam eden el Esad; Suriye&#8217;de iki t\u00fcr silahl\u0131lar\u0131n bulundu\u011funu s\u00f6yleyen el Esad, b\u00fcy\u00fck \u00e7o\u011funlu\u011funun I\u015e\u0130D ve Nusra Cephesi gibi Kaide \u00f6rg\u00fct\u00fcne tabi olduklar\u0131n\u0131 s\u00f6yledi. Kaide \u00d6rg\u00fct\u00fcne benzer ba\u015fka silahl\u0131 gruplar\u0131n bulundu\u011funa dikkat \u00e7eken el Esad, fakat bunlar\u0131n daha k\u00fc\u00e7\u00fck hacimlerde oldu\u011funu s\u00f6yledi.<\/p>\n<p>El Esad ayn\u0131 zamanda Obama\u2019n\u0131n \u2018\u0131l\u0131ml\u0131 muhalifler\u2019 olarak nitelendirdi\u011fi hayali bir muhalefetin bulundu\u011funu ifade etti. Ger\u00e7ekte bunun muhalefet de\u011fil de silahl\u0131 gruplar oldu\u011funun alt\u0131n\u0131 \u00e7izen el Esad; son olarak bunlar\u0131n b\u00fcy\u00fck \u00e7o\u011funlu\u011funun da Kaide \u00d6rg\u00fct\u00fcne tabi gruplara yada Suriye ordusuna kat\u0131ld\u0131klar\u0131n\u0131 belirtti. El Esad son birka\u00e7 g\u00fcn i\u00e7inde \u00e7ok say\u0131da silahl\u0131n\u0131n ordu saflar\u0131na d\u00f6nd\u00fc\u011f\u00fcne dikkat \u00e7ekti.<\/p>\n<p>Silahl\u0131 gruplar\u0131 b\u0131rak\u0131p ordu saflar\u0131na d\u00f6nenlerin daha \u00f6nce ordudan b\u00f6l\u00fcnenler olup olmad\u0131\u011f\u0131na ili\u015fkin soruya cevab\u0131nda el Esad; ordu saflar\u0131na d\u00f6nenlerin b\u00fcy\u00fck \u00e7o\u011funlu\u011funun daha \u00f6nce orduda bulunduklar\u0131n\u0131 s\u00f6yledi.<\/p>\n<p><span style=\"color: #0000ff\">I\u015e\u0130D\u2019in Desteklenmesini Yasaklayan 2170 Say\u0131l\u0131 Karar Hayata Ge\u00e7irilmelidir<\/span><\/p>\n<p>S\u00f6zlerine devam eden el Esad; Kaide ve benzeri silahl\u0131 \u00f6rg\u00fctlerle diyalogun m\u00fcmk\u00fcn olmad\u0131\u011f\u0131n\u0131 belirtti.<\/p>\n<p>Cumhurba\u015fkan\u0131 el Esad; birka\u00e7 ay \u00f6nce G\u00fcvenlik Konseyinde al\u0131nan ve I\u015e\u0130D\u2019e askeri, lojistik yada mali deste\u011fi yasaklayan 2170 say\u0131l\u0131 karar\u0131n tam olarak hayata ge\u00e7irilmesinin \u00f6nemini belirtti. El Esad \u00f6yle ki T\u00fcrkiye h\u00fck\u00fcmeti, Katar ve Suudi Arabistan\u2019\u0131n bu deste\u011fini s\u00fcrd\u00fcrd\u00fcklerinin alt\u0131n\u0131 \u00e7izdi. Bu karar\u0131 hayata ge\u00e7irme ve I\u015e\u0130D\u2019e destek kesilmeden Suriye&#8217;de nihai bir \u00e7\u00f6z\u00fcmden s\u00f6z etmenin zor oldu\u011funu ifade eden el Esad; \u00e7\u00fcnk\u00fc s\u00f6z konusu bu taraflar\u0131n herhangi bir \u00e7\u00f6z\u00fcm\u00fcn tekerine \u00e7omak soktuklar\u0131n\u0131 s\u00f6yledi.<\/p>\n<p>Suriye&#8217;deki silahl\u0131 gruplara \u2018\u0131l\u0131ml\u0131 muhalifler\u2019 \u015femsiyesi alt\u0131nda destek veren Bat\u0131l\u0131 ve di\u011fer devletlerin bu \u015femsiyeyi kald\u0131rmalar\u0131 gerekti\u011fini belirten el Esad; ger\u00e7ekte bu \u015femsiyeyi kullananlar\u0131n da temelde destekledikleri bu gruplar\u0131n \u0131l\u0131ml\u0131 muhalifler olmad\u0131klar\u0131n\u0131, Suriye&#8217;de Kaide \u00d6rg\u00fct\u00fcn\u00fcn kollar\u0131 olan Nusra Cephesi, I\u015e\u0130D ve daha ba\u015fka gruplar bulundu\u011funu gayet iyi bir \u015fekilde bildiklerini belirtti.<\/p>\n<p><span style=\"color: #0000ff\">Politikada G\u00fcven De\u011fil, Mekanizma ve Sonu\u00e7 \u00d6nemlidir<\/span><\/p>\n<p>\u2018Kar\u015f\u0131 taraf\u0131n g\u00fcvenini kazanmak i\u00e7in tutuklular\u0131 b\u0131rakma yada ya da varillerle bombalamaya son verme\u2019 gibi icraatlar almaya haz\u0131r olup olmad\u0131\u011f\u0131na ili\u015fkin soruya cevab\u0131nda el Esad; meselenin ki\u015fisel olmay\u0131p mekanizmalarla ilgisi oldu\u011funu, dolay\u0131s\u0131yla da g\u00fcvenden s\u00f6z etmenin do\u011fru olmad\u0131\u011f\u0131n\u0131 s\u00f6yledi.<\/p>\n<p>S\u00f6zlerine devam eden el Esad, politikada bir \u015fey yapmak i\u00e7in kar\u015f\u0131 tarafa g\u00fcvenmenin gerekli olmad\u0131\u011f\u0131n\u0131, as\u0131l \u00f6nemli olan\u0131n ama\u00e7 ve mekanizma oldu\u011funu belirtti. Halk\u0131n as\u0131l istedi\u011finin de mekanizma ve sonu\u00e7 oldu\u011funa dikkat \u00e7eken el Esad; \u201cburada bir kez daha \u00f6nemli bir noktaya dikkat \u00e7ekmek gerekiyor. Kar\u015f\u0131 taraf kimdir, kimi temsil ediyor ve sahada ne kadar etkisi vard\u0131r. Ba\u015fka bir de\u011fi\u015fle sahada etkisiz olmayan yada n\u00fcfuzu olmayanlarla g\u00fcven kurman\u0131n hi\u00e7bir anlam\u0131 yada faydas\u0131 yoktur..\u201d dedi.<\/p>\n<p>Her \u015feye ra\u011fmen temel olarak Suriye h\u00fck\u00fcmetinin herhangi bir g\u00f6r\u00fc\u015fme yada diyalogda iyi niyet ve as\u0131l hedefine ili\u015fkin somut g\u00fcven referanslar\u0131 bulundu\u011funa dikkat \u00e7eken el Esad; bir\u00e7ok b\u00f6lgede ulusal uzla\u015fman\u0131n sa\u011fland\u0131\u011f\u0131n\u0131 vurgulad\u0131. Bu b\u00f6lgelerde devletin iyi niyet ve ciddiyetini kan\u0131tlad\u0131\u011f\u0131n\u0131n alt\u0131n\u0131 \u00e7izen el Esad, silahl\u0131lar\u0131n silahlar\u0131n\u0131 teslim etmeleriyle normal ya\u015famlar\u0131na d\u00f6nd\u00fcklerine vurgu yapt\u0131.<\/p>\n<p>El Esad ikinci noktan\u0131n ise muhalefet ile tutuklular aras\u0131nda herhangi bir ili\u015fkinin bulunmad\u0131\u011f\u0131n\u0131n alt\u0131n\u0131 \u00e7izerken, bu tutuklular\u0131n muhalefetle hi\u00e7bir ili\u015fkileri yada ba\u011flant\u0131lar\u0131 olmad\u0131\u011f\u0131n\u0131 belirtti.<\/p>\n<p><span style=\"color: #0000ff\">Suriye, Hi\u00e7bir Devletin Hegemonyas\u0131 Alt\u0131nda Olmay\u0131 Kabul Etmez<\/span><\/p>\n<p>Hizbullah, Kud\u00fcs Tugaylar\u0131 yada muhtelif \u015eii gruplar\u0131n Suriye&#8217;de \u0130ran\u2019\u0131n komutas\u0131 alt\u0131nda silahl\u0131 gruplara kar\u015f\u0131 sava\u015fmalar\u0131yla \u0130ran\u2019\u0131n Suriye&#8217;deki n\u00fcfuzundan endi\u015fe duyup duymad\u0131\u011f\u0131 konusunda el Esad; \u0130ran\u2019\u0131n kriz \u00f6ncesinde de tutum ve p<a href=\"http:\/\/www.sana.sy\/tr\/wp-content\/uploads\/2015\/01\/el-Esad-19.jpg\"><img loading=\"lazy\" decoding=\"async\" class=\"alignright wp-image-21868 size-medium\" src=\"http:\/\/www.sana.sy\/tr\/wp-content\/uploads\/2015\/01\/el-Esad-19-300x198.jpg\" alt=\"el Esad 1\" width=\"300\" height=\"198\" srcset=\"https:\/\/archive.sana.sy\/tr\/wp-content\/uploads\/2015\/01\/el-Esad-19-300x198.jpg 300w, https:\/\/archive.sana.sy\/tr\/wp-content\/uploads\/2015\/01\/el-Esad-19-150x99.jpg 150w, https:\/\/archive.sana.sy\/tr\/wp-content\/uploads\/2015\/01\/el-Esad-19-1024x676.jpg 1024w\" sizes=\"auto, (max-width: 300px) 100vw, 300px\" \/><\/a>olitikalar\u0131ndan kaynakl\u0131 Suriye&#8217;de \u00f6nemli bir role sahip oldu\u011funu s\u00f6yledi.<\/p>\n<p>Cumhurba\u015fkan\u0131 el Esad; Suriye ve \u0130ran aras\u0131nda sosyal, politik, ekonomik, etnik ve daha bir\u00e7ok ortak \u00f6zelli\u011fe dikkat \u00e7ekerken, t\u00fcm bunlar\u0131n ister istemez belli ko\u015fullar dayataca\u011f\u0131na i\u015faret etti.<\/p>\n<p>Her \u015feye ra\u011fmen Suriye&#8217;nin kim olursa olsun hi\u00e7bir devletin egemenlik ve ba\u011f\u0131ms\u0131zl\u0131\u011f\u0131na hegemonya sa\u011flamas\u0131na izin vermedi\u011fini ve vermeyece\u011finin alt\u0131n\u0131 \u00e7izen el Esad; fakat ayn\u0131 zamanda her devletle ortak \u00e7\u0131karlar ve kar\u015f\u0131l\u0131kl\u0131 sayg\u0131 \u00e7er\u00e7evesinde i\u015fbirli\u011fine a\u00e7\u0131k oldu\u011funu vurgulad\u0131.<\/p>\n<p>ABD ve Bat\u0131l\u0131 devletlerin de temel sorunlar\u0131 bu oldu\u011funa vurgu yapan el Esad; onlar\u0131n i\u015fbirli\u011fi yada kar\u015f\u0131l\u0131kl\u0131 sayg\u0131 de\u011fil de hegemonya ve dayatmalarda bulunmak istediklerini belirtti.<\/p>\n<p><span style=\"color: #0000ff\">Sava\u015f Durumu Kendine Has Ko\u015fullar Dayat\u0131r<\/span><\/p>\n<p>Suriye&#8217;de mevcut Hizbullah gruplar\u0131 ve Irakl\u0131 milis gruplar\u0131n istendi\u011fi zaman h\u00fck\u00fcmet taraf\u0131ndan kontrole al\u0131n\u0131p al\u0131namayacaklar\u0131 konusunda el Esad; Suriye&#8217;nin istisnai bir durumlar sava\u015f konumunda oldu\u011funa dikkat \u00e7ekti. El Esad bu istisnai durumlar\u0131n da do\u011fal olarak olumlu ve olumsuz etkileri oldu\u011funu, olumsuz etkilerin de kontrole al\u0131nmas\u0131 gerekti\u011fini s\u00f6yledi. \u015e\u00fcphesiz ki devlet kurumlar\u0131 ve ordusuyla ba\u011flant\u0131l\u0131 olman\u0131n halk\u0131 rahatlataca\u011f\u0131na i\u015faret eden el Esad; sava\u015f durumunun belirli ko\u015fullar\u0131 dayatt\u0131\u011f\u0131na da bir kez daha dikkat \u00e7ekti.<\/p>\n<p><span style=\"color: #0000ff\">\u0130srail&#8217;in \u0130ddialar\u0131 Bahaneden ba\u015fka Bir \u015eey De\u011fildir<\/span><\/p>\n<p>\u0130srail&#8217;in bir s\u00fcre \u00f6nce Suriye&#8217;nin Kunaytra k\u0131rsal\u0131nda bir ara\u00e7 konvoyunu hedef almas\u0131na ili\u015fkin iddialar\u0131 konusunda el Esad; 1974 y\u0131l\u0131nda imzalanan ate\u015fkes anla\u015fmas\u0131ndan \u015fu ana dek hi\u00e7bir zaman Golan topraklar\u0131 \u00fczerinden \u0130srail&#8217;e kar\u015f\u0131 hi\u00e7bir eylemin yap\u0131lmad\u0131\u011f\u0131n\u0131 belirtti. El Esad; dolay\u0131s\u0131yla \u0130srail&#8217;in Kunaytra k\u0131rsal\u0131nda bulundu\u011fu sald\u0131r\u0131y\u0131 \u2018Golan topraklar\u0131 \u00fczerinden kendisine bir sald\u0131r\u0131 plan\u0131 oldu\u011fu ve bu plan\u0131 \u00e7\u00f6kertme amac\u0131yla yapt\u0131\u011f\u0131na\u2019 ili\u015fkin iddialar\u0131n\u0131 hi\u00e7bir do\u011fuluk yada mant\u0131kl\u0131 yan\u0131 bulunmad\u0131\u011f\u0131n\u0131 s\u00f6yledi.<\/p>\n<p>S\u00f6zlerine devam el Esad; \u0130srail&#8217;in Hizbullah\u2019ta belirli \u015fahsiyetlere suikast d\u00fczenleme amac\u0131yla bu sald\u0131r\u0131y\u0131 ger\u00e7ekle\u015ftirdi\u011fini belirtti.<\/p>\n<p>\u0130srail&#8217;in Suriye&#8217;deki olaylara \u2018kendi \u00e7\u0131karlar\u0131 tehlikeye girmeden\u2019 herhangi bir m\u00fcdahalede bulunmama \u00f6zeninde oldu\u011fu iddias\u0131na ili\u015fkin soruya cevab\u0131nda el Esad; bunun kesinlikle do\u011fru olmad\u0131\u011f\u0131n\u0131n alt\u0131n\u0131 \u00e7izdi.<br \/>\nCumhurba\u015fkan\u0131 el Esad; \u0130srail&#8217;in iki y\u0131ldan beri herhangi bir ge\u00e7erli neden olmaks\u0131z\u0131n Suriye&#8217;ye sald\u0131rd\u0131\u011f\u0131n\u0131 belirtti.<\/p>\n<p>\u0130srail&#8217;in Suriye&#8217;deki sald\u0131r\u0131lar\u0131n\u0131n Hizbullah\u2019a y\u00f6nelik oldu\u011fu iddialar\u0131 konusunda el Esad; bunun da do\u011fu olmad\u0131\u011f\u0131n\u0131, \u00f6yle ki \u0130srail&#8217;in Suriye&#8217;de Suriye ordusuna tabi mevkileri hedef ald\u0131\u011f\u0131n\u0131n alt\u0131n\u0131 \u00e7izdi. Suriye ordusuna tabi mevkiler ile Hizbullah aras\u0131nda ba\u011flant\u0131 olmad\u0131\u011f\u0131n\u0131 ifade eden el Esad; dolay\u0131s\u0131yla \u0130srail&#8217;in bulundu\u011fu t\u00fcm iddialar\u0131n as\u0131ls\u0131z ve ger\u00e7ek d\u0131\u015f\u0131 oldu\u011funu s\u00f6yledi.<\/p>\n<p><span style=\"color: #0000ff\">Petrol Fiyatlar\u0131n\u0131n Suriye&#8217;deki Sava\u015fa Etkisi Yoktur<\/span><\/p>\n<p>D\u00fcnya petrol fiyatlar\u0131n\u0131n d\u00fc\u015fmesiyle Rusya ve \u0130ran ekonomilerinin etkilenmesiyle bunun Suriye&#8217;ye desteklerine yans\u0131malar\u0131na ili\u015fkin soruya cevab\u0131nda el Esad; bunun hi\u00e7bir etkisiz olmad\u0131\u011f\u0131n\u0131 s\u00f6yledi.<br \/>\nSuriye&#8217;nin Rusya ve \u0130ran\u2019dan nakit para almad\u0131\u011f\u0131na dikkat \u00e7eken el Esad; Suriye&#8217;nin iki \u00fclkeden bazen kredi ald\u0131\u011f\u0131n\u0131, bazen de nakit \u00f6dedi\u011fini belirtti.<\/p>\n<p>Askeri yard\u0131mlar\u0131n da etkilenmeyece\u011fini s\u00f6yleyen el Esad; \u00f6yle ki Suriye&#8217;nin ald\u0131\u011f\u0131 asker yada ba\u015fka mallar kar\u015f\u0131l\u0131\u011f\u0131nda para \u00f6dedi\u011fini belirtti.<\/p>\n<p>El Esad; her \u015feye ra\u011fmen Suriye ile \u0130ran ve Rusya aras\u0131ndaki i\u015fbirli\u011fi ve al\u0131\u015fveri\u015fte hi\u00e7bir de\u011fi\u015fikli\u011fin olmad\u0131\u011f\u0131n\u0131 a\u00e7\u0131klad\u0131.<\/p>\n<p><span style=\"color: #0000ff\">\u0130rade Olunca \u0130\u015fbirli\u011fi Muhtemeldir<\/span><\/p>\n<p>Suriye ve ABD aras\u0131nda ter\u00f6re kar\u015f\u0131 m\u00fccadelede daha b\u00fcy\u00fck bir i\u015fbirli\u011finin olmas\u0131 konusunda el Esad; Suriye&#8217;nin 30 y\u0131ldan fazla bir s\u00fcredir ter\u00f6rle m\u00fccadelede i\u015fbirli\u011fi ve dayan\u0131\u015fmaya \u00e7a\u011fr\u0131 yapt\u0131\u011f\u0131n\u0131 belirtti.<br \/>\nEl Esad as\u0131l sorulmas\u0131 gereken sorunun ABD\u2019nin ter\u00f6rle m\u00fccadelede ger\u00e7ekten ciddi bir iradeye sahip olup olmad\u0131\u011f\u0131ndan ibaret oldu\u011funa dikkat \u00e7ekti. Ger\u00e7ek iradenin olmas\u0131 halinde i\u015fbirli\u011finin b\u00fcy\u00fcmesinin muhtemel oldu\u011funu belirten el Esad; ABD komutas\u0131ndaki koalisyonun Suriye&#8217;nin kuzeyi ve do\u011fusunda I\u015e\u0130D mevkilerine y\u00f6nelik operasyonlar\u0131n\u0131n hen\u00fcz somut bir sonucu olmad\u0131\u011f\u0131na vurgu yapt\u0131.<\/p>\n<p>Koalisyon u\u00e7aklar\u0131n\u0131n Halep k\u0131rsal\u0131 Ayn Arap Kasabas\u0131ndaki operasyonlar\u0131 konusunda ise el Esad; Ayn Arap Kasabas\u0131n\u0131n 50 bin n\u00fcfuslu k\u00fc\u00e7\u00fck bir b\u00f6lge olmas\u0131na ra\u011fmen \u00fc\u00e7 aydan fazla bir s\u00fcredir bitmemesinin bu operasyonlar\u0131n etkisizli\u011fine bir kan\u0131t oldu\u011funa dikkat \u00e7ekti.<\/p>\n<p>Suriye ordusunun Ayn Arap Kasabas\u0131ndan \u00e7ok daha b\u00fcy\u00fck b\u00f6lgeleri 3 haftadan k\u0131sa bir s\u00fcre \u00f6nce ter\u00f6rden temizledi\u011fine vurgu yapan el Esad; bunun ABD ve koalisyondaki di\u011fer taraflar\u0131n ter\u00f6rle yada I\u015e\u0130D\u2019le m\u00fccadelelerinde ciddi olmad\u0131klar\u0131n\u0131n bir g\u00f6stergesi oldu\u011funun alt\u0131n\u0131 \u00e7izdi.<\/p>\n<p><span style=\"color: #0000ff\">Kaide\u2019ye Deste\u011fini Kesmesi Y\u00f6n\u00fcnde T\u00fcrkiye&#8217;ye Hi\u00e7bir Bask\u0131 Yap\u0131lmad\u0131<\/span><\/p>\n<p>Ter\u00f6rle m\u00fccadelenin sadece askeri y\u00f6nde s\u0131n\u0131rl\u0131 olmad\u0131\u011f\u0131n\u0131n alt\u0131n\u0131 \u00e7izen el Esad; politik y\u00f6n\u00fcn de b\u00fcy\u00fck \u00f6nem ta\u015f\u0131d\u0131\u011f\u0131n\u0131 belirtti.<\/p>\n<p>I\u015e\u0130D ve di\u011fer radikal ter\u00f6r gruplar\u0131n T\u00fcrkiye ile s\u0131n\u0131rlar boyunca varl\u0131klar\u0131na dikkat \u00e7eken el Esad; bunun da T\u00fcrkiye&#8217;deki rejimin bu radikal \u00f6rg\u00fctlere deste\u011fini a\u00e7\u0131k ve net bir \u015fekilde ortaya koydu\u011funu ifade etti. El Esad buna ra\u011fmen T\u00fcrkiye&#8217;deki rejimin I\u015e\u0130D ve di\u011fer radikal gruplara para ve askeri deste\u011fini kesmesi i\u00e7in ABD\u2019nin hi\u00e7bir harekette bulunmad\u0131\u011f\u0131n\u0131 belirtti.<\/p>\n<p>El Esad Amerikal\u0131lar\u0131n bizzat kendilerinin \u2018I\u015e\u0130D\u2019e kar\u015f\u0131 sava\u015fta hava operasyonlar\u0131n\u0131n yeterli olmad\u0131\u011f\u0131n\u0131 ve kara g\u00fc\u00e7lerinin olmas\u0131 gerekti\u011fini\u2019 s\u00f6ylediklerine dikkat \u00e7ekerken, bu kara g\u00fc\u00e7lerin mahiyetini sorgulad\u0131.<\/p>\n<p>Cumhurba\u015fkan\u0131 el Esad Suriye topraklar\u0131 \u00fczerinde bulunabilecek yegane g\u00fc\u00e7lerin Suriye ordusu oldu\u011funun alt\u0131n\u0131 \u00e7izdi.<\/p>\n<p>ABD\u2019den ne istedi\u011fine ili\u015fkin soruya cevab\u0131nda ise el Esad; i\u015fbirli\u011finde kanunlara ba\u011fl\u0131 kalmakla birlikte kar\u015f\u0131l\u0131kl\u0131 sayg\u0131n\u0131n olmas\u0131 gerekti\u011fini vurgulad\u0131.<\/p>\n<p>S\u00f6zlerine devam eden el Esad; ABD\u2019nin ayn\u0131 zamanda ter\u00f6re desteklerini kesmeleri amac\u0131yla T\u00fcrkiye h\u00fck\u00fcmeti, Suudi Arabistan ve Katar\u2019a bask\u0131 uygulamas\u0131 gerekti\u011fini belirtti.<\/p>\n<p>Cumhurba\u015fkan\u0131 el Esad egemen ve ba\u011f\u0131ms\u0131z herhangi bir devletin topraklar\u0131 \u00fczerinde ger\u00e7ekle\u015ftirilecek herhangi bir operasyonda \u00f6nce o devletin h\u00fck\u00fcmetinden izin alman\u0131n gere\u011fini ifade etti.<\/p>\n<p><span style=\"color: #0000ff\">Suriye&#8217;de Ordu ve Silahl\u0131 Kuvvetlerle \u0130\u015fbirli\u011fi Haricinde Faaliyet G\u00f6steren Herhangi Bir G\u00fc\u00e7 Kanuni De\u011fildir<\/span><\/p>\n<p>ABD\u2019nin 5 bin Suriyeliyi e\u011fitmekte oldu\u011funu ve May\u0131s ay\u0131nda Suriye&#8217;ye g\u00f6nderece\u011fi bu silahl\u0131lara ili\u015fkin Suriye&#8217;nin tutumu konusunda bir soruya el Esad; Suriye ordusuyla i\u015fbirli\u011fi haricinde faaliyet g\u00f6sterecek herhangi bir g\u00fcc\u00fcn kanuni olmayaca\u011f\u0131n\u0131 ve ona kar\u015f\u0131 m\u00fccadele edilece\u011fini belirtti.<\/p>\n<p>El Esad bunun kanunlar ve anayasa kapsam\u0131nda gayet a\u00e7\u0131k ve net oldu\u011funun alt\u0131n\u0131 \u00e7izerken her ihtimal ve ko\u015fulda bu g\u00fc\u00e7lere kar\u015f\u0131 koyulaca\u011f\u0131n\u0131 s\u00f6yledi.<\/p>\n<p>ABD\u2019nin \u2018\u0131l\u0131ml\u0131 muhalifler\u2019 ad\u0131 alt\u0131nda e\u011fitti\u011fi silahl\u0131lar konusunda el Esad; kimi taraflar\u0131n \u2018\u0131l\u0131ml\u0131 muhalifler\u2019 olarak adland\u0131rd\u0131\u011f\u0131 fakat Suriye&#8217;nin bunlara silahl\u0131 gruplar dedi\u011fi s\u00f6z konusu taraflar\u0131n her g\u00fcn daha \u00e7ok zay\u0131flad\u0131klar\u0131na i\u015faret etti. El Esad, bu zay\u0131flaman\u0131n da \u2018\u0131l\u0131ml\u0131\u2019 olarak adland\u0131r\u0131lan bu gruplar\u0131n saflar\u0131nda neredeyse g\u00fcn\u00fc birlik olarak b\u00f6l\u00fcn\u00fcp radikal gruplar ge\u00e7enlerin olmas\u0131ndan kaynakland\u0131\u011f\u0131na vurgu yapt\u0131.<\/p>\n<p>El Esad; dolay\u0131s\u0131yla ne ABD ne de hi\u00e7 kimsenin radikalleri \u0131l\u0131ml\u0131 yapmas\u0131n\u0131n m\u00fcmk\u00fcn olmad\u0131\u011f\u0131n\u0131n alt\u0131n\u0131 \u00e7izdi.<\/p>\n<p><span style=\"color: #0000ff\">ABD ve Suriyelilerin Kanlar\u0131n\u0131n Ak\u0131t\u0131lmas\u0131na Katk\u0131 Sa\u011flayan Hi\u00e7bir Taraf\u0131n \u0130nsan Haklar\u0131 ve Demokrasiden S\u00f6z Etme Haklar\u0131 Yoktur<\/span><\/p>\n<p>Muhtelif konularda Suriye ve h\u00fck\u00fcmetine yap\u0131lan su\u00e7lamalara ili\u015fkin soruya cevab\u0131nda el Esad; temelde durumun gayet ironik oldu\u011funu s\u00f6yledi.<\/p>\n<p>El Esad ABD idaresinin tarihte tutum ve politikalar\u0131n\u0131 sosyal payla\u015f\u0131m ara\u00e7lar\u0131na dayand\u0131ran ilk idare oldu\u011funu belirtti. Dolay\u0131s\u0131yla asl\u0131nda bu idareye sosyal payla\u015f\u0131m idaresi ad\u0131n\u0131 vermenin do\u011fru olaca\u011f\u0131n\u0131 ifade eden el Esad; yap\u0131lan su\u00e7lamalara ili\u015fkin somut hi\u00e7bir kan\u0131t\u0131n bulunmad\u0131\u011f\u0131n\u0131n alt\u0131n\u0131 \u00e7izdi.<\/p>\n<p>S\u00f6zlerine devam eden el Esad yap\u0131lan su\u00e7lamalarda \u00f6ne s\u00fcr\u00fclen g\u00f6r\u00fcnt\u00fc ve fotolar\u0131n her yerden ve muhtelif \u015fekillerle temin edilebilece\u011fine dikkat \u00e7ekerek, bu kan\u0131tlar\u0131n ger\u00e7ekli\u011fine ili\u015fkin herhangi bir soru\u015fturma yap\u0131lmad\u0131\u011f\u0131n\u0131, yapma gere\u011fi bile duyulmad\u0131\u011f\u0131n\u0131 s\u00f6yledi.<\/p>\n<p>El Esad ba\u015fta ABD olmak \u00fczere Bat\u0131l\u0131 devletler ve Suriye&#8217;de ter\u00f6r\u00fc destekleyen t\u00fcm taraflar\u0131n kesinlikle insan haklar\u0131, demokrasi yada benzeri konulardan s\u00f6z etme konumunda olmad\u0131klar\u0131n\u0131 vurgulad\u0131. \u00d6yle ki t\u00fcm b\u00f6lgede ya\u015fanan \u00f6l\u00fcm ve y\u0131k\u0131m\u0131n b\u00fcy\u00fck b\u00f6l\u00fcm\u00fcnden bizzat kendileri sorumlu olmalar\u0131yla \u00e7\u00f6z\u00fcm\u00fc engellemeleri, ter\u00f6r ve \u015fiddeti provoke etmelerinin belgelerle kan\u0131tlanm\u0131\u015f oldu\u011funa dikkat \u00e7ekti.<\/p>\n<p>Esad; \u00f6ne s\u00fcr\u00fclen g\u00f6r\u00fcnt\u00fc ve s\u00f6zde kan\u0131tlar\u0131n silahl\u0131 gruplar taraf\u0131ndan yap\u0131lmad\u0131\u011f\u0131 veya ger\u00e7ekten Suriye&#8217;de mi yoksa ba\u015fka yerde meydana geldi\u011fi ne malum oldu\u011fu sorusunun alt\u0131n\u0131 \u00e7izdi.<\/p>\n<p><span style=\"color: #0000ff\">\u0130ki Konu Bir Birinden Tamamen Ayr\u0131d\u0131r<\/span><\/p>\n<p>\u0130ran\u2019\u0131n n\u00fckleer program\u0131 konusunda \u0130ran ile ABD aras\u0131nda var\u0131lacak bir uzla\u015fman\u0131n Suriye&#8217;deki krizin \u00e7\u00f6z\u00fcm\u00fcne yans\u0131malar\u0131 konusunda el Esad iki konunun bir birinden ayr\u0131 oldu\u011funu belirtti.<\/p>\n<p>El Esad; \u0130ran\u2019\u0131n n\u00fckller program\u0131na ili\u015fkin temaslarda Suriye&#8217;deki kriz meselesinin dahil olmad\u0131\u011f\u0131n\u0131, \u0130ran\u2019\u0131n da hakl\u0131 bir \u015fekilde bunu dahil etmeyi reddetti\u011fini s\u00f6yledi.<a href=\"http:\/\/www.sana.sy\/tr\/wp-content\/uploads\/2015\/01\/el-Esad-72.jpg\"><img loading=\"lazy\" decoding=\"async\" class=\"alignright wp-image-21865 size-medium\" src=\"http:\/\/www.sana.sy\/tr\/wp-content\/uploads\/2015\/01\/el-Esad-72-300x168.jpg\" alt=\"el Esad 7\" width=\"300\" height=\"168\" srcset=\"https:\/\/archive.sana.sy\/tr\/wp-content\/uploads\/2015\/01\/el-Esad-72-300x168.jpg 300w, https:\/\/archive.sana.sy\/tr\/wp-content\/uploads\/2015\/01\/el-Esad-72-150x84.jpg 150w, https:\/\/archive.sana.sy\/tr\/wp-content\/uploads\/2015\/01\/el-Esad-72-1024x573.jpg 1024w\" sizes=\"auto, (max-width: 300px) 100vw, 300px\" \/><\/a><\/p>\n<p>\u0130ran\u2019\u0131n ABD ile uzla\u015fma sa\u011flamas\u0131 halinde Suriye&#8217;ye destek ve yard\u0131mlar\u0131n\u0131 s\u0131n\u0131rlayaca\u011f\u0131 konusunda ise el Esad; bu konuda kesin hi\u00e7bir bilginin bulunmad\u0131\u011f\u0131n\u0131 ifade etti.<\/p>\n<p><span style=\"color: #0000ff\">Mesele Toprak Kayb\u0131 yada Kontrol\u00fc Meselesi De\u011fildir<\/span><\/p>\n<p>Suriye h\u00fck\u00fcmetinin sadece y\u00fczde 45 ila 50 oran\u0131nda bir alana kontrol sa\u011flad\u0131\u011f\u0131 y\u00f6n\u00fcnde bir soruya cevaben el Esad; \u201cSuriye&#8217;deki sava\u015f iki devlet yada iki ordu aras\u0131nda bir sava\u015f de\u011fildir. Dolay\u0131s\u0131yla mesele bir taraf\u0131n toprak kaybetmesi yada di\u011fer taraf\u0131n ilerlemesi meselesi de\u011fildir..\u201d ifadesini kulland\u0131.<\/p>\n<p>S\u00f6zlerine devam eden el Esad; Suriye&#8217;deki durumlar\u0131n ter\u00f6ristlerin sivil b\u00f6lgelerin bulunduklar\u0131 b\u00f6lgelere s\u0131zmalar\u0131ndan ve Suriyeli ter\u00f6ristlerin yabanc\u0131 ter\u00f6ristleri desteklemesinden ibaret oldu\u011funu belirtti.\u00a0Sivillerin aras\u0131nda saklanan bu ter\u00f6ristlerin \u00e7ete sava\u015f\u0131 y\u00f6ntemiyle sald\u0131r\u0131larda bulundu\u011funu belirten el Esad; dolay\u0131s\u0131yla Suriye&#8217;deki sava\u015f\u0131n \u00e7ete sava\u015f\u0131 oldu\u011funu, bu durumda do\u011fal olarak da toprak i\u015fgali yada toprak kurtarma meselesi olmad\u0131\u011f\u0131n\u0131n alt\u0131n\u0131 \u00e7izdi.<\/p>\n<p>Suriye ordusunun her zaman herhangi bir b\u00f6lgeye girme karar\u0131 ald\u0131\u011f\u0131nda bunu ba\u015fard\u0131\u011f\u0131n\u0131n alt\u0131n\u0131 \u00e7izen el Esad; fakat ordu birliklerinin Suriye&#8217;nin her kar\u0131\u015f topra\u011f\u0131nda daimi olarak bulunmas\u0131n\u0131n m\u00fcmk\u00fcn olmad\u0131\u011f\u0131n\u0131 ifade etti.<\/p>\n<p>As\u0131l \u00f6nemli olan Suriye halk\u0131n\u0131n kimin g\u00fcven ve takdirini kazand\u0131\u011f\u0131na dikkat \u00e7eken el Esad; Suriye halk\u0131n\u0131n b\u00fcy\u00fck \u00e7o\u011funlu\u011funun ordudan yana oldu\u011funu ve orduyu destekledi\u011fini belirtti.<\/p>\n<p>Cumhurba\u015fkan\u0131 el Esad; silahl\u0131 gruplar aras\u0131nda ya\u015fanan \u00e7at\u0131\u015fmalar\u0131n yan\u0131 s\u0131ra bu gruplar\u0131n bulunduklar\u0131 b\u00f6lgelerde halka kar\u015f\u0131 eylemleri ve halk\u0131n bu gruplara kar\u015f\u0131 tutumlar\u0131n\u0131n a\u00e7\u0131k ve net oldu\u011funu s\u00f6yledi. Silahl\u0131 gruplar\u0131n bir\u00e7ok yerde silah zoruyla halka dayatmalarda bulunduklar\u0131na vurgu yapan el Esad; k\u0131sacas\u0131 Suriye&#8217;de sava\u015f\u0131n olumlu y\u00f6nde seyir etti\u011fini s\u00f6ylemenin bir nevi do\u011fru oldu\u011funu belirtti.<\/p>\n<p>Suriye&#8217;nin ter\u00f6r\u00fc ve silahl\u0131 gruplar\u0131 bertaraf etme olana\u011f\u0131 konusunda ise el Esad; ter\u00f6re deste\u011fin kesilmesi halinde bunun do\u011fal olarak sadece zaman meselesi oldu\u011funun alt\u0131n\u0131 \u00e7izdi.<\/p>\n<p><span style=\"color: #0000ff\">Erdo\u011fan Kaide\u2019nin \u0130deolojisi Olan \u0130hvanc\u0131 \u0130deolojiye Sahip Olmas\u0131yla Suriye&#8217;de Ak\u0131t\u0131lan Kanlardan Bizzat Sorumludur<\/span><\/p>\n<p>Suriye&#8217;de ya\u015fanan olaylar ve ak\u0131t\u0131lan kanlardan T\u00fcrkiye&#8217;de rejim ba\u015fkan\u0131 Recep Tayyib Erdo\u011fan\u2019a d\u00fc\u015fen sorumlulu\u011fa ili\u015fkin soruya cevab\u0131nda el Esad; Erdo\u011fan\u2019\u0131n Kaide \u00d6rg\u00fct\u00fcn\u00fcn temel ideolojisi olan ihvanc\u0131 radikal ideolojiye sahip oldu\u011funa dikkat \u00e7ekti.<\/p>\n<p>S\u00f6zlerine devam eden el Esad; M\u00fcsl\u00fcman Karde\u015fler cemaatinin, 1920\u2019li y\u0131llarda \u015fiddet yanl\u0131s\u0131 siyasi \u0130slam propagandas\u0131 yapan ilk \u0130slami \u00f6rg\u00fct oldu\u011funa dikkat \u00e7ekti. Erdo\u011fan\u2019\u0131n da bu ideolojiye g\u00fc\u00e7l\u00fc bir \u015fekilde inand\u0131\u011f\u0131n\u0131 belirten el Esad; bundan hareketle de Suriye&#8217;de I\u015e\u0130D\u2019 deste\u011fini s\u00fcrd\u00fcrd\u00fc\u011f\u00fcn\u00fc belirtti.<\/p>\n<p>Cumhurba\u015fkan\u0131 el Esad; dolay\u0131s\u0131yla Erdo\u011fan\u2019\u0131n Suriye&#8217;de ya\u015fananlardan bizzat sorumlu oldu\u011funu vurgulad\u0131.<\/p>\n<p><span style=\"color: #0000ff\">M\u0131s\u0131r ve Irak Ayn\u0131 Ter\u00f6rle Sava\u015fmaktalar<\/span><\/p>\n<p>B\u00f6lgede Suriye&#8217;ye ortak olabilecek taraflara ili\u015fkin soruya cevab\u0131nda el Esad; \u00f6rnek olarak M\u0131s\u0131r ve Irak\u2019\u0131n da Suriye&#8217;deki ter\u00f6r\u00fcn ayn\u0131s\u0131yla m\u00fccadele ettiklerini belirtti.<\/p>\n<p>Suriye&#8217;nin eskisi gibi tek bir devlet \u00e7at\u0131s\u0131 alt\u0131nda birle\u015fmesi ihtimaline ili\u015fkin soruya cevab\u0131nda el Esad; Suriye ordusunun vatan\u0131n her kar\u0131\u015f topra\u011f\u0131nda olmasa da her b\u00f6lgesinde mevcut oldu\u011funun alt\u0131n\u0131 \u00e7izdi.<\/p>\n<p>Cumhurba\u015fkan<a href=\"http:\/\/www.sana.sy\/tr\/wp-content\/uploads\/2015\/01\/el-Esad-25.jpg\"><img loading=\"lazy\" decoding=\"async\" class=\"alignright wp-image-21869 size-medium\" src=\"http:\/\/www.sana.sy\/tr\/wp-content\/uploads\/2015\/01\/el-Esad-25-300x217.jpg\" alt=\"el Esad 2\" width=\"300\" height=\"217\" srcset=\"https:\/\/archive.sana.sy\/tr\/wp-content\/uploads\/2015\/01\/el-Esad-25-300x217.jpg 300w, https:\/\/archive.sana.sy\/tr\/wp-content\/uploads\/2015\/01\/el-Esad-25-150x109.jpg 150w, https:\/\/archive.sana.sy\/tr\/wp-content\/uploads\/2015\/01\/el-Esad-25-1024x741.jpg 1024w\" sizes=\"auto, (max-width: 300px) 100vw, 300px\" \/><\/a>\u0131 el Esad; Suriye&#8217;nin her b\u00f6lgesinde ve her y\u00f6n\u00fcnde Suriye ordusunu destekleyen halk\u0131n bulundu\u011funa bir kez daha dikkat \u00e7ekerken, Suriye ordusunun da istedi\u011fi zaman istedi\u011fi b\u00f6lgeye girme g\u00fcc\u00fcne de sahip oldu\u011funa yeniden vurgu yapt\u0131.<\/p>\n<p>Suriye halk\u0131n\u0131n muhtelif kesimleri ve bile\u015fenleriyle Suriye&#8217;nin birlik ve beraberli\u011finden yana oldu\u011funu belirten el Esad; aksi halde bunca usun s\u00fcre ayakta kalmas\u0131n\u0131n m\u00fcmk\u00fcn olmad\u0131\u011f\u0131na i\u015faret etti.<\/p>\n<p>ABD Ba\u015fkan\u0131 Barack Obamaya g\u00f6ndermek istedi\u011fi mesaja ili\u015fkin soruya cevab\u0131nda ise el Esad; do\u011fal olarak her yetkiliden halk\u0131n\u0131n \u00e7\u0131karlar\u0131 do\u011frultusunda hareket etmesini istemenin do\u011fal oldu\u011funu s\u00f6yledi.<\/p>\n<p>S\u00f6zlerine devam eden el Esad herhangi bir Amerikal\u0131ya sorulmas\u0131 gereken sorunun, ABD idaresinin Suriye&#8217;de yada t\u00fcm b\u00f6lgede ter\u00f6r\u00fc desteklemesinden yada y\u0131llar \u00f6nce M\u00fcsl\u00fcman Karde\u015fleri desteklemesinden ne elde etti\u011fi sorusu oldu\u011funa i\u015faret etti.<\/p>\n<p>El Esad; ABD\u2019nin kukla devletler yada y\u00f6neticiler aray\u0131\u015f\u0131na son vermesi gerekti\u011fini belirten el Esad; ABD\u2019nin g\u00fc\u00e7l\u00fc bir devlet olmas\u0131na ra\u011fmen son zamanlarda bir\u00e7ok konudaki sava\u015f\u0131n\u0131 kaybetmesi arkas\u0131ndaki ger\u00e7ek nedenlerin sorgulanmas\u0131 zaman\u0131 geldi\u011fini s\u00f6yledi.<\/p>\n<p><span style=\"color: #0000ff\">Suriye Ortado\u011fu\u2019nun Kalbidir, Ortado\u011fu Hastalan\u0131nca da T\u00fcm D\u00fcnyan\u0131n \u0130stikrar\u0131 Sars\u0131lacakt\u0131r<\/span><\/p>\n<p>Suriye&#8217;nin ABD\u2019 politikas\u0131ndan beklentileri konusunda bir soruyu cevaplayan el Esad; ABD\u2019den beklenen tek \u015feyin Ortado\u011fu B\u00f6lgesinin istikrar\u0131n\u0131 korumak oldu\u011funu s\u00f6yledi.<\/p>\n<p>Suriye&#8217;nin Ortado\u011fu&#8217;nun kalbi oldu\u011funu belirten el Esad; bunun da herkes taraf\u0131ndan idrak edildi\u011fine vurgu yapt\u0131. El Esad dolay\u0131s\u0131yla Ortado\u011fu&#8217;nun hastalanmas\u0131 halinde de t\u00fcm d\u00fcnya istikrar\u0131n\u0131n sars\u0131laca\u011f\u0131na dikkat \u00e7ekti.<\/p>\n<p>El Esad Ortado\u011fu&#8217;da izlenilmesi gereken politikalar\u0131n bar\u0131\u015f ve g\u00fcvenli\u011fin sa\u011flanmas\u0131na destek olma, ter\u00f6r ve radikalli\u011fe kar\u015f\u0131 m\u00fccadelenin yan\u0131 s\u0131ra \u0131l\u0131ml\u0131l\u0131k ve laikli\u011fin desteklenmesi temelleri \u00fczerinde dayal\u0131 olmas\u0131n\u0131n \u00f6nemine vurgu yapt\u0131.<\/p>\n<p>A.A. &#8211; S.\u015e. &#8211; R.H.<\/p>\n","protected":false},"excerpt":{"rendered":"<p>\u015eAM \u2013 Cumhurba\u015fkan\u0131 Be\u015f\u015far el Esad Amerikan Foreign Affairs Dergisiyle yapt\u0131\u011f\u0131 r\u00f6portaj\u0131nda; Suriye ordusunun her zaman girmek istedi\u011fi her b\u00f6lgeye kesinlikle girmeyi ba\u015fard\u0131\u011f\u0131n\u0131 ancak,\u00a0Suriye ordusunun her zaman ve her yerde bulunmas\u0131n\u0131n m\u00fcmk\u00fcn olmad\u0131\u011f\u0131na dikkat \u00e7ekti. Suriye&#8217;nin son iki y\u0131l i\u00e7inde olumlu y\u00f6nde bir nevi ilerleme kaydetti\u011fini ifade eden el Esad; fakat sava\u015f\u0131n iyi y\u00f6nde gidip &hellip;<\/p>\n","protected":false},"author":1,"featured_media":21884,"comment_status":"closed","ping_status":"closed","sticky":false,"template":"","format":"standard","meta":{"footnotes":""},"categories":[479,611,605,2554,2555,478],"tags":[10634],"class_list":["post-21850","post","type-post","status-publish","format-standard","has-post-thumbnail","","category-haberler-yerel","category-roportaj","category-sayin-cumhurbaskani","category-suriye-ve-dunya","category-suriye-ve-turkiye","category-yerel","tag-ilerleme-saglandigi-her-defasinda-israil-suriye-ordusunun-gucunu-baltalamaya-calisti-sam-cumhurbaskani-bessar-el-esad-amerikan-foreign-affairs-dergisiyle-yaptigi-ve-tam-metninin-yarin-pazart"],"_links":{"self":[{"href":"https:\/\/archive.sana.sy\/tr\/index.php?rest_route=\/wp\/v2\/posts\/21850","targetHints":{"allow":["GET"]}}],"collection":[{"href":"https:\/\/archive.sana.sy\/tr\/index.php?rest_route=\/wp\/v2\/posts"}],"about":[{"href":"https:\/\/archive.sana.sy\/tr\/index.php?rest_route=\/wp\/v2\/types\/post"}],"author":[{"embeddable":true,"href":"https:\/\/archive.sana.sy\/tr\/index.php?rest_route=\/wp\/v2\/users\/1"}],"replies":[{"embeddable":true,"href":"https:\/\/archive.sana.sy\/tr\/index.php?rest_route=%2Fwp%2Fv2%2Fcomments&post=21850"}],"version-history":[{"count":0,"href":"https:\/\/archive.sana.sy\/tr\/index.php?rest_route=\/wp\/v2\/posts\/21850\/revisions"}],"wp:featuredmedia":[{"embeddable":true,"href":"https:\/\/archive.sana.sy\/tr\/index.php?rest_route=\/wp\/v2\/media\/21884"}],"wp:attachment":[{"href":"https:\/\/archive.sana.sy\/tr\/index.php?rest_route=%2Fwp%2Fv2%2Fmedia&parent=21850"}],"wp:term":[{"taxonomy":"category","embeddable":true,"href":"https:\/\/archive.sana.sy\/tr\/index.php?rest_route=%2Fwp%2Fv2%2Fcategories&post=21850"},{"taxonomy":"post_tag","embeddable":true,"href":"https:\/\/archive.sana.sy\/tr\/index.php?rest_route=%2Fwp%2Fv2%2Ftags&post=21850"}],"curies":[{"name":"wp","href":"https:\/\/api.w.org\/{rel}","templated":true}]}}