{"id":21924,"date":"2015-01-26T17:10:09","date_gmt":"2015-01-26T15:10:09","guid":{"rendered":"http:\/\/sana.sy\/tr\/?p=21924"},"modified":"2015-01-26T17:10:09","modified_gmt":"2015-01-26T15:10:09","slug":"bakanlik-idlib-ilinde-saglik-hizmetlerinin-kalitesini-arttirmaya-calisiyor","status":"publish","type":"post","link":"https:\/\/archive.sana.sy\/tr\/?p=21924","title":{"rendered":"Bakanl\u0131k \u0130dlib ilinde Sa\u011fl\u0131k Hizmetlerinin Kalitesini Artt\u0131rmaya \u00c7al\u0131\u015f\u0131yor"},"content":{"rendered":"<p>\u0130DL\u0130B \u2013 Sa\u011fl\u0131k Bakan\u0131 Nizar Yaz\u0131c\u0131 bakanl\u0131\u011f\u0131n \u0130dlib iline t\u00fcm hastal\u0131klar\u0131n tedavilerinde kullan\u0131labilecek 25 ton ila\u00e7 tahsis etti\u011fini a\u00e7\u0131klad\u0131.<\/p>\n<p><a href=\"http:\/\/sana.sy\/tr\/wp-content\/uploads\/2015\/01\/Sa\u011fl\u0131k-bakan\u0131-1.jpg\"><img loading=\"lazy\" decoding=\"async\" class=\"alignright wp-image-21926 size-medium\" src=\"http:\/\/sana.sy\/tr\/wp-content\/uploads\/2015\/01\/Sa\u011fl\u0131k-bakan\u0131-1-300x208.jpg\" alt=\"Sa\u011fl\u0131k bakan\u0131 1\" width=\"300\" height=\"208\" srcset=\"https:\/\/archive.sana.sy\/tr\/wp-content\/uploads\/2015\/01\/Sa\u011fl\u0131k-bakan\u0131-1-300x208.jpg 300w, https:\/\/archive.sana.sy\/tr\/wp-content\/uploads\/2015\/01\/Sa\u011fl\u0131k-bakan\u0131-1-150x104.jpg 150w, https:\/\/archive.sana.sy\/tr\/wp-content\/uploads\/2015\/01\/Sa\u011fl\u0131k-bakan\u0131-1-1024x710.jpg 1024w\" sizes=\"auto, (max-width: 300px) 100vw, 300px\" \/><\/a>\u0130dlib Kentindeki \u0130bni Sina Devlet Hastanesine saha gezisinde bulunan ve vatanda\u015flara verilen hizmet kalitesini inceleyen Bakan Yaz\u0131c\u0131; \u0130dlib ili genelinde t\u0131bbi hizmetleri geli\u015ftirme amac\u0131yla bir dizi icraat ald\u0131\u011f\u0131n\u0131 s\u00f6yledi.<\/p>\n<p>Bakan Yaz\u0131c\u0131 il genelindeki sa\u011fl\u0131k sisteminin sivil toplum kurumlar\u0131 ve uluslar aras\u0131 \u00f6rg\u00fctlerin i\u015fbirli\u011fi ile geli\u015ftirilmeye \u00e7al\u0131\u015f\u0131ld\u0131\u011f\u0131na dikkat \u00e7ekti.<\/p>\n<p>Bakana saha gezisinde e\u015flik eden \u0130dlib Valisi Hayrettin Abd\u00fcssettar; Valilik ve ona tabi kurumlar\u0131n Sa\u011fl\u0131k Bakanl\u0131\u011f\u0131yla i\u015fbirli\u011fi i\u00e7inde vatanda\u015flar\u0131n t\u00fcm t\u0131bbi gereksinimlerini kar\u015f\u0131lamaya \u00e7al\u0131\u015ft\u0131\u011f\u0131n\u0131 belirtti.<\/p>\n<p><a href=\"http:\/\/sana.sy\/tr\/wp-content\/uploads\/2015\/01\/Sa\u011fl\u0131k-bakan\u0131.jpg\"><img loading=\"lazy\" decoding=\"async\" class=\"alignright wp-image-21927 size-medium\" src=\"http:\/\/sana.sy\/tr\/wp-content\/uploads\/2015\/01\/Sa\u011fl\u0131k-bakan\u0131-300x160.jpg\" alt=\"Sa\u011fl\u0131k bakan\u0131\" width=\"300\" height=\"160\" srcset=\"https:\/\/archive.sana.sy\/tr\/wp-content\/uploads\/2015\/01\/Sa\u011fl\u0131k-bakan\u0131-300x160.jpg 300w, https:\/\/archive.sana.sy\/tr\/wp-content\/uploads\/2015\/01\/Sa\u011fl\u0131k-bakan\u0131-150x80.jpg 150w, https:\/\/archive.sana.sy\/tr\/wp-content\/uploads\/2015\/01\/Sa\u011fl\u0131k-bakan\u0131.jpg 620w\" sizes=\"auto, (max-width: 300px) 100vw, 300px\" \/><\/a>Vali Abd\u00fcssettar T\u00fcrkiye&#8217;deki ihvanc\u0131 rejimin deste\u011findeki ter\u00f6r \u00e7etelerin il genelinde sa\u011fl\u0131k sekt\u00f6r\u00fc dahil vatanda\u015flara hizmet eden t\u00fcm altyap\u0131 ve kurumlar\u0131 sabote etmeye \u00e7al\u0131\u015fmalar\u0131na ra\u011fmen devletin hizmet kalitesini m\u00fcmk\u00fcn oldu\u011funca artt\u0131rmaya \u00e7al\u0131\u015ft\u0131\u011f\u0131na dikkat \u00e7ekti.<\/p>\n<p>\u00d6te yandan Sa\u011fl\u0131k Bakan\u0131 Yaz\u0131c\u0131 \u0130dlib ilinde g\u00f6rev yapan sa\u011fl\u0131k kadrolar\u0131yla bir araya gelerek \u00e7al\u0131\u015fmalar\u0131n\u0131n ko\u015fullar\u0131 hakk\u0131nda bilgi al\u0131p \u00f6nerilerini dinledi.<\/p>\n","protected":false},"excerpt":{"rendered":"<p>\u0130DL\u0130B \u2013 Sa\u011fl\u0131k Bakan\u0131 Nizar Yaz\u0131c\u0131 bakanl\u0131\u011f\u0131n \u0130dlib iline t\u00fcm hastal\u0131klar\u0131n tedavilerinde kullan\u0131labilecek 25 ton ila\u00e7 tahsis etti\u011fini a\u00e7\u0131klad\u0131. \u0130dlib Kentindeki \u0130bni Sina Devlet Hastanesine saha gezisinde bulunan ve vatanda\u015flara verilen hizmet kalitesini inceleyen Bakan Yaz\u0131c\u0131; \u0130dlib ili genelinde t\u0131bbi hizmetleri geli\u015ftirme amac\u0131yla bir dizi icraat ald\u0131\u011f\u0131n\u0131 s\u00f6yledi. Bakan Yaz\u0131c\u0131 il genelindeki sa\u011fl\u0131k sisteminin sivil &hellip;<\/p>\n","protected":false},"author":1,"featured_media":21925,"comment_status":"closed","ping_status":"closed","sticky":false,"template":"","format":"standard","meta":{"footnotes":""},"categories":[479,478],"tags":[10659],"class_list":["post-21924","post","type-post","status-publish","format-standard","has-post-thumbnail","","category-haberler-yerel","category-yerel","tag-bakanlik-idlib-ilinde-saglik-hizmetlerinin-kalitesini-arttirmaya-calisiyor-idlib-saglik-bakani-nizar-yazici-bakanligin-idlib-iline-tum-hastaliklarin-tedavilerinde-kullanilabilecek-25-ton-ila"],"_links":{"self":[{"href":"https:\/\/archive.sana.sy\/tr\/index.php?rest_route=\/wp\/v2\/posts\/21924","targetHints":{"allow":["GET"]}}],"collection":[{"href":"https:\/\/archive.sana.sy\/tr\/index.php?rest_route=\/wp\/v2\/posts"}],"about":[{"href":"https:\/\/archive.sana.sy\/tr\/index.php?rest_route=\/wp\/v2\/types\/post"}],"author":[{"embeddable":true,"href":"https:\/\/archive.sana.sy\/tr\/index.php?rest_route=\/wp\/v2\/users\/1"}],"replies":[{"embeddable":true,"href":"https:\/\/archive.sana.sy\/tr\/index.php?rest_route=%2Fwp%2Fv2%2Fcomments&post=21924"}],"version-history":[{"count":0,"href":"https:\/\/archive.sana.sy\/tr\/index.php?rest_route=\/wp\/v2\/posts\/21924\/revisions"}],"wp:featuredmedia":[{"embeddable":true,"href":"https:\/\/archive.sana.sy\/tr\/index.php?rest_route=\/wp\/v2\/media\/21925"}],"wp:attachment":[{"href":"https:\/\/archive.sana.sy\/tr\/index.php?rest_route=%2Fwp%2Fv2%2Fmedia&parent=21924"}],"wp:term":[{"taxonomy":"category","embeddable":true,"href":"https:\/\/archive.sana.sy\/tr\/index.php?rest_route=%2Fwp%2Fv2%2Fcategories&post=21924"},{"taxonomy":"post_tag","embeddable":true,"href":"https:\/\/archive.sana.sy\/tr\/index.php?rest_route=%2Fwp%2Fv2%2Ftags&post=21924"}],"curies":[{"name":"wp","href":"https:\/\/api.w.org\/{rel}","templated":true}]}}