{"id":219303,"date":"2020-10-04T09:30:55","date_gmt":"2020-10-04T06:30:55","guid":{"rendered":"http:\/\/www.sana.sy\/tr\/?p=219303"},"modified":"2020-10-05T13:45:44","modified_gmt":"2020-10-05T10:45:44","slug":"karabag-bolgesinde-ermenistan-ve-azerbaycan-gucleri-arasinda-siddetli-catismalar-suruyor","status":"publish","type":"post","link":"https:\/\/archive.sana.sy\/tr\/?p=219303","title":{"rendered":"Karaba\u011f B\u00f6lgesinde Ermenistan ve Azerbaycan G\u00fc\u00e7leri Aras\u0131nda \u015eiddetli \u00c7at\u0131\u015fmalar S\u00fcr\u00fcyor"},"content":{"rendered":"<p>ER\u0130VAN\/BAK\u00dc \u2013 Nagorno Karaba\u011f b\u00f6lgesinde Ermenistan ve Azerbaycan g\u00fc\u00e7leri aras\u0131nda \u00e7at\u0131\u015fmalar devam edilirken Ermeni ordusu Azerbaycan\u2019\u0131n ikinci en b\u00fcy\u00fck \u015fehri Gence\u2019yi hedef ald\u0131.<\/p>\n<p>Frans\u0131z Haber Ajans\u0131 Nagorno Karaba\u011f\u2019\u0131n yerel D\u0131\u015fi\u015fleri Bakanl\u0131\u011f\u0131ndan naklen; Azerbaycan g\u00fc\u00e7lerinin Karaba\u011f\u2019\u0131n ba\u015fkenti Stepanakert\u2019i hedef ald\u0131klar\u0131n\u0131 ve bundan dolay\u0131 b\u00fcy\u00fck maddi hasarlar\u0131n meydana geldi\u011fini belirtti.<\/p>\n<p>Azerbaycan Savunma Bakanl\u0131\u011f\u0131 ise bug\u00fcn, Ermeni g\u00fc\u00e7lerinin Fizuli b\u00f6lgesindeki Tartar ve Horadiz beldelerini hedef ald\u0131klar\u0131n\u0131 a\u00e7\u0131klad\u0131.<\/p>\n<p>Daha \u00f6nceki saatlerde ise, Stepanakert kentindeki elektrik hizmet altyap\u0131lar\u0131n\u0131n Azerbaycan g\u00fc\u00e7leri taraf\u0131ndan hedef al\u0131nmalar\u0131 ard\u0131ndan hizmet d\u0131\u015f\u0131 kald\u0131 ve bunun sonucunda Cumartesi ve Pazar g\u00fcnleri aras\u0131ndaki gece s\u0131ras\u0131nda kentte elektrik enerjisi kesildi.<\/p>\n<p>\u00d6te yandan Azerbaycan Savunma Bakanl\u0131\u011f\u0131 bug\u00fcn Twiiter\u2019de att\u0131\u011f\u0131 a\u00e7\u0131klamada; \u201cAzerbaycan&#8217;\u0131n ikinci \u015fehri olan Gence, Ermeni g\u00fc\u00e7leri taraf\u0131ndan bombaland\u0131\u011f\u0131n\u0131\u201d belirtti. Bu ba\u011flamda Karaba\u011f\u2019daki Ermeni yetkilileri Gence\u2019deki askeri havaalan\u0131n\u0131 hedef ald\u0131klar\u0131n\u0131 a\u00e7\u0131klad\u0131.<\/p>\n<p>Azerbaycan D\u0131\u015fi\u015fleri Bakanl\u0131\u011f\u0131 ise; Terter, Beli\u011fan ve Gence\u2019ye y\u00f6nelik bombalamada 22 silivlerin hayat\u0131n\u0131 kaybettiklerini ve 74\u2019un de yaralnd\u0131\u011f\u0131n\u0131 belirtti.<\/p>\n","protected":false},"excerpt":{"rendered":"<p>ER\u0130VAN\/BAK\u00dc \u2013 Nagorno Karaba\u011f b\u00f6lgesinde Ermenistan ve Azerbaycan g\u00fc\u00e7leri aras\u0131nda \u00e7at\u0131\u015fmalar devam edilirken Ermeni ordusu Azerbaycan\u2019\u0131n ikinci en b\u00fcy\u00fck \u015fehri Gence\u2019yi hedef ald\u0131. Frans\u0131z Haber Ajans\u0131 Nagorno Karaba\u011f\u2019\u0131n yerel D\u0131\u015fi\u015fleri Bakanl\u0131\u011f\u0131ndan naklen; Azerbaycan g\u00fc\u00e7lerinin Karaba\u011f\u2019\u0131n ba\u015fkenti Stepanakert\u2019i hedef ald\u0131klar\u0131n\u0131 ve bundan dolay\u0131 b\u00fcy\u00fck maddi hasarlar\u0131n meydana geldi\u011fini belirtti. Azerbaycan Savunma Bakanl\u0131\u011f\u0131 ise bug\u00fcn, Ermeni g\u00fc\u00e7lerinin &hellip;<\/p>\n","protected":false},"author":1,"featured_media":219304,"comment_status":"closed","ping_status":"closed","sticky":false,"template":"","format":"standard","meta":{"footnotes":""},"categories":[458,459,17988],"tags":[],"class_list":["post-219303","post","type-post","status-publish","format-standard","has-post-thumbnail","","category-dunya1","category-haberler-arap-uluslararasi-politika","category-son-haberler"],"_links":{"self":[{"href":"https:\/\/archive.sana.sy\/tr\/index.php?rest_route=\/wp\/v2\/posts\/219303","targetHints":{"allow":["GET"]}}],"collection":[{"href":"https:\/\/archive.sana.sy\/tr\/index.php?rest_route=\/wp\/v2\/posts"}],"about":[{"href":"https:\/\/archive.sana.sy\/tr\/index.php?rest_route=\/wp\/v2\/types\/post"}],"author":[{"embeddable":true,"href":"https:\/\/archive.sana.sy\/tr\/index.php?rest_route=\/wp\/v2\/users\/1"}],"replies":[{"embeddable":true,"href":"https:\/\/archive.sana.sy\/tr\/index.php?rest_route=%2Fwp%2Fv2%2Fcomments&post=219303"}],"version-history":[{"count":0,"href":"https:\/\/archive.sana.sy\/tr\/index.php?rest_route=\/wp\/v2\/posts\/219303\/revisions"}],"wp:featuredmedia":[{"embeddable":true,"href":"https:\/\/archive.sana.sy\/tr\/index.php?rest_route=\/wp\/v2\/media\/219304"}],"wp:attachment":[{"href":"https:\/\/archive.sana.sy\/tr\/index.php?rest_route=%2Fwp%2Fv2%2Fmedia&parent=219303"}],"wp:term":[{"taxonomy":"category","embeddable":true,"href":"https:\/\/archive.sana.sy\/tr\/index.php?rest_route=%2Fwp%2Fv2%2Fcategories&post=219303"},{"taxonomy":"post_tag","embeddable":true,"href":"https:\/\/archive.sana.sy\/tr\/index.php?rest_route=%2Fwp%2Fv2%2Ftags&post=219303"}],"curies":[{"name":"wp","href":"https:\/\/api.w.org\/{rel}","templated":true}]}}