{"id":219351,"date":"2020-10-06T09:10:45","date_gmt":"2020-10-06T06:10:45","guid":{"rendered":"http:\/\/www.sana.sy\/tr\/?p=219351"},"modified":"2020-10-07T09:56:46","modified_gmt":"2020-10-07T06:56:46","slug":"putin-pasinyan-ile-yaptigi-telefon-gorusmesinde-karabagdaki-askeri-eylemlerin-durdurulmasi-geregini-vurguladi","status":"publish","type":"post","link":"https:\/\/archive.sana.sy\/tr\/?p=219351","title":{"rendered":"Putin, Pa\u015finyan \u0130le Yapt\u0131\u011f\u0131 Telefon G\u00f6r\u00fc\u015fmesinde Karaba\u011f&#8217;daki Askeri Eylemlerin Durdurulmas\u0131 Gere\u011fini Vurgulad\u0131"},"content":{"rendered":"<p>MOSKOVA \u2013 Rusya Ba\u015fkan\u0131 Vladimir Putin bug\u00fcn Ermenistan Ba\u015fkan\u0131 Nikol Pa\u015finyan ile yapt\u0131\u011f\u0131 telefon g\u00f6r\u00fc\u015fmesinde, Da\u011fl\u0131k Karaba\u011f b\u00f6lgesindeki askeri eylemlerin derhal durdurulmas\u0131 gerekti\u011fini yineledi.<\/p>\n<p>Kermlin yay\u0131nlad\u0131\u011f\u0131 ve Rus Sputnik haber ajans\u0131n\u0131n aktard\u0131\u011f\u0131 beyanda, Rusya Ba\u015fkan\u0131 ile Ermenistan Cumhuriyeti Ba\u015fbakan\u0131 aras\u0131nda, Ermenistan ile Azerbaycan aras\u0131ndaki Da\u011fl\u0131k Karaba\u011f b\u00f6lgesinde artan, geni\u015flenen ve sivil kay\u0131plar da dahil olmak \u00fczere her iki tarafta a\u011f\u0131r kay\u0131plara yol a\u00e7an silahl\u0131 \u00e7at\u0131\u015fmay\u0131 tart\u0131\u015fan bir telefon g\u00f6r\u00fc\u015fmesi yap\u0131ld\u0131\u011f\u0131n bildirdi.<\/p>\n<p>Kremlin, Telefon g\u00f6r\u00fc\u015fmesinin Ermeni taraf\u0131n\u0131n inisiyatifinde ger\u00e7ekle\u015fti\u011fine dikkat \u00e7ekti.<\/p>\n<p>\u00c7eviri: M.Y<\/p>\n","protected":false},"excerpt":{"rendered":"<p>MOSKOVA \u2013 Rusya Ba\u015fkan\u0131 Vladimir Putin bug\u00fcn Ermenistan Ba\u015fkan\u0131 Nikol Pa\u015finyan ile yapt\u0131\u011f\u0131 telefon g\u00f6r\u00fc\u015fmesinde, Da\u011fl\u0131k Karaba\u011f b\u00f6lgesindeki askeri eylemlerin derhal durdurulmas\u0131 gerekti\u011fini yineledi. Kermlin yay\u0131nlad\u0131\u011f\u0131 ve Rus Sputnik haber ajans\u0131n\u0131n aktard\u0131\u011f\u0131 beyanda, Rusya Ba\u015fkan\u0131 ile Ermenistan Cumhuriyeti Ba\u015fbakan\u0131 aras\u0131nda, Ermenistan ile Azerbaycan aras\u0131ndaki Da\u011fl\u0131k Karaba\u011f b\u00f6lgesinde artan, geni\u015flenen ve sivil kay\u0131plar da dahil olmak &hellip;<\/p>\n","protected":false},"author":36,"featured_media":219352,"comment_status":"closed","ping_status":"closed","sticky":false,"template":"","format":"standard","meta":{"footnotes":""},"categories":[458,459,17988],"tags":[],"class_list":["post-219351","post","type-post","status-publish","format-standard","has-post-thumbnail","","category-dunya1","category-haberler-arap-uluslararasi-politika","category-son-haberler"],"_links":{"self":[{"href":"https:\/\/archive.sana.sy\/tr\/index.php?rest_route=\/wp\/v2\/posts\/219351","targetHints":{"allow":["GET"]}}],"collection":[{"href":"https:\/\/archive.sana.sy\/tr\/index.php?rest_route=\/wp\/v2\/posts"}],"about":[{"href":"https:\/\/archive.sana.sy\/tr\/index.php?rest_route=\/wp\/v2\/types\/post"}],"author":[{"embeddable":true,"href":"https:\/\/archive.sana.sy\/tr\/index.php?rest_route=\/wp\/v2\/users\/36"}],"replies":[{"embeddable":true,"href":"https:\/\/archive.sana.sy\/tr\/index.php?rest_route=%2Fwp%2Fv2%2Fcomments&post=219351"}],"version-history":[{"count":0,"href":"https:\/\/archive.sana.sy\/tr\/index.php?rest_route=\/wp\/v2\/posts\/219351\/revisions"}],"wp:featuredmedia":[{"embeddable":true,"href":"https:\/\/archive.sana.sy\/tr\/index.php?rest_route=\/wp\/v2\/media\/219352"}],"wp:attachment":[{"href":"https:\/\/archive.sana.sy\/tr\/index.php?rest_route=%2Fwp%2Fv2%2Fmedia&parent=219351"}],"wp:term":[{"taxonomy":"category","embeddable":true,"href":"https:\/\/archive.sana.sy\/tr\/index.php?rest_route=%2Fwp%2Fv2%2Fcategories&post=219351"},{"taxonomy":"post_tag","embeddable":true,"href":"https:\/\/archive.sana.sy\/tr\/index.php?rest_route=%2Fwp%2Fv2%2Ftags&post=219351"}],"curies":[{"name":"wp","href":"https:\/\/api.w.org\/{rel}","templated":true}]}}