{"id":219533,"date":"2020-10-07T21:46:45","date_gmt":"2020-10-07T18:46:45","guid":{"rendered":"http:\/\/www.sana.sy\/tr\/?p=219533"},"modified":"2020-10-08T20:09:10","modified_gmt":"2020-10-08T17:09:10","slug":"ilk-defa-savas-yaralilari-hukuk-meslegini-icra-edebilecek","status":"publish","type":"post","link":"https:\/\/archive.sana.sy\/tr\/?p=219533","title":{"rendered":"\u0130lk Defa &#8230; Sava\u015f Yaral\u0131lar\u0131 Hukuk Mesle\u011fini \u0130cra Edebilecek"},"content":{"rendered":"<p>\u015eAM \u2013 Barolar Sendikas\u0131 Genel Konferans\u0131, son zamanlarda hukuk mesle\u011finin \u00f6rg\u00fctlenmesi alan\u0131nda e\u015fi g\u00f6r\u00fclmemi\u015f bir ad\u0131m atarak, bu sayede muhtelif yaralar\u0131yla sava\u015f yaral\u0131lar\u0131n\u0131n Barolar Sendikas\u0131na kat\u0131lmalar\u0131na ve bu mesle\u011fe girdikten sonra bu mesle\u011fi yapmalar\u0131na izin verilmi\u015f oldu. Daha \u00f6nce bu mesle\u011fe girmek i\u00e7in tam bir sa\u011fl\u0131k ko\u015fulu bulunuyordu.<\/p>\n<p>Barolar Sendikas\u0131 Genel Konferans\u0131, zorunlu ve yedek hizmetten \u00e7\u0131kar\u0131lmalar\u0131na neden olan fiziksel yaralanmalara maruz kalan ve Baro&#8217;ya kat\u0131lmak isteyenlerin ba\u015fvurular\u0131n\u0131n kabul\u00fcn\u00fc onaylad\u0131.<\/p>\n<p>Karar ayr\u0131ca, avukatl\u0131k mesle\u011fini d\u00fczenleyen yasa elli ya\u015f\u0131n \u00fczerindeki ki\u015filerin e\u011fitimli avukat siciline al\u0131nmayaca\u011f\u0131n\u0131 \u00f6ng\u00f6rd\u00fc\u011f\u00fc i\u00e7in sava\u015f yaral\u0131lar\u0131 Sendikaya kabul ya\u015f \u015fart\u0131ndan muaf tuttu, ancak bu ya\u015fla ilgili durum art\u0131k sava\u015f operasyonlar\u0131ndaki yaral\u0131lar\u0131 kapsam\u0131yor.<\/p>\n<p>Barolar Sendikas\u0131 Genel Konferans\u0131&#8217;n\u0131n karar\u0131 ayr\u0131ca sava\u015f yaral\u0131lar\u0131n\u0131 barodaki t\u00fcm kay\u0131t \u00fccretlerinden muaf tutuyor.<\/p>\n","protected":false},"excerpt":{"rendered":"<p>\u015eAM \u2013 Barolar Sendikas\u0131 Genel Konferans\u0131, son zamanlarda hukuk mesle\u011finin \u00f6rg\u00fctlenmesi alan\u0131nda e\u015fi g\u00f6r\u00fclmemi\u015f bir ad\u0131m atarak, bu sayede muhtelif yaralar\u0131yla sava\u015f yaral\u0131lar\u0131n\u0131n Barolar Sendikas\u0131na kat\u0131lmalar\u0131na ve bu mesle\u011fe girdikten sonra bu mesle\u011fi yapmalar\u0131na izin verilmi\u015f oldu. Daha \u00f6nce bu mesle\u011fe girmek i\u00e7in tam bir sa\u011fl\u0131k ko\u015fulu bulunuyordu. Barolar Sendikas\u0131 Genel Konferans\u0131, zorunlu ve yedek &hellip;<\/p>\n","protected":false},"author":1,"featured_media":219534,"comment_status":"closed","ping_status":"closed","sticky":false,"template":"","format":"standard","meta":{"footnotes":""},"categories":[479,17988,478],"tags":[],"class_list":["post-219533","post","type-post","status-publish","format-standard","has-post-thumbnail","","category-haberler-yerel","category-son-haberler","category-yerel"],"_links":{"self":[{"href":"https:\/\/archive.sana.sy\/tr\/index.php?rest_route=\/wp\/v2\/posts\/219533","targetHints":{"allow":["GET"]}}],"collection":[{"href":"https:\/\/archive.sana.sy\/tr\/index.php?rest_route=\/wp\/v2\/posts"}],"about":[{"href":"https:\/\/archive.sana.sy\/tr\/index.php?rest_route=\/wp\/v2\/types\/post"}],"author":[{"embeddable":true,"href":"https:\/\/archive.sana.sy\/tr\/index.php?rest_route=\/wp\/v2\/users\/1"}],"replies":[{"embeddable":true,"href":"https:\/\/archive.sana.sy\/tr\/index.php?rest_route=%2Fwp%2Fv2%2Fcomments&post=219533"}],"version-history":[{"count":0,"href":"https:\/\/archive.sana.sy\/tr\/index.php?rest_route=\/wp\/v2\/posts\/219533\/revisions"}],"wp:featuredmedia":[{"embeddable":true,"href":"https:\/\/archive.sana.sy\/tr\/index.php?rest_route=\/wp\/v2\/media\/219534"}],"wp:attachment":[{"href":"https:\/\/archive.sana.sy\/tr\/index.php?rest_route=%2Fwp%2Fv2%2Fmedia&parent=219533"}],"wp:term":[{"taxonomy":"category","embeddable":true,"href":"https:\/\/archive.sana.sy\/tr\/index.php?rest_route=%2Fwp%2Fv2%2Fcategories&post=219533"},{"taxonomy":"post_tag","embeddable":true,"href":"https:\/\/archive.sana.sy\/tr\/index.php?rest_route=%2Fwp%2Fv2%2Ftags&post=219533"}],"curies":[{"name":"wp","href":"https:\/\/api.w.org\/{rel}","templated":true}]}}