{"id":219573,"date":"2020-10-08T12:17:57","date_gmt":"2020-10-08T09:17:57","guid":{"rendered":"http:\/\/www.sana.sy\/tr\/?p=219573"},"modified":"2020-10-09T14:58:11","modified_gmt":"2020-10-09T11:58:11","slug":"esad-rus-segodnya-ajansina-savas-bitmedi-onceligimiz-teroru-bitirmek-abd-ve-turk-isgali-cikmazsa-tek-secenek-halk-direnisidir","status":"publish","type":"post","link":"https:\/\/archive.sana.sy\/tr\/?p=219573","title":{"rendered":"Esad Rus Segodnya Ajans\u0131na: Sava\u015f Bitmedi, \u00d6nceli\u011fimiz Ter\u00f6r\u00fc Bitirmek. ABD Ve T\u00fcrk \u0130\u015fgali \u00c7\u0131kmazsa Tek Se\u00e7enek Halk Direni\u015fidir"},"content":{"rendered":"<p>\u015eAM \u2013 Say\u0131n Cumhurba\u015fkan\u0131 Be\u015f\u015far Esad, Suriye&#8217;de baz\u0131 b\u00f6lgeleri i\u015fgal eden ve \u00e7e\u015fitli su\u00e7 ve suikastlar i\u015fleyen ter\u00f6ristler oldu\u011fu m\u00fcddet\u00e7e ter\u00f6re kar\u015f\u0131 sava\u015f\u0131n hen\u00fcz bitmedi\u011fini ve bunlar\u0131n ortadan kald\u0131r\u0131lmas\u0131n\u0131n \u00f6ncelik oldu\u011funu ifade etti.<\/p>\n<p>Rus Segodnya Haber Ajans\u0131&#8217;na verdi\u011fi r\u00f6portajda Cumhurba\u015fkan\u0131 Esad, Suriye topraklar\u0131ndaki Amerikan ve T\u00fcrk varl\u0131\u011f\u0131n\u0131n bir i\u015fgal oldu\u011funu ve bu i\u015fgal i\u00e7in kulland\u0131klar\u0131 bahane olan ter\u00f6ristleri ortadan kald\u0131rarak, Amerikal\u0131lar ve T\u00fcrkler gitmezse, ger\u00e7ekle\u015fmesi gereken do\u011fal \u015feyin halk direni\u015fi oldu\u011funu vurgulad\u0131.<img loading=\"lazy\" decoding=\"async\" class=\"size-medium wp-image-219575 alignright\" src=\"http:\/\/www.sana.sy\/tr\/wp-content\/uploads\/2020\/10\/3-3-300x209.jpg\" alt=\"\" width=\"300\" height=\"209\" srcset=\"https:\/\/archive.sana.sy\/tr\/wp-content\/uploads\/2020\/10\/3-3-300x209.jpg 300w, https:\/\/archive.sana.sy\/tr\/wp-content\/uploads\/2020\/10\/3-3-1024x714.jpg 1024w, https:\/\/archive.sana.sy\/tr\/wp-content\/uploads\/2020\/10\/3-3-150x105.jpg 150w, https:\/\/archive.sana.sy\/tr\/wp-content\/uploads\/2020\/10\/3-3-768x535.jpg 768w, https:\/\/archive.sana.sy\/tr\/wp-content\/uploads\/2020\/10\/3-3-1536x1070.jpg 1536w, https:\/\/archive.sana.sy\/tr\/wp-content\/uploads\/2020\/10\/3-3-2048x1427.jpg 2048w\" sizes=\"auto, (max-width: 300px) 100vw, 300px\" \/><\/p>\n<p>Cumhurba\u015fkan\u0131 Esad, Erdo\u011fan rejiminin Suriye ve Libya&#8217;daki ter\u00f6ristleri destekledi\u011fini, Azerbaycan ile Ermenistan aras\u0131ndaki Da\u011fl\u0131k Karaba\u011f sorununun ana k\u0131\u015fk\u0131rt\u0131c\u0131s\u0131 ve me\u015falesi oldu\u011funu ve bunun tehlikeli bir davran\u0131\u015f oldu\u011funu belirtti ve \u015f\u00f6yle dedi: &#8220;T\u00fcrkiye Suriye&#8217;nin farkl\u0131 \u00fclkelerinden gelen ter\u00f6ristleri kulland\u0131, Libya&#8217;da da ayn\u0131 y\u00f6ntemi kulland\u0131, Libya&#8217;daki Suriyeli ter\u00f6ristlerle birlikte belki de ba\u015fka milletlerden de ter\u00f6ristler kulland\u0131, dolay\u0131s\u0131yla Da\u011fl\u0131k Karaba\u011f&#8217;da da b\u00fcy\u00fck olas\u0131l\u0131kla bu y\u00f6ntemi kulland\u0131klar\u0131 a\u00e7\u0131kt\u0131r&#8221; dedi.<\/p>\n<p>R\u00f6portaj\u0131n tam metni:<\/p>\n<p><span style=\"color: #0000ff;\">Birinci Soru:<\/span><\/p>\n<p><span style=\"color: #0000ff;\">Say\u0131n Cumhurba\u015fkan\u0131, be\u015f y\u0131l \u00f6nce Suriye&#8217;ye Rus yard\u0131m\u0131n\u0131n geldi\u011fini hat\u0131rlad\u0131\u011f\u0131m\u0131z bu g\u00fcnlerde bizimle g\u00f6r\u00fc\u015fme f\u0131rsat\u0131 verdi\u011finiz i\u00e7in te\u015fekk\u00fcr ederiz. Peki, be\u015f y\u0131ll\u0131k Rus askeri harekat\u0131ndan sonra bug\u00fcn Suriye&#8217;deki sava\u015f\u0131n bitti\u011fini s\u00f6yleyebilir miyiz?<\/span><\/p>\n<p>Cumhurba\u015fkan\u0131 Esad:<\/p>\n<p>Kesinlikle de\u011fil. \u00dclkemizin baz\u0131 b\u00f6lgelerini i\u015fgal eden, \u00e7e\u015fitli su\u00e7, suikast ve di\u011fer su\u00e7lar\u0131 i\u015fleyen ter\u00f6ristler oldu\u011fu m\u00fcddet\u00e7e, sava\u015f bitmedi ve operat\u00f6rlerinin uzun s\u00fcre devam ettirmeye istekli oldu\u011funa inan\u0131yorum. Bizim d\u00fc\u015f\u00fcnd\u00fc\u011f\u00fcm\u00fcz bu.<\/p>\n<p><span style=\"color: #0000ff;\">\u0130kinci soru:<\/span><\/p>\n<p><span style=\"color: #0000ff;\">Ruslar\u0131n ba\u015fard\u0131\u011f\u0131, hat\u0131rlad\u0131\u011f\u0131n\u0131z ve akl\u0131n\u0131zda tuttu\u011funuz kahramanl\u0131k anlar\u0131 nelerdir? \u00d6rne\u011fin torunlar\u0131n\u0131za bu anlardan hangilerini anlatmaya de\u011fer oldu\u011funu d\u00fc\u015f\u00fcn\u00fcyorsunuz?<\/span><\/p>\n<p>Cumhurba\u015fkan\u0131 Esad:<\/p>\n<p>Bu t\u00fcr pek \u00e7ok an var ve bunlardan baz\u0131lar\u0131na elbette de\u011finiyorum. Suriye ve Rus ordular\u0131 aras\u0131nda \u015fiddetli bir sava\u015fta be\u015f y\u0131l s\u00fcren bu i\u015fbirli\u011finden sonra, kahramanl\u0131\u011f\u0131n bireysel bir eylem de\u011fil kolektif bir eylem haline geldi\u011fini d\u00fc\u015f\u00fcn\u00fcyorum ve hat\u0131rlad\u0131\u011f\u0131m\u0131z birka\u00e7 kahramanl\u0131k vakas\u0131yla s\u0131n\u0131rl\u0131 de\u011fil, \u00f6rne\u011fin sava\u015f pilotlar\u0131 ve hava kuvvetlerinden bahsedersek, hat\u0131rl\u0131yoruz Rus pilotlar, ter\u00f6ristlere kar\u015f\u0131 g\u00fcnl\u00fck sald\u0131r\u0131lar\u0131na devam ederek hayatlar\u0131n\u0131 tehlikeye att\u0131lar ve birka\u00e7 u\u00e7ak ter\u00f6ristler taraf\u0131ndan d\u00fc\u015f\u00fcr\u00fcld\u00fc. Ve di\u011fer subaylardan bahsedecek olursak, Suriye ordusuna arka saflarda de\u011fil, \u00f6n saflarda destek sa\u011fl\u0131yorlar. \u0130\u00e7lerinden \u015fehit olanlar oldu. Dolay\u0131s\u0131yla bir g\u00fcn torunlar\u0131ma s\u00f6yleyece\u011fim \u015fey sadece bu kahramanl\u0131klarla ilgili de\u011fil, ordular\u0131m\u0131z\u0131n payla\u015ft\u0131\u011f\u0131 ve bu sava\u015fta bizi karde\u015f yapan bu ortak de\u011ferlerden, bu asil de\u011ferlerden, davalar\u0131na ba\u011fl\u0131l\u0131klar\u0131ndan, sivilleri ve masum insanlar\u0131 savunmalar\u0131ndan s\u00f6z edece\u011fim. Bu sava\u015f hakk\u0131nda konu\u015fulacak \u00e7ok \u015fey var.<\/p>\n<p><span style=\"color: #0000ff;\">\u00dc\u00e7\u00fcnc\u00fc soru:<\/span><\/p>\n<p><span style=\"color: #0000ff;\">Bu sava\u015f s\u0131ras\u0131nda, bu \u00e7at\u0131\u015fma s\u0131ras\u0131nda bir d\u00f6n\u00fcm noktas\u0131n\u0131 simgeleyen an nedir sizin i\u00e7in?<\/span><\/p>\n<p>Cumhurba\u015fkan\u0131 Esad:<\/p>\n<p>Sava\u015f\u0131n ba\u015flamas\u0131n\u0131n \u00fczerinden neredeyse on y\u0131l ge\u00e7ti, bu y\u00fczden bahsedebilece\u011fim pek \u00e7ok d\u00f6n\u00fcm noktas\u0131 var, bir de\u011fil. \u0130lk d\u00f6n\u00fcm noktas\u0131, \u00f6zellikle Suriye&#8217;nin merkezinde bir\u00e7ok alan\u0131 El Nusra Cephesi&#8217;nden kurtarmaya ba\u015flad\u0131\u011f\u0131m\u0131z 2013 y\u0131l\u0131nda oldu. Daha sonra 2014&#8217;te d\u00f6n\u00fcm noktas\u0131, I\u015e\u0130D&#8217;in Amerikan deste\u011fiyle birdenbire ortaya \u00e7\u0131kmas\u0131 ve ayn\u0131 zamanda Suriye ve Irak&#8217;\u0131n \u00e7ok \u00f6nemli bir b\u00f6l\u00fcm\u00fcn\u00fc i\u015fgal etmesi ile tam tersi oldu. Burada ter\u00f6ristler di\u011fer b\u00f6lgeleri i\u015fgal etmeye ba\u015flad\u0131 \u00e7\u00fcnk\u00fc I\u015e\u0130D, Suriye ordusunun dikkatini Suriye&#8217;nin bat\u0131s\u0131n\u0131 kurtarma g\u00f6revini yerine getirmekten al\u0131koyabildi. Di\u011fer d\u00f6n\u00fcm noktas\u0131 ise 2015&#8217;te Ruslar\u0131n Suriye&#8217;ye gelmesi ve birlikte bir\u00e7ok b\u00f6lgeyi \u00f6zg\u00fcrle\u015ftirmeye ba\u015flamas\u0131yd\u0131, o a\u015famada Ruslar\u0131n Suriye ordusunu desteklemeye gelmelerinin ard\u0131ndan d\u00f6n\u00fcm noktas\u0131 Halep&#8217;in do\u011fu k\u0131sm\u0131n\u0131n \u00f6zg\u00fcrle\u015fmesi oldu. Burada Suriye&#8217;nin di\u011fer b\u00f6lgelerinin kurtulu\u015fu bu noktadan ba\u015flad\u0131. Halep&#8217;in \u00f6nemi g\u00f6z \u00f6n\u00fcne al\u0131nd\u0131\u011f\u0131nda bu \u00f6nemliydi ve \u00e7\u00fcnk\u00fc bu, daha sonra \u015eam&#8217;da ve son zamanlarda Halep&#8217;in geri kalan\u0131nda ve daha sonra Suriye&#8217;nin do\u011fu kesiminde ve g\u00fcney kesiminde di\u011fer b\u00f6lgelere devam eden geni\u015f \u00e7apl\u0131 kurtulu\u015fun ba\u015flang\u0131c\u0131yd\u0131. Yani, bunlar ana d\u00f6n\u00fcm noktalar\u0131yd\u0131 ve e\u011fer onlar\u0131 bir araya getirirseniz, hepsinin stratejik d\u00f6n\u00fcm noktalar\u0131 oldu\u011funu g\u00f6receksiniz ve hepsi bu sava\u015f\u0131n gidi\u015fat\u0131n\u0131 de\u011fi\u015ftirdi.<\/p>\n<p><span style=\"color: #0000ff;\">D\u00f6rd\u00fcnc\u00fc soru:<\/span><\/p>\n<p><span style=\"color: #0000ff;\">\u015eimdi baz\u0131 g\u00fcncel haberlere d\u00f6nece\u011fim: Biz Rusya&#8217;da Ermenistan ile Azerbaycan aras\u0131ndaki \u00e7at\u0131\u015fmada b\u00f6lgede \u015fu anda ya\u015fananlar\u0131 takip ediyoruz. T\u00fcrkiye&#8217;nin orada bir rol oynad\u0131\u011f\u0131 kesin ama bu rol olumlu mu olumsuz mu, yarg\u0131layacak ki\u015fi ben de\u011filim. Ama sizlere T\u00fcrkiye ve Erdo\u011fan&#8217;\u0131n politikalar\u0131n\u0131 sormak istiyorum. T\u00fcrkiye son y\u0131llarda uluslararas\u0131 etkisini en \u00fcst d\u00fczeye \u00e7\u0131karmaya \u00e7al\u0131\u015f\u0131yor. Libya&#8217;daki varl\u0131\u011f\u0131n\u0131, Suriye&#8217;ye m\u00fcdahalesini, Yunanistan ile toprak anla\u015fmazl\u0131\u011f\u0131n\u0131 ve \u015fimdi Azerbaycan&#8217;a a\u00e7\u0131k deste\u011fini g\u00f6r\u00fcyoruz. Ankara&#8217;n\u0131n ve \u015fahsen Erdo\u011fan&#8217;\u0131n izledi\u011fi bu t\u00fcr davran\u0131\u015flar hakk\u0131nda ne d\u00fc\u015f\u00fcn\u00fcyorsunuz ve uluslararas\u0131 toplum bu t\u00fcr bir neo-Osmanl\u0131c\u0131l\u0131\u011fa daha fazla dikkat etmeli mi?<\/span><\/p>\n<p>Cumhurba\u015fkan\u0131 Esad:<\/p>\n<p>A\u00e7\u0131k konu\u015fal\u0131m, Erdo\u011fan Suriye&#8217;deki ter\u00f6ristleri destekledi, Libya&#8217;daki ter\u00f6ristleri destekliyor ve Da\u011fl\u0131k Karaba\u011f&#8217;da Azerbaycan ile Ermenistan aras\u0131nda halen devam eden \u00e7at\u0131\u015fman\u0131n ana k\u0131\u015fk\u0131rt\u0131c\u0131s\u0131 ve ate\u015fleyicisi oldu. Bu nedenle, davran\u0131\u015f\u0131n\u0131 tehlikeli olarak ve \u00e7e\u015fitli nedenlerle tan\u0131mlayaca\u011f\u0131m. Birincisi, M\u00fcsl\u00fcman Karde\u015fler&#8217;in davran\u0131\u015f\u0131n\u0131 yans\u0131tt\u0131\u011f\u0131 i\u00e7in; M\u00fcsl\u00fcman Karde\u015fler a\u015f\u0131r\u0131l\u0131k\u00e7\u0131 bir ter\u00f6r \u00f6rg\u00fct\u00fcd\u00fcr. \u0130kincisi, sadece T\u00fcrkiye&#8217;deki yerel dinleyicisinin dikkatini, \u00f6zellikle Suriye&#8217;deki I\u015e\u0130D ile bariz ili\u015fkisinden sonra T\u00fcrkiye&#8217;deki davran\u0131\u015f\u0131na odaklanmaktan uzakla\u015ft\u0131rmak i\u00e7in farkl\u0131 b\u00f6lgelerde sava\u015flar ba\u015flatt\u0131\u011f\u0131 i\u00e7in. I\u015e\u0130D&#8217;in eskiden Suriye petrol\u00fcn\u00fc T\u00fcrkiye \u00fczerinden ve ABD Hava Kuvvetleri \u00e7at\u0131s\u0131 alt\u0131nda satt\u0131\u011f\u0131n\u0131 ve T\u00fcrklerin elbette petrol sat\u0131\u015f\u0131na dahil oldu\u011funu herkes biliyor. Dolay\u0131s\u0131yla bu onun amac\u0131 ve bu tehlikeli. Uluslararas\u0131 toplum bunu bilsin ya da bilmesin, uluslararas\u0131 toplum terimi asl\u0131nda birka\u00e7 \u00fclkeyle s\u0131n\u0131rl\u0131d\u0131r, yani b\u00fcy\u00fck g\u00fc\u00e7ler ve zengin \u00fclkeler, siyaset arenas\u0131nda etkili olanlar\u0131 sayal\u0131m. Bu uluslararas\u0131 toplulu\u011fun \u00e7o\u011fu, ter\u00f6ristleri desteklemede T\u00fcrkiye ile su\u00e7 ortakl\u0131\u011f\u0131 yapmaktad\u0131r. T\u00fcrkiye&#8217;nin ne yapt\u0131\u011f\u0131n\u0131 biliyorlar ve T\u00fcrkiye&#8217;nin yapt\u0131klar\u0131ndan memnunlar\u2026 T\u00fcrkiye, bu b\u00f6lgedeki politikalar\u0131n\u0131 ve hayallerini ger\u00e7ekle\u015ftirmede bu \u00fclkelerin koludur ve bu nedenle uluslararas\u0131 topluma hi\u00e7 bahse giremeyiz. Uluslararas\u0131 hukuk \u00fczerine bahse girebilirsiniz, ama yok, uluslararas\u0131 hukuku uygulayacak bir kurum yok. Bu nedenle Suriye&#8217;de kendimize ve arkada\u015flar\u0131m\u0131z\u0131n deste\u011fine g\u00fcvenmek zorunday\u0131z.<\/p>\n<p><span style=\"color: #0000ff;\">Be\u015finci soru:<\/span><\/p>\n<p><span style=\"color: #0000ff;\">Bu \u00e7at\u0131\u015fma hakk\u0131nda daha da konu\u015facak olursak.. Daha \u00f6nce Suriye&#8217;de sava\u015fan gruplardan baz\u0131 ter\u00f6ristlerin \u015fu anda Ermenistan ile Azerbaycan aras\u0131ndaki \u00e7at\u0131\u015fma b\u00f6lgesine nakledilmekte oldu\u011fu haberleri \u00e7\u0131kt\u0131. Bunu onaylayabilir misiniz? Suriye&#8217;den gelen sava\u015f\u00e7\u0131lar\u0131n hareketi hakk\u0131nda bilginiz var m\u0131?<\/span><\/p>\n<p>Cumhurba\u015fkan\u0131 Esad:<\/p>\n<p>Bunu kesinlikle do\u011frulayabiliriz, elimizde kan\u0131t oldu\u011fu i\u00e7in de\u011fil, bazen kan\u0131t\u0131n\u0131z yoksa bir g\u00f6sterge veya g\u00f6stergeleriniz oldu\u011fu i\u00e7in. T\u00fcrkiye, Suriye&#8217;nin farkl\u0131 \u00fclkelerinden gelen bu ter\u00f6ristleri kulland\u0131, Libya&#8217;da da ayn\u0131 y\u00f6ntemi kulland\u0131, belki di\u011fer milletlerin yan\u0131 s\u0131ra Libya&#8217;daki Suriyeli ter\u00f6ristleri kulland\u0131. Dolay\u0131s\u0131yla Da\u011fl\u0131k Karaba\u011f&#8217;da bu y\u00f6ntemi kulland\u0131klar\u0131 a\u00e7\u0131kt\u0131r ve b\u00fcy\u00fck olas\u0131l\u0131kla, \u00e7\u00fcnk\u00fc daha \u00f6nce de s\u00f6yledi\u011fim gibi bu \u00e7at\u0131\u015fmay\u0131 ba\u015flatan ve cesaretlendiren taraf onlar. Dolay\u0131s\u0131yla bir \u015feyi ba\u015farmak istediler ve ayn\u0131 y\u00f6ntemi kullan\u0131rlard\u0131. Dolay\u0131s\u0131yla Da\u011fl\u0131k Karaba\u011f&#8217;da Suriyeli ter\u00f6ristleri ve di\u011fer milletleri kulland\u0131klar\u0131n\u0131 kesinlikle s\u00f6yleyebiliriz.<\/p>\n<p><span style=\"color: #0000ff;\">Alt\u0131nc\u0131 Soru:<\/span><\/p>\n<p><span style=\"color: #0000ff;\">\u00dclkelerimiz, Rusya ve Suriye aras\u0131ndaki ili\u015fkilere d\u00f6nelim. Ba\u015fkan Putin ile ileti\u015fim kurma veya g\u00f6r\u00fc\u015fme planlar\u0131 var m\u0131?<\/span><\/p>\n<p>Cumhurba\u015fkan\u0131 Esad:<\/p>\n<p>Her ne zaman yeni bir \u015fey olursa veya bu konu\u015fmalara ihtiya\u00e7 duyuldu\u011funda, \u00e7o\u011funlukla telefonda olmak \u00fczere d\u00fczenli temaslar\u0131m\u0131z var. Tabii gelecekte de konu\u015fmaya devam edece\u011fiz, gelecekte de g\u00f6r\u00fc\u015fece\u011fiz ama bu Suriye ile ilgili siyasi duruma ba\u011fl\u0131. Ve \u015fimdi bildi\u011finiz gibi, Koronavir\u00fcs y\u00fcz\u00fcnden t\u00fcm d\u00fcnya fel\u00e7 oldu. Bu y\u00fczden bu g\u00f6r\u00fc\u015fmelerin \u00f6ng\u00f6r\u00fclebilir gelecekte telefonda devam edece\u011fini d\u00fc\u015f\u00fcn\u00fcyorum.<\/p>\n<p><span style=\"color: #0000ff;\">Yedinci Soru:<\/span><\/p>\n<p><span style=\"color: #0000ff;\">Suriye i\u00e7in yeni fon bulma konusunu g\u00fcndeme getirecek misiniz? Yeni krediler?<\/span><\/p>\n<p>Cumhurba\u015fkan\u0131 Esad:<\/p>\n<p>Ekonomik durumumuzda kredi aramak \u00e7ok \u00f6nemli ama ayn\u0131 zamanda bu kredileri geri \u00f6deyemeden bu ad\u0131m at\u0131lmamal\u0131d\u0131r. Aksi takdirde y\u00fck ve bor\u00e7 olur. Dolay\u0131s\u0131yla sorunun iki taraf\u0131 var. Kredilerden bahsetme meselesi masan\u0131n \u00fcst\u00fcnde ve biz bunu Rus meslekta\u015flar\u0131m\u0131zla tart\u0131\u015ft\u0131k ama ciddiye almadan \u00f6nce ya da pratik olarak s\u00f6yleyelim b\u00f6yle bir ad\u0131m i\u00e7in haz\u0131rlanmal\u0131y\u0131z.<\/p>\n<p><span style=\"color: #0000ff;\">Sekizinci Soru:<\/span><\/p>\n<p><span style=\"color: #0000ff;\">Yak\u0131n zamanda Ba\u015fbakan Yard\u0131mc\u0131s\u0131 Borissov&#8217;un da bulundu\u011fu bir Rus heyeti ziyaretinize geldi. Suriye art\u0131k &#8220;S-400&#8221; gibi u\u00e7aksavar sistemleri sat\u0131n almakla veya ek &#8220;S-300&#8221; sistemleri talep etmekle ilgileniyor mu?<\/span><\/p>\n<p>Cumhurba\u015fkan\u0131 Esad:<\/p>\n<p>Asl\u0131nda, iki y\u0131l \u00f6nce ordumuzu modernize etmek i\u00e7in bir plan ba\u015flatt\u0131k ve bu modernizasyon s\u00fcrecini Rusya Savunma Bakanl\u0131\u011f\u0131 ile i\u015fbirli\u011fi i\u00e7inde yapaca\u011f\u0131m\u0131z\u0131 s\u00f6ylemeye gerek yok, \u00e7\u00fcnk\u00fc onlarca y\u0131ld\u0131r ordumuz tamamen Rus silahlar\u0131na ba\u011f\u0131ml\u0131. Ama \u00f6nceliklerimiz var ve bunlar illa ki f\u00fczeler olmayabilir. Art\u0131k karada m\u00fccadele ile ilgili ba\u015fka \u00f6nceliklerimiz olabilir. Demek ki tam kapsaml\u0131 bir plan var ama bu \u00f6nceliklere g\u00f6re hareket etmeliyiz.Genel olarak askeri planlar\u0131m\u0131z\u0131n detaylar\u0131ndan bahsetmiyoruz ama genel olarak dedi\u011fim gibi ordumuzu askeri alan\u0131n her alan\u0131nda modernize ediyoruz.<\/p>\n<p><span style=\"color: #0000ff;\">Dokuzuncu Soru:<\/span><\/p>\n<p><span style=\"color: #0000ff;\">Amerika Birle\u015fik Devletleri&#8217;nde kesinlikle ba\u015fkanl\u0131k se\u00e7imi kampanyas\u0131n\u0131 izliyorsunuz. Kazanan\u0131n ad\u0131 ne olursa olsun, yeni Amerikan ba\u015fkan\u0131n\u0131n Suriye&#8217;ye uygulanan yapt\u0131r\u0131m politikalar\u0131n\u0131 g\u00f6zden ge\u00e7irmesini umuyor musunuz?<\/span><\/p>\n<p>Cumhurba\u015fkan\u0131 Esad:<\/p>\n<p>ABD se\u00e7imlerinde genellikle ba\u015fkanlar\u0131n varl\u0131\u011f\u0131n\u0131 beklemiyoruz, sadece icra direkt\u00f6rlerinin var olmas\u0131n\u0131 bekliyoruz, \u00e7\u00fcnk\u00fc bir konsey var ve bu konsey bask\u0131 gruplar\u0131 ve bankalar, silah ve petrol end\u00fcstrileri gibi b\u00fcy\u00fck \u015firketlerden olu\u015fuyor. Dolay\u0131s\u0131yla, bir icra m\u00fcd\u00fcr\u00fc vard\u0131r ve bu icra m\u00fcd\u00fcr\u00fcn\u00fcn denetim yapma hakk\u0131 veya yetkisi yoktur, ancak i\u015fi uygulama ile s\u0131n\u0131rl\u0131d\u0131r. Ve se\u00e7imlerden sonra ba\u015fkan oldu\u011funda Trump&#8217;a olan da buydu.<\/p>\n<p><span style=\"color: #0000ff;\">Gazeteci:<\/span><\/p>\n<p><span style=\"color: #0000ff;\">Bundan \u00f6nce birka\u00e7 y\u0131ld\u0131r CEO&#8217;du.<\/span><\/p>\n<p>Cumhurba\u015fkan\u0131 Esad:<\/p>\n<p>Tamamen! Her durumda y\u00f6netici direkt\u00f6rd\u00fcr. Kendi politikas\u0131n\u0131 izlemek istiyordu ve bedelini \u00f6demeye yak\u0131nd\u0131. G\u00f6revden al\u0131nmas\u0131 konusunu hat\u0131rlars\u0131n\u0131z. Se\u00e7imlerden \u00f6nce s\u00f6yledi\u011fi her kelimeyi yutmak zorunda kald\u0131, ben de bir ba\u015fkan de\u011fil bir y\u00f6netici bekledi\u011fimizi s\u00f6yledim. E\u011fer politikay\u0131 de\u011fi\u015ftirmek hakk\u0131nda konu\u015fmak isterseniz, o zaman bir konseyiniz olur ve konseyin kendisi politikas\u0131n\u0131 de\u011fi\u015ftirmez, icra m\u00fcd\u00fcr\u00fc de\u011fi\u015fir ama konsey ayn\u0131 kal\u0131r. Bu nedenle hi\u00e7bir \u015fey beklemeyin.<\/p>\n<p><span style=\"color: #0000ff;\">Onuncu Soru:<\/span><\/p>\n<p><span style=\"color: #0000ff;\">Bu konsey kimlerden olu\u015fuyor? Bu insanlar kim?<\/span><\/p>\n<p>Cumhurba\u015fkan\u0131 Esad:<\/p>\n<p>Dedi\u011fim gibi bu konsey bask\u0131 gruplar\u0131ndan olu\u015fuyor, istediklerini yap\u0131yorlar ve Kongre&#8217;yi, di\u011fer kurumlar\u0131, medyay\u0131 vb. kontrol ediyorlar. Bu nedenle, Amerika Birle\u015fik Devletleri&#8217;nde kendi \u00e7\u0131karlar\u0131 i\u00e7in faaliyet g\u00f6steren farkl\u0131 \u015firketler aras\u0131nda bir ittifak var.<\/p>\n<p><span style=\"color: #0000ff;\">Onbirinci Soru:<\/span><\/p>\n<p><span style=\"color: #0000ff;\">Trump, Amerikan g\u00fc\u00e7lerini Suriye&#8217;den \u00e7ekme s\u00f6z\u00fc verdi, ancak bunu yapamad\u0131. Ve \u015fimdi Nobel Bar\u0131\u015f \u00d6d\u00fcl\u00fc&#8217;ne aday g\u00f6sterildi. Amerikan kuvvetlerini eve getirmeyi ba\u015far\u0131rsa, kendisine Nobel Bar\u0131\u015f \u00d6d\u00fcl\u00fc verilece\u011fini mi d\u00fc\u015f\u00fcn\u00fcyor musunuz?<\/span><\/p>\n<p>Cumhurba\u015fkan\u0131 Esad:<\/p>\n<p>Kendisi aday m\u0131?<\/p>\n<p><span style=\"color: #0000ff;\">Gazeteci: Evet, aday g\u00f6sterildi.<\/span><\/p>\n<p>Cumhurba\u015fkan\u0131 Esad:<\/p>\n<p>Bunu bilmiyordum. Bar\u0131\u015f i\u00e7in ka\u00e7maktan bahsetmek istiyorsan\u0131z, bar\u0131\u015f sadece askerleri \u00e7ekmek de\u011fildir. Bu bir ad\u0131md\u0131r, iyi bir ad\u0131md\u0131r, gerekli bir ad\u0131md\u0131r, ancak bar\u0131\u015f siyasetle ilgilidir ve davran\u0131\u015fla ilgilidir. Topra\u011f\u0131n i\u015fgalini sona erdirmek, yan\u0131n\u0131zda olmad\u0131klar\u0131 i\u00e7in h\u00fck\u00fcmetleri devirmeyi b\u0131rakmak ve d\u00fcnyan\u0131n farkl\u0131 yerlerinde kaosa neden olmay\u0131 b\u0131rakmak demektir. Bar\u0131\u015f, uluslararas\u0131 hukuka uymak, BM \u015eart\u0131n\u0131 desteklemektir vb.dir. bar\u0131\u015f budur. sonra Nobel Bar\u0131\u015f \u00d6d\u00fcl\u00fc&#8217;n\u00fc hak edersiniz. Obama bu \u00f6d\u00fcl\u00fc ald\u0131, yeni se\u00e7ilmi\u015fti ve hi\u00e7bir \u015fey yapmad\u0131. Belki de elde edebilece\u011fi tek ba\u015far\u0131 evinden Beyaz Saray&#8217;a ta\u015f\u0131nmakt\u0131 ve Nobel \u00d6d\u00fcl\u00fc&#8217;n\u00fc ald\u0131. Yani belki benzer bir \u015fey yapt\u0131\u011f\u0131 i\u00e7in bunu Trump&#8217;a verebilirler. O \u015feyin ne oldu\u011funu bilmiyorum ama kesinlikle bar\u0131\u015f de\u011fil.<\/p>\n<ol start=\"12\">\n<li><span style=\"color: #0000ff;\">Soru:<\/span><\/li>\n<\/ol>\n<p><span style=\"color: #0000ff;\">Trump k\u0131sa s\u00fcre \u00f6nce sizi ki\u015fisel olarak tasfiye etmeyi planlad\u0131\u011f\u0131n\u0131 itiraf etti ve Savunma Bakan\u0131 Mattis onu bunu yapmamaya ikna etti. Bunu o s\u0131rada biliyor muydunuz ve bunu \u00f6nlemek i\u00e7in herhangi bir i\u015flem yap\u0131ld\u0131 m\u0131?<\/span><\/p>\n<p>Cumhurba\u015fkan\u0131 Esad:<\/p>\n<p>Suikast, Amerikan \u00e7al\u0131\u015fma tarz\u0131n\u0131 temsil ediyor, bu onlarca y\u0131ld\u0131r ve d\u00fcnyan\u0131n farkl\u0131 b\u00f6lgelerinde her yerde yapt\u0131klar\u0131 \u015fey. Bu yeni bir \u015fey de\u011fil. Bu nedenle, bu t\u00fcr bir plan\u0131n her zaman farkl\u0131 nedenlerle var oldu\u011funu her zaman hat\u0131rlamal\u0131s\u0131n\u0131z ve Suriye&#8217;deki durumumuzda, Amerikal\u0131larla olan bu \u00e7at\u0131\u015fmayla topraklar\u0131m\u0131z\u0131 i\u015fgal etmelerini ve ter\u00f6ristleri desteklemelerini beklemeliyiz ve bu nedenle bu bekleniyor. Herhangi bir bilgimiz olmasa bile, apa\u00e7\u0131k ortada olmal\u0131d\u0131r. Bu nas\u0131l \u00f6nlenebilir? Mesele, olay\u0131n kendisiyle veya bu ki\u015fi veya bu patronla ilgili olarak haz\u0131rlanan planla de\u011fil, daha \u00e7ok davran\u0131\u015fla ilgilidir. ABD&#8217;nin su\u00e7undan ka\u00e7amayaca\u011f\u0131 uluslararas\u0131 bir denge olmad\u0131\u011f\u0131 s\u00fcrece, hi\u00e7bir \u015fey ABD&#8217;yi bu t\u00fcr k\u00f6t\u00fc eylemlerde bulunmaktan cayd\u0131rmayacak, aksi takdirde \u00e7e\u015fitli b\u00f6lgelerde bu t\u00fcr eylemleri i\u015flemeye devam edecek ve hi\u00e7bir \u015fey onu durduramayacakt\u0131r.<\/p>\n<ol start=\"13\">\n<li><span style=\"color: #0000ff;\">Soru:<\/span><\/li>\n<\/ol>\n<p><span style=\"color: #0000ff;\">G\u00f6rev s\u00fcreniz boyunca sizi hedef alan ba\u015fka giri\u015fimler oldu mu?<\/span><\/p>\n<p>Cumhurba\u015fkan\u0131 Esad:<\/p>\n<p>Herhangi bir te\u015febb\u00fcs duymad\u0131m, ama dedi\u011fim gibi, birka\u00e7 giri\u015fim veya belki de dikkatli olursak planlar olaca\u011f\u0131n\u0131 s\u00f6ylemeye gerek yok, ancak bu planlar aktif veya ask\u0131ya al\u0131nm\u0131\u015fsa, kimse bilmiyor.<\/p>\n<ol start=\"14\">\n<li><span style=\"color: #0000ff;\">Soru:<\/span><\/li>\n<\/ol>\n<p><span style=\"color: #0000ff;\">Suriye&#8217;deki duruma d\u00f6necek olursak, 2021 ba\u015fkanl\u0131k se\u00e7imlerine aday olacak m\u0131s\u0131n\u0131z?<\/span><\/p>\n<p>Cumhurba\u015fkan\u0131 Esad:<\/p>\n<p>Bunun hakk\u0131nda konu\u015fmak i\u00e7in hen\u00fcz \u00e7ok erken, \u00e7\u00fcnk\u00fc daha birka\u00e7 ay\u0131m\u0131z var. Bu karar\u0131 senenin ba\u015f\u0131nda verebilirim.<\/p>\n<ol start=\"15\">\n<li><span style=\"color: #0000ff;\">Soru:<\/span><\/li>\n<\/ol>\n<p><span style=\"color: #0000ff;\">Cumhurba\u015fkan\u0131 Alexander Lukashenko&#8217;yu Belarus Cumhurba\u015fkan\u0131 olarak g\u00f6reve ba\u015flad\u0131\u011f\u0131 i\u00e7in tebrik ettiniz mi ve Belarus muhalefetini desteklemek i\u00e7in Birle\u015fik Krall\u0131k ve Amerika Birle\u015fik Devletleri&#8217;nde kullan\u0131lan siyasi teknikler ile Suriye ve Suriye devletine kar\u015f\u0131 enformasyon sava\u015f\u0131nda kullan\u0131lan y\u00f6ntemler aras\u0131nda belki benzerlikler g\u00f6r\u00fcyor musunuz?<\/span><\/p>\n<p>Cumhurba\u015fkan\u0131 Esad:<\/p>\n<p>Cumhurba\u015fkan\u0131 Lukashenko&#8217;ya bir tebrik mesaj\u0131 g\u00f6nderdim ve bu normal. Ancak, iki \u00fclke, Suriye ve Beyaz Rusya aras\u0131ndaki benzerliklerden veya farkl\u0131l\u0131klardan ba\u011f\u0131ms\u0131z olarak ve \u00fclkelerden birinde, Bat\u0131&#8217;da ger\u00e7ek veya yapay bir \u00e7at\u0131\u015fma olup olmad\u0131\u011f\u0131na bak\u0131lmaks\u0131z\u0131n, Beyaz Rusya&#8217;da olup bitenlerle ilgili olarak, d\u00fcnya \u00e7ap\u0131nda izledi\u011fi hegemonik politikay\u0131 de\u011fi\u015ftirmedi\u011fi s\u00fcrece D\u00fcnyan\u0131n her yerine m\u00fcdahale ederdi. \u00dclkenizde b\u00fcy\u00fck ya da k\u00fc\u00e7\u00fck, ger\u00e7ek bir sorununuz varsa devreye girer. Ve e\u011fer sorun yerel olsayd\u0131, s\u0131rf i\u015flerine kar\u0131\u015fmak ve i\u015fleri kar\u0131\u015ft\u0131rmak i\u00e7in onu uluslararas\u0131 bir soruna d\u00f6n\u00fc\u015ft\u00fcr\u00fcrd\u00fc. Ve e\u011fer hi\u00e7bir sorununuz yoksa, sorun yaratmak i\u00e7in ellerinden geleni yapacaklar ve sonra onlar\u0131 uluslararas\u0131 hale getirip i\u015finize m\u00fcdahale edecekler. Bu onlar\u0131n politikas\u0131. Yani konu Beyaz Rusya&#8217;da olanlarla ilgili de\u011fil. Di\u011fer her \u00fclke gibi, Suriye, Beyaz Rusya veya sizin \u00fclkeniz ve d\u00fcnyadaki her \u00fclke gibi, bu \u00fclkelerin de kendi sorunlar\u0131 var. \u00d6yleyse Bat\u0131&#8217;n\u0131n m\u00fcdahale etme hakk\u0131 var m\u0131? Kar\u015f\u0131 \u00e7\u0131kmam\u0131z gereken \u015fey bu. Sorunuza geri d\u00f6necek olursak, evet, ayn\u0131 davran\u0131\u015f ve ayn\u0131 strateji ve ayn\u0131 taktikler, tek fark \u00fcr\u00fcnlere verilen marka isminde, farkl\u0131 ba\u015fl\u0131klarda. Rusya i\u00e7in \u00f6zel ba\u015fl\u0131klar, Venezuela i\u00e7in ba\u015fka bir ba\u015fl\u0131k ve Suriye i\u00e7in ba\u015fka vb. ba\u015fl\u0131klar kullan\u0131rlar. Dolay\u0131s\u0131yla mesele Beyaz Rusya ile ilgili de\u011fil, daha \u00e7ok Bat\u0131&#8217;n\u0131n davran\u0131\u015f\u0131 ve gelece\u011fe y\u00f6nelik stratejisiyle ilgili \u00e7\u00fcnk\u00fc Rusya&#8217;n\u0131n y\u00fckseli\u015fi, \u00c7in&#8217;in y\u00fckseli\u015fi ve d\u00fcnyadaki di\u011fer g\u00fc\u00e7lerin y\u00fckseli\u015fiyle bunun kendileri i\u00e7in varolu\u015fsal bir tehdit olu\u015fturdu\u011funa inan\u0131yorlar. Dolay\u0131s\u0131yla bu tehdide kar\u015f\u0131 koyman\u0131n veya y\u00fczle\u015fmenin tek yolu, d\u00fcnya \u00e7ap\u0131nda kaos yaratmakt\u0131r.<\/p>\n<ol start=\"16\">\n<li><span style=\"color: #0000ff;\">Soru:<\/span><\/li>\n<\/ol>\n<p><span style=\"color: #0000ff;\">Az \u00f6nce Coronavir\u00fcsten ve t\u00fcm insanl\u0131\u011f\u0131 nas\u0131l etkiledi\u011finden bahsettiniz. H\u00fck\u00fcmetinizde herhangi biri yaraland\u0131 m\u0131, yoksa ki\u015fisel olarak siz mi?<\/span><\/p>\n<p>Cumhurba\u015fkan\u0131 Esad:<\/p>\n<p>Bunun ger\u00e7ekle\u015fmedi\u011fi i\u00e7in Allah&#8217;a \u015f\u00fckrediyoruz. Ve h\u00fck\u00fcmetin hi\u00e7bir \u00fcyesinin yaraland\u0131\u011f\u0131n\u0131 da sanm\u0131yorum.<\/p>\n<ol start=\"17\">\n<li><span style=\"color: #0000ff;\">Soru:<\/span><\/li>\n<\/ol>\n<p><span style=\"color: #0000ff;\">Bunlar iyi haberler. Sizler \u015fahsen Rus a\u015f\u0131s\u0131 almay\u0131 ister misiniz?<\/span><\/p>\n<p>Cumhurba\u015fkan\u0131 Esad:<\/p>\n<p>Tabii ki, bu \u015fartlar alt\u0131nda herkes bu tehlikeli vir\u00fcse kar\u015f\u0131 a\u015f\u0131 olmak isteyecektir. Ama hen\u00fcz uluslararas\u0131 pazarda bulunmad\u0131\u011f\u0131n\u0131 d\u00fc\u015f\u00fcn\u00fcyorum ama Suriye pazar\u0131na y\u00f6nelik a\u015f\u0131lar\u0131 almak i\u00e7in uluslararas\u0131 pazara \u00e7\u0131kt\u0131\u011f\u0131nda konuyu Rus yetkililerle g\u00f6r\u00fc\u015fece\u011fiz, bu \u00e7ok \u00f6nemli.<\/p>\n<p>Gazeteci: Evet, Ruslar uluslararas\u0131 ortaklar\u0131m\u0131za verilece\u011fi \u00f6nerisinde bulundular.<\/p>\n<p>Cumhurba\u015fkan\u0131 Esad:<\/p>\n<p>Kas\u0131m ay\u0131nda pazarda olabilece\u011fini s\u00f6ylediler.<\/p>\n<ol start=\"18\">\n<li><span style=\"color: #0000ff;\">Soru:<\/span><\/li>\n<\/ol>\n<p><span style=\"color: #0000ff;\">\u00d6yleyse, Rus a\u015f\u0131s\u0131n\u0131 isteyeceksiniz?<\/span><\/p>\n<p>Cumhurba\u015fkan\u0131 Esad:<\/p>\n<p>Evet, kesinlikle. Bu zamanlarda zorunludur \u00e7\u00fcnk\u00fc.<\/p>\n<ol start=\"19\">\n<li><span style=\"color: #0000ff;\">Soru:<\/span><\/li>\n<\/ol>\n<p><span style=\"color: #0000ff;\">Hacmini sorabilir miyim?<\/span><\/p>\n<p>Cumhurba\u015fkan\u0131 Esad:<\/p>\n<p>Mevcut miktarlara ba\u011fl\u0131d\u0131r ve ihtiyac\u0131m\u0131z olan miktar\u0131 Suriye&#8217;deki sa\u011fl\u0131k yetkilileriyle g\u00f6r\u00fc\u015fmemiz gerekir.<\/p>\n<ol start=\"20\">\n<li><span style=\"color: #0000ff;\">Soru:<\/span><\/li>\n<\/ol>\n<p><span style=\"color: #0000ff;\">B\u00f6ylece Rus yetkililerle detayl\u0131 g\u00f6r\u00fc\u015fmelere gireceksiniz.<\/span><\/p>\n<p>Cumhurba\u015fkan\u0131 Esad:<\/p>\n<p>Tabi, elbette. Suriye&#8217;deki herkes Rus a\u015f\u0131s\u0131n\u0131n ne zaman piyasaya \u00e7\u0131kaca\u011f\u0131n\u0131 soruyor. Bir\u00e7ok Suriyeli bunu soruyor.<\/p>\n<ol start=\"21\">\n<li><span style=\"color: #0000ff;\">Soru:<\/span><\/li>\n<\/ol>\n<p><span style=\"color: #0000ff;\">\u015eimdi, pandeminin patlak vermesinin arka plan\u0131nda, anayasan\u0131n de\u011fi\u015ftirilmesi i\u00e7in halk\u0131n talebi hala ge\u00e7erli mi? \u00c7\u00fcnk\u00fc Corona vir\u00fcs\u00fc d\u00fcnyada ve kesinlikle siyasette yeni bir model olu\u015fturdu. Dolay\u0131s\u0131yla sorunlar ve Cenevre g\u00f6r\u00fc\u015fmeleri, anayasay\u0131 de\u011fi\u015ftirme ihtiyac\u0131n\u0131n hala var olup olmad\u0131\u011f\u0131 konusunda \u015f\u00fcphe uyand\u0131r\u0131yor, buna ne dersiniz?<\/span><\/p>\n<p>Cumhurba\u015fkan\u0131 Esad:<\/p>\n<p>Hay\u0131r, Corona ile anayasa aras\u0131nda bir ili\u015fki yok, 2012&#8217;de anayasay\u0131 de\u011fi\u015ftirdik, \u015fimdi de Cenevre g\u00f6r\u00fc\u015fmelerinde anayasay\u0131 tart\u0131\u015f\u0131yoruz. Yakla\u015f\u0131k bir ay \u00f6nce bir m\u00fczakere turu yapt\u0131k ve bu nedenle Corona bu turlar\u0131 erteledi ama durdurmad\u0131. Sonu\u00e7 olarak, Cenevre m\u00fczakereleri siyasi bir oyun ve Suriyelilerin \u00e7o\u011funun odakland\u0131\u011f\u0131 \u015fey de\u011fil.Suriye halk\u0131 anayasa hakk\u0131nda d\u00fc\u015f\u00fcnm\u00fcyor ve kimse onun hakk\u0131nda konu\u015fmuyor. Onlar\u0131n endi\u015feleri, ger\u00e7ekle\u015ftirmemiz gereken reformlar ve ihtiya\u00e7lar\u0131n\u0131n kar\u015f\u0131lanmas\u0131n\u0131 sa\u011flamak i\u00e7in de\u011fi\u015ftirmemiz gereken politikalarla ilgili. \u015eu anda tart\u0131\u015ft\u0131\u011f\u0131m\u0131z konu bu, \u00e7\u0131karlar\u0131m\u0131z nereye odaklan\u0131yor ve h\u00fck\u00fcmetin \u00e7abalar\u0131n\u0131 nereye odakl\u0131yor.<\/p>\n<ol start=\"22\">\n<li><span style=\"color: #0000ff;\">Soru:<\/span><\/li>\n<\/ol>\n<p><span style=\"color: #0000ff;\">Yani Cenevre g\u00f6r\u00fc\u015fmelerinin devam etmesi gerekti\u011fini, anayasan\u0131n g\u00fcndemlerinde oldu\u011funu ve hala daha fazla tart\u0131\u015fmaya ihtiya\u00e7 oldu\u011funu s\u00f6yl\u00fcyorsunuz?<\/span><\/p>\n<p>Cumhurba\u015fkan\u0131 Esad:<\/p>\n<p>Evet, elbette ba\u015flad\u0131k ve \u00f6n\u00fcm\u00fczdeki birka\u00e7 hafta boyunca da devam edece\u011fiz.<\/p>\n<ol start=\"23\">\n<li><span style=\"color: #0000ff;\">Soru:<\/span><\/li>\n<\/ol>\n<p><span style=\"color: #0000ff;\">Suriye, Beyaz Kaskl\u0131lar\u0131 yarg\u0131lamaya karar verecek mi ve sizce, belki de Birle\u015fmi\u015f Milletler \u00e7at\u0131s\u0131 alt\u0131nda, faaliyetlerine ili\u015fkin uluslararas\u0131 bir soru\u015fturma yap\u0131lmas\u0131 gerekti\u011fini d\u00fc\u015f\u00fcn\u00fcyor musunuz?<\/span><\/p>\n<p>Cumhurba\u015fkan\u0131 Esad:<\/p>\n<p>Su\u00e7 i\u015flendi\u011finde, b\u0131\u00e7ak veya silah\u0131 mahkemeye getirmezsin, su\u00e7luyu mahkemeye g\u00f6nderirsin. Bu durumda, Beyaz Kaskl\u0131lar sadece bir ara\u00e7 ya da ara\u00e7t\u0131r, sadece ter\u00f6rizm taraf\u0131ndan kullan\u0131lan bir silaht\u0131r. Birle\u015fik Krall\u0131k taraf\u0131ndan kurulmu\u015f, Amerika Birle\u015fik Devletleri ve tabii ki Fransa ve di\u011fer bat\u0131l\u0131 \u00fclkeler taraf\u0131ndan desteklenmi\u015ftir ve do\u011frudan T\u00fcrkiye taraf\u0131ndan kullan\u0131lm\u0131\u015ft\u0131r. T\u00fcm bu rejimler Beyaz Kaskl\u0131lar\u0131n ger\u00e7ek babas\u0131 ve annesidir ve bu nedenle Beyaz Kaskl\u0131lar\u0131n kendilerinin \u00f6n\u00fcnde sorumlu tutulmas\u0131 gereken rejimlerdir. \u015eimdi soru \u015fu: Bu t\u00fcr \u00f6nlemleri almak i\u00e7in uluslararas\u0131 hukukumuz var m\u0131? Hay\u0131r, b\u00f6yle bir \u015fey yok, aksi takdirde Amerika Birle\u015fik Devletleri \u00f6rne\u011fin Irak&#8217;ta, Yemen&#8217;de ve \u00e7e\u015fitli b\u00f6lgelerde i\u015fledi\u011fi su\u00e7lardan ka\u00e7amazd\u0131. Yaln\u0131zca Amerika Birle\u015fik Devletleri de\u011fil, Fransa, \u0130ngiltere ve ABD dahil di\u011fer \u00fclkeler Suriye&#8217;de su\u00e7lar\u0131ndan ka\u00e7amazlard\u0131. Ama kanunu uygulayacak bu kurumlar, daha \u00f6nce de s\u00f6yledi\u011fim gibi mevcut de\u011fil. Sonu\u00e7 olarak hay\u0131r, ama daha \u00e7ok ger\u00e7ek faillere, Bat\u0131 \u00fclkeleri ve b\u00f6lgede onlar\u0131 harekete ge\u00e7iren kuklalar olan ger\u00e7ek denetmenlere odaklanmal\u0131y\u0131z.<\/p>\n<p>24. <span style=\"color: #0000ff;\">Soru:<\/span><\/p>\n<p><span style=\"color: #0000ff;\">Ama Beyaz Kaskl\u0131lara kar\u015f\u0131 somut bir ad\u0131m at\u0131lmamal\u0131 m\u0131? \u00c7\u00fcnk\u00fc hala aktif.<\/span><\/p>\n<p>Cumhurba\u015fkan\u0131 Esad:<\/p>\n<p>Evet, elbette onlar su\u00e7lu. Ben aksini s\u00f6ylemiyorum. Beyaz Kaskl\u0131lar olmadan \u00f6nce Cebhet el Nusra\u2019yd\u0131lar ve t\u00fcm bu su\u00e7lular\u0131n videolar\u0131 ve resimleri var ve bu nedenle Suriye&#8217;de yarg\u0131lanmalar\u0131 gerekiyor. Ancak bir kurum olarak Beyaz Kaskl\u0131lar hakk\u0131nda konu\u015ftu\u011funuzda, Bat\u0131 taraf\u0131ndan yap\u0131ld\u0131. Yani, onlar bireysel su\u00e7lular, ancak Beyaz Kaskl\u0131lar, el Nusra \u00f6rg\u00fct\u00fcne dayanan bir Bat\u0131l\u0131 kurum &#8211; a\u015f\u0131r\u0131l\u0131k yanl\u0131s\u0131 bir ter\u00f6r \u00f6rg\u00fct\u00fc.<\/p>\n<p>25. <span style=\"color: #0000ff;\">Soru:<\/span><\/p>\n<p><span style=\"color: #0000ff;\">Amerikan ve T\u00fcrk ordular\u0131n\u0131n Suriye&#8217;de bulunmas\u0131n\u0131n yasad\u0131\u015f\u0131 oldu\u011funu s\u00f6yl\u00fcyorsunuz. Bu varolu\u015fu sona erdirmek i\u00e7in ne yapacaks\u0131n?<\/span><\/p>\n<p>Cumhurba\u015fkan\u0131 Esad:<\/p>\n<p>Bu bir i\u015fgald\u0131r. Bu durumda, iki \u015fey yapmal\u0131y\u0131z: Birincisi, bu i\u015fgal i\u00e7in kulland\u0131klar\u0131 bahaneyi ortadan kald\u0131rmakt\u0131r &#8211; bu durumda I\u015e\u0130D &#8211; d\u00fcnyan\u0131n \u00e7o\u011fu, art\u0131k I\u015e\u0130D&#8217;in Amerikal\u0131lar taraf\u0131ndan yap\u0131ld\u0131\u011f\u0131n\u0131, Amerikal\u0131lar taraf\u0131ndan desteklendi\u011fini ve herhangi bir Amerikan g\u00fcc\u00fc gibi g\u00f6revler verdi\u011fini biliyor. Bu bahane kald\u0131r\u0131lmal\u0131, bu nedenle Suriye&#8217;deki ter\u00f6ristleri ortadan kald\u0131rmak ilk \u00f6nceli\u011fimizdir. Bundan sonra Amerikal\u0131lar ve T\u00fcrkler gitmezse, olmas\u0131 gereken do\u011fal \u015fey halk direni\u015fidir. Bu tek yoldur. diyalog yaparak ayr\u0131lmayacaklar.. Ya da var olmad\u0131\u011f\u0131 s\u00fcrece uluslararas\u0131 hukuk yoluyla. Bu nedenle direni\u015ften ba\u015fka \u00e7areniz yok ve Irak&#8217;ta olan bu, Amerikal\u0131lar\u0131 2007&#8217;de geri \u00e7eken nedir? Bu, Irak&#8217;taki halk direni\u015finin sonucuydu.<\/p>\n<p>26.<span style=\"color: #0000ff;\"> Soru:<\/span><\/p>\n<p><span style=\"color: #0000ff;\">Peki, ABD ile Suriyeli K\u00fcrtler aras\u0131nda petrol \u00e7\u0131kar\u0131lmas\u0131na ili\u015fkin anla\u015fma hakk\u0131nda ne d\u00fc\u015f\u00fcn\u00fcyorsunuz ve buna kar\u015f\u0131 herhangi bir \u00f6nlem alacak m\u0131s\u0131n\u0131z?<\/span><\/p>\n<p>Cumhurba\u015fkan\u0131 Esad:<\/p>\n<p>Bu h\u0131rs\u0131zl\u0131k ve onu durdurman\u0131n tek yolu topra\u011f\u0131 kurtarmakt\u0131r. Onu kurtarmazsak, h\u0131rs\u0131z olduklar\u0131 i\u00e7in bunu yapmalar\u0131n\u0131 engelleyecek bir \u00f6nlem yoktur ve bir h\u0131rs\u0131z\u0131 hapse atmad\u0131k\u00e7a ya da bir \u015fekilde onu h\u0131rs\u0131zl\u0131\u011f\u0131n\u0131 ger\u00e7ekle\u015ftirebilece\u011fi alandan izole ederek engelleyemezsiniz. Yani bu h\u0131rs\u0131zlar i\u00e7in de ayn\u0131s\u0131n\u0131 yapmal\u0131s\u0131n, onlar bu alandan at\u0131lmal\u0131. Tek yol bu ve Suriye h\u00fck\u00fcmeti durumun normal durumuna d\u00f6nmesi i\u00e7in Suriye&#8217;nin her yerini kontrol etmelidir.<\/p>\n<p>27. <span style=\"color: #0000ff;\">Soru:<\/span><\/p>\n<p><span style=\"color: #0000ff;\">\u0130dlib&#8217;deki durumu nas\u0131l de\u011ferlendiriyorsunuz? Suriye ter\u00f6ristleri oradan kovma sorununu nas\u0131l \u00e7\u00f6zecek? \u015eu anda bunlardan ka\u00e7 ki\u015fi sava\u015f\u0131yor, ka\u00e7 ter\u00f6rist var? De\u011ferlendirmeniz nedir?<\/span><\/p>\n<p>Cumhurba\u015fkan\u0131 Esad:<\/p>\n<p>Ter\u00f6ristlerin sivilleri veya \u015fehirleri \u00f6ncelikli olarak kontrol etti\u011fi bu alanlarla m\u00fccadelede 2013&#8217;ten beri belirli bir yakla\u015f\u0131m benimsedik Ancak bar\u0131\u015fmak istemiyorlarsa, onlara askeri olarak sald\u0131rmal\u0131y\u0131z ve bu, 2013&#8217;ten beri kurtard\u0131\u011f\u0131m\u0131z her yerde olan \u015fey. Bu yakla\u015f\u0131m, ulusal uzla\u015fmalara tan\u0131k olan ve sava\u015f\u00e7\u0131lar\u0131n Suriyeli oldu\u011fu b\u00f6lgeler i\u00e7in ge\u00e7erlidir, ancak Suriye&#8217;deki yabanc\u0131 ter\u00f6ristlerin \u00e7o\u011fu o b\u00f6lgede yo\u011funla\u015ft\u0131\u011f\u0131 i\u00e7in \u0130dlib farkl\u0131 bir konu, yani geldikleri yer olan T\u00fcrkiye&#8217;ye gidiyorlar ya da \u00fclkelerine d\u00f6n\u00fcyorlar. Ya da Suriye&#8217;de \u00f6l\u00fcyorlar.<\/p>\n<p>28. <span style=\"color: #0000ff;\">Soru:<\/span><\/p>\n<p><span style=\"color: #0000ff;\">Avrupa&#8217;da?<\/span><\/p>\n<p>Cumhurba\u015fkan\u0131 Esad:<\/p>\n<p>A\u011f\u0131rl\u0131kl\u0131 olarak Avrupa. Baz\u0131lar\u0131 Rusya&#8217;dan, baz\u0131lar\u0131 Arap \u00fclkelerinden ve d\u00fcnyan\u0131n bir\u00e7ok \u00fclkesinden geldi. B\u00fct\u00fcn bu cihat\u00e7\u0131 a\u015f\u0131r\u0131l\u0131k yanl\u0131lar\u0131 Suriye&#8217;ye gelip orada sava\u015fmak istedi.<\/p>\n<p>29. <span style=\"color: #0000ff;\">Soru:<\/span><\/p>\n<p><span style=\"color: #0000ff;\">Yani bu b\u00f6lge art\u0131k Ruslar\u0131n, T\u00fcrklerin ve bazen de Amerikal\u0131lar\u0131n denetimi ve ortak operasyonlar\u0131 alt\u0131ndad\u0131r. Bu i\u015fbirli\u011finin etkili oldu\u011funu d\u00fc\u015f\u00fcn\u00fcyor musunuz ve bu deneyim gelecekte nas\u0131l kullan\u0131labilir?<\/span><\/p>\n<p>Cumhurba\u015fkan\u0131 Esad:<\/p>\n<p>Hay\u0131r, etkili oldu\u011funu sanm\u0131yorum, \u00e7\u00fcnk\u00fc \u00f6yle olsayd\u0131, son zamanlarda Halep ve \u0130dlib&#8217;deki pek \u00e7ok b\u00f6lgede sava\u015fa girmezdik, \u00e7\u00fcnk\u00fc T\u00fcrk rejiminin o b\u00f6lgedeki ter\u00f6ristleri Suriye ordusu, h\u00fck\u00fcmeti ve kurumlar\u0131n\u0131n \u00f6n\u00fcn\u00fc a\u00e7maya ikna etmesi gerekiyordu. Suriye h\u00fck\u00fcmeti orada kontrol\u00fc ele ald\u0131, ama almad\u0131lar, her s\u00f6z verdiklerinde hi\u00e7bir vaat ve taahh\u00fctlerini yerine getirmediler. Dolay\u0131s\u0131yla bu i\u015fbirli\u011finin etkili oldu\u011funu s\u00f6yleyemem ama bakal\u0131m. Halen \u0130dlib&#8217;deki M4 karayolunun kuzeyine \u00e7ekilmeleri i\u00e7in ter\u00f6ristlere bask\u0131 yapmak i\u00e7in bir f\u0131rsat daha var, Rus taraf\u0131yla imzalanan anla\u015fmadaki son taahh\u00fctleri bu ancak hen\u00fcz yerine getirmediler. \u00d6yleyse bekleyip g\u00f6relim.<\/p>\n<p>30. <span style=\"color: #0000ff;\">Soru:<\/span><\/p>\n<p><span style=\"color: #0000ff;\">D\u00fc\u015fmanl\u0131klar\u0131n sona ermesi konusunda &#8220;\u0130srail&#8221; ile m\u00fczakereler yapma olas\u0131l\u0131\u011f\u0131n\u0131 d\u00fc\u015f\u00fcn\u00fcyor musunuz? Son zamanlarda bir\u00e7ok Arap \u00fclkesinin yapt\u0131\u011f\u0131 gibi Suriye&#8217;nin gelecekte &#8220;\u0130srail&#8221; ile diplomatik ili\u015fkiler kurmas\u0131 m\u00fcmk\u00fcn m\u00fc?<\/span><\/p>\n<p>Cumhurba\u015fkan\u0131 Esad:<\/p>\n<p>1990&#8217;larda bar\u0131\u015f g\u00f6r\u00fc\u015fmelerinin ba\u015flang\u0131c\u0131ndan, yani yakla\u015f\u0131k otuz y\u0131l \u00f6nce, Suriye i\u00e7in bar\u0131\u015f\u0131n haklarla ilgili oldu\u011funu s\u00f6yledi\u011fimizden bu yana tutumumuz \u00e7ok net. Ve hakk\u0131m\u0131z bizim topra\u011f\u0131m\u0131zd\u0131r. Sadece topra\u011f\u0131m\u0131z\u0131 geri ald\u0131\u011f\u0131m\u0131zda &#8220;\u0130srail&#8221; ile normal ili\u015fkilerimiz olabilir. Mesele \u00e7ok basit. Bu nedenle &#8220;\u0130srail&#8221; haz\u0131r oldu\u011funda m\u00fcmk\u00fcnd\u00fcr, ancak haz\u0131r de\u011fildir ve asla haz\u0131rlanmam\u0131\u015ft\u0131r. \u0130srail sisteminde bar\u0131\u015fa do\u011fru bir ad\u0131m atmaya istekli herhangi bir yetkili g\u00f6rmedik. Dolay\u0131s\u0131yla, teoride evet, ancak pratikte \u015fu ana kadar cevap hay\u0131r.<\/p>\n<p>31. <span style=\"color: #0000ff;\">Soru:<\/span><\/p>\n<p><span style=\"color: #0000ff;\">Yak\u0131n zamanda ili\u015fkiler kuran di\u011fer Arap \u00fclkelerinden haberler var, bunun Suriye ve &#8220;\u0130srail&#8221; i\u00e7in m\u00fczakereleri ba\u015flatmas\u0131 i\u00e7in bir te\u015fvik olabilece\u011fini d\u00fc\u015f\u00fcnd\u00fcm, ancak anlad\u0131\u011f\u0131m kadar\u0131yla \u015fu anda ikiniz aras\u0131nda devam eden bir g\u00f6r\u00fc\u015fme yok.<\/span><\/p>\n<p>Cumhurba\u015fkan\u0131 Esad:<\/p>\n<p>Hay\u0131r, kesinlikle m\u00fczakere yok, kesinlikle hi\u00e7bir \u015fey yok.<\/p>\n<p>32. <span style=\"color: #0000ff;\">Soru:<\/span><\/p>\n<p><span style=\"color: #0000ff;\">Silahl\u0131 kuvvetlerinizi g\u00fc\u00e7lendirmekten bahsettiniz. Bunu engelleyen engeller nelerdir? Silahl\u0131 kuvvetlerinizi g\u00fc\u00e7lendirmenin \u00f6n\u00fcnde herhangi bir engel g\u00f6r\u00fcyor musunuz?<\/span><\/p>\n<p>Cumhurba\u015fkan\u0131 Esad:<\/p>\n<p>B\u00fcy\u00fck projelerden bahsederken her zaman engellerle kar\u015f\u0131la\u015f\u0131rs\u0131n\u0131z ama \u00fcstesinden gelebilirsiniz. Hi\u00e7bir \u015fey imkans\u0131z de\u011fildir. Bazen finansal olabilir, baz\u0131lar\u0131nda \u00f6nceliklerle ilgili olabilir ve bazen sahadaki durumla ilgili olabilir. Tek engel bu, yoksa engel yok. Bu konuda ilerliyoruz, ancak zaman al\u0131yor. Bu sadece bir zaman meselesi.<\/p>\n<p><span style=\"color: #0000ff;\">33. Soru:<\/span><\/p>\n<p><span style=\"color: #0000ff;\">Baz\u0131 uluslararas\u0131 oyuncular, \u0130ran&#8217;\u0131n Suriye&#8217;den \u00e7ekilmesinin \u00fclkedeki ekonomik toparlanman\u0131n ve Suriye h\u00fck\u00fcmeti ile h\u00fck\u00fcmetler ve belki de Bat\u0131l\u0131 \u015firketler taraf\u0131ndan i\u015fbirli\u011finin \u00f6n \u015fart\u0131 oldu\u011funu s\u00f6yl\u00fcyor. Suriye bu ko\u015fulu kabul edecek mi ve \u0130ran&#8217;dan \u00e7ekilmesini isteyecek mi?<\/span><\/p>\n<p>Cumhurba\u015fkan\u0131 Esad:<\/p>\n<p>Birincisi, \u0130ran g\u00fc\u00e7lerimiz yok ve bu \u00e7ok a\u00e7\u0131k. Suriye&#8217;yi destekliyorlar, askeri uzmanlar g\u00f6nderiyorlar ve sahadaki g\u00fc\u00e7lerimizle \u00e7al\u0131\u015f\u0131yorlar ve Suriye ordusuyla birlikteler. Ama pratik bir \u00f6rnek verelim: Yakla\u015f\u0131k bir y\u0131l \u00f6nce Amerikal\u0131lar Ruslara &#8220;\u0130ranl\u0131lar\u0131 \u0130srailliler taraf\u0131ndan i\u015fgal edilen Golan Tepeleri ile s\u0131n\u0131rlardan 80 kilometre uzakta olmalar\u0131 gerekti\u011fine ikna etmelerini&#8221; s\u00f6ylediler. \u0130ran askerleri olmamas\u0131na ra\u011fmen \u0130ranl\u0131lar \u00e7ok esnek davrand\u0131lar, bu y\u00fczden \u201cBu hatt\u0131n g\u00fcneyinde \u0130ranl\u0131 m\u00fcrettebat olmayacak\u201d dediler. Amerikal\u0131lar, e\u011fer bu konuda anla\u015fabilirsek Suriye&#8217;nin Irak s\u0131n\u0131r\u0131ndaki i\u015fgal alt\u0131ndaki do\u011fu k\u0131sm\u0131ndan \u00e7ekilece\u011fimizi s\u00f6ylediler. Ya da Al-Tanf denen b\u00f6lge, ama hi\u00e7bir \u015fey olmad\u0131. \u00c7ekmediler. Dolay\u0131s\u0131yla \u0130ran meselesi Suriye topraklar\u0131n\u0131 i\u015fgal etmeye ve ter\u00f6ristleri desteklemeye devam etmek i\u00e7in bir bahane ve ger\u00e7ek niyetlerini gizlemek i\u00e7in maske olarak kullan\u0131l\u0131yor. Ve dediklerini uygulaman\u0131n tek yolu, Suriye&#8217;nin ABD i\u00e7in oyuncak bir \u00fclke haline gelmesidir. Bu onlar\u0131n istedikleri ve ba\u015fka bir \u015fey de\u011fil. Konu\u015ftuklar\u0131 di\u011fer her \u015fey yalan ve yanl\u0131\u015f iddialard\u0131r. Bu nedenle, davran\u0131\u015flar\u0131n\u0131 de\u011fi\u015ftirmek istemedikleri s\u00fcrece Amerikal\u0131larla ger\u00e7ek bir \u00e7\u00f6z\u00fcm olaca\u011f\u0131na inanm\u0131yorum.<\/p>\n<p><span style=\"color: #0000ff;\">34. Soru:<\/span><\/p>\n<p><span style=\"color: #0000ff;\">Gurur duydu\u011funuz bir \u015fey var m\u0131 ve yapt\u0131\u011f\u0131n\u0131z ya da yapmad\u0131\u011f\u0131n\u0131z i\u00e7in \u00fcz\u00fcld\u00fc\u011f\u00fcn\u00fcz bir \u015fey var m\u0131?<\/span><\/p>\n<p>Cumhurba\u015fkan\u0131 Esad:<\/p>\n<p>Sava\u015f s\u0131ras\u0131nda?<\/p>\n<p><span style=\"color: #0000ff;\">Gazeteci:<\/span><\/p>\n<p><span style=\"color: #0000ff;\">Ba\u015fkanl\u0131\u011f\u0131n\u0131z s\u0131ras\u0131nda.<\/span><\/p>\n<p>Cumhurba\u015fkan\u0131 Esad:<\/p>\n<p>Politika ve uygulama aras\u0131nda ayr\u0131m yapmal\u0131s\u0131n\u0131z. Politikalara gelince, ba\u015f\u0131ndan beri Suriye halk\u0131n\u0131 dinleyece\u011fimizi, bu y\u00fczden 2012&#8217;de anayasay\u0131 yeniledi\u011fimizi s\u00f6yledik. Ter\u00f6ristlerle m\u00fccadele etmemiz gerekti\u011fini s\u00f6yledik ve bunu 10 y\u0131l sonra da yap\u0131yoruz. Arkada\u015flar\u0131m\u0131zla ittifak kurmak i\u00e7in. Dolay\u0131s\u0131yla bu politikalar konusunda hakl\u0131 oldu\u011fumuzu d\u00fc\u015f\u00fcn\u00fcyorum. Bat\u0131&#8217;ya olan g\u00fcvensizli\u011fimize gelince, bir\u00e7ok cephede hakl\u0131yd\u0131k. Uygulama a\u00e7\u0131s\u0131ndan, yani taktiklerle ilgili, yanl\u0131\u015f oldu\u011funu s\u00f6yleyebilece\u011finiz bir\u00e7ok \u015fey hakk\u0131ndad\u0131r, \u00f6rne\u011fin: Uzla\u015fma yanl\u0131\u015f m\u0131yd\u0131? Bunu s\u00f6yl\u00fcyorum \u00e7\u00fcnk\u00fc baz\u0131 b\u00f6lgelerde af \u00e7\u0131kar\u0131lanlar art\u0131k hukukun \u00fcst\u00fcnl\u00fc\u011f\u00fc de\u011fildi. Dolay\u0131s\u0131yla bir hata oldu\u011funu s\u00f6yleyebilirsin ama asl\u0131nda bu uzla\u015fmalar \u00e7ok \u00f6nemli ad\u0131mlar oldu.Politikalarda yan\u0131ld\u0131\u011f\u0131m\u0131z\u0131 d\u00fc\u015f\u00fcnm\u00fcyorum .. Her yerde, bazen g\u00fcnl\u00fck bazda uygulama a\u00e7\u0131s\u0131ndan hatalar var.<\/p>\n<p><span style=\"color: #0000ff;\">Gazeteci:<\/span><\/p>\n<p><span style=\"color: #0000ff;\">Zaman\u0131m\u0131z doldu Say\u0131n Ba\u015fkan. Bu samimi ve uzun r\u00f6portaj i\u00e7in bir kez daha \u00e7ok te\u015fekk\u00fcr ederim.<\/span><\/p>\n<p>Cumhurba\u015fkan\u0131 Esad:<\/p>\n<p>Te\u015fekk\u00fcr ederim&#8230; ve e Suriye&#8217;ye geldi\u011finiz i\u00e7in te\u015fekk\u00fcr ederim.<\/p>\n<p><span style=\"color: #0000ff;\">Gazeteci<\/span><\/p>\n<p><span style=\"color: #0000ff;\">\u00c7ok te\u015fekk\u00fcrler.<\/span><\/p>\n<p style=\"text-align: center;\"><iframe loading=\"lazy\" src=\"https:\/\/www.youtube.com\/embed\/kyPTOMc6umI\" width=\"620\" height=\"348\" frameborder=\"0\" allowfullscreen=\"allowfullscreen\"><\/iframe><\/p>\n","protected":false},"excerpt":{"rendered":"<p>\u015eAM \u2013 Say\u0131n Cumhurba\u015fkan\u0131 Be\u015f\u015far Esad, Suriye&#8217;de baz\u0131 b\u00f6lgeleri i\u015fgal eden ve \u00e7e\u015fitli su\u00e7 ve suikastlar i\u015fleyen ter\u00f6ristler oldu\u011fu m\u00fcddet\u00e7e ter\u00f6re kar\u015f\u0131 sava\u015f\u0131n hen\u00fcz bitmedi\u011fini ve bunlar\u0131n ortadan kald\u0131r\u0131lmas\u0131n\u0131n \u00f6ncelik oldu\u011funu ifade etti. Rus Segodnya Haber Ajans\u0131&#8217;na verdi\u011fi r\u00f6portajda Cumhurba\u015fkan\u0131 Esad, Suriye topraklar\u0131ndaki Amerikan ve T\u00fcrk varl\u0131\u011f\u0131n\u0131n bir i\u015fgal oldu\u011funu ve bu i\u015fgal i\u00e7in kulland\u0131klar\u0131 &hellip;<\/p>\n","protected":false},"author":1,"featured_media":219574,"comment_status":"closed","ping_status":"closed","sticky":false,"template":"","format":"standard","meta":{"footnotes":""},"categories":[479,611,605,17988,478],"tags":[],"class_list":["post-219573","post","type-post","status-publish","format-standard","has-post-thumbnail","","category-haberler-yerel","category-roportaj","category-sayin-cumhurbaskani","category-son-haberler","category-yerel"],"_links":{"self":[{"href":"https:\/\/archive.sana.sy\/tr\/index.php?rest_route=\/wp\/v2\/posts\/219573","targetHints":{"allow":["GET"]}}],"collection":[{"href":"https:\/\/archive.sana.sy\/tr\/index.php?rest_route=\/wp\/v2\/posts"}],"about":[{"href":"https:\/\/archive.sana.sy\/tr\/index.php?rest_route=\/wp\/v2\/types\/post"}],"author":[{"embeddable":true,"href":"https:\/\/archive.sana.sy\/tr\/index.php?rest_route=\/wp\/v2\/users\/1"}],"replies":[{"embeddable":true,"href":"https:\/\/archive.sana.sy\/tr\/index.php?rest_route=%2Fwp%2Fv2%2Fcomments&post=219573"}],"version-history":[{"count":0,"href":"https:\/\/archive.sana.sy\/tr\/index.php?rest_route=\/wp\/v2\/posts\/219573\/revisions"}],"wp:featuredmedia":[{"embeddable":true,"href":"https:\/\/archive.sana.sy\/tr\/index.php?rest_route=\/wp\/v2\/media\/219574"}],"wp:attachment":[{"href":"https:\/\/archive.sana.sy\/tr\/index.php?rest_route=%2Fwp%2Fv2%2Fmedia&parent=219573"}],"wp:term":[{"taxonomy":"category","embeddable":true,"href":"https:\/\/archive.sana.sy\/tr\/index.php?rest_route=%2Fwp%2Fv2%2Fcategories&post=219573"},{"taxonomy":"post_tag","embeddable":true,"href":"https:\/\/archive.sana.sy\/tr\/index.php?rest_route=%2Fwp%2Fv2%2Ftags&post=219573"}],"curies":[{"name":"wp","href":"https:\/\/api.w.org\/{rel}","templated":true}]}}