{"id":219982,"date":"2020-10-12T12:54:01","date_gmt":"2020-10-12T09:54:01","guid":{"rendered":"http:\/\/www.sana.sy\/tr\/?p=219982"},"modified":"2020-10-13T10:36:24","modified_gmt":"2020-10-13T07:36:24","slug":"saglik-bakanligi-korona-virusuyle-mucadele-icin-samda-bir-hastane-ve-acil-servis-merkezi-hazirliyor","status":"publish","type":"post","link":"https:\/\/archive.sana.sy\/tr\/?p=219982","title":{"rendered":"Sa\u011fl\u0131k Bakanl\u0131\u011f\u0131, Korona Vir\u00fcs\u00fcyle M\u00fccadele \u0130\u00e7in \u015eam&#8217;da Bir Hastane ve Acil Servis Merkezi Haz\u0131rl\u0131yor"},"content":{"rendered":"<p>\u015eAM \u2013 Sa\u011fl\u0131k Bakanl\u0131\u011f\u0131, el Feyha Spor \u015eehri&#8217;nde orta derecede semptomlu ve sadece oksijen deste\u011fine ihtiya\u00e7 duyan Koronavir\u00fcs ile isabetli vakalar\u0131 kabul edebilecek 120 yatak kapasiteli bir acil hastanesini donatt\u0131 ve yeni bir enfeksiyon dalgas\u0131 ihtimaline haz\u0131rl\u0131k amac\u0131yla al\u0131nan icraatlar kapsam\u0131nda ihtiya\u00e7 duyuldu\u011funda kullan\u0131labilecek y\u00fcz ek yatak tahsis etti.<\/p>\n<p>Hastane, acil vakalar\u0131 en yak\u0131n hastaneye (\u015eam\u2019daki \u0130bn el Nafis Hastanesi) ta\u015f\u0131mak i\u00e7in modern bir ambulansa ek olarak kardiyopulmoner res\u00fcsitasyon, hayat kurtarma ve oksijen veren malzemeler i\u00e7in t\u00fcm gerekliliklerle donat\u0131lm\u0131\u015ft\u0131r.<\/p>\n<p>Sa\u011fl\u0131k Bakanl\u0131\u011f\u0131, bir acil durum hastanesinin haz\u0131rlanmas\u0131n\u0131n yan\u0131 s\u0131ra, Koronavir\u00fcs ile enfekte vakalar\u0131n y\u00f6netilmesine y\u00f6nelik \u00e7al\u0131\u015fmalar\u0131 koordine etmek i\u00e7in bakanl\u0131k binas\u0131nda bir acil durum y\u00f6netim odas\u0131 olu\u015fturdu.<\/p>\n<p>Olu\u015fturulan y\u00f6netim odas\u0131 korona hastalar\u0131n\u0131, ailenin doluluk durumuna ve uygunlu\u011funa g\u00f6re uygun hastaneye ta\u015f\u0131yan ambulanslar\u0131n hareketini Sa\u011fl\u0131k Bakanl\u0131\u011f\u0131&#8217;n\u0131n 110 ve Suriye Arap K\u0131z\u0131lay\u0131&#8217;n\u0131n 133 numaral\u0131 ambulans \u00e7a\u011fr\u0131 istasyonlar\u0131na ba\u011flayarak d\u00fczenlemeyi ama\u00e7lamaktad\u0131r.<\/p>\n<p>\u00c7eviri: P.M.<\/p>\n","protected":false},"excerpt":{"rendered":"<p>\u015eAM \u2013 Sa\u011fl\u0131k Bakanl\u0131\u011f\u0131, el Feyha Spor \u015eehri&#8217;nde orta derecede semptomlu ve sadece oksijen deste\u011fine ihtiya\u00e7 duyan Koronavir\u00fcs ile isabetli vakalar\u0131 kabul edebilecek 120 yatak kapasiteli bir acil hastanesini donatt\u0131 ve yeni bir enfeksiyon dalgas\u0131 ihtimaline haz\u0131rl\u0131k amac\u0131yla al\u0131nan icraatlar kapsam\u0131nda ihtiya\u00e7 duyuldu\u011funda kullan\u0131labilecek y\u00fcz ek yatak tahsis etti. Hastane, acil vakalar\u0131 en yak\u0131n hastaneye &hellip;<\/p>\n","protected":false},"author":1,"featured_media":219987,"comment_status":"closed","ping_status":"closed","sticky":false,"template":"","format":"standard","meta":{"footnotes":""},"categories":[526,479,17988,525,478],"tags":[],"class_list":["post-219982","post","type-post","status-publish","format-standard","has-post-thumbnail","","category-haber-ve-raporlar","category-haberler-yerel","category-son-haberler","category-toplum","category-yerel"],"_links":{"self":[{"href":"https:\/\/archive.sana.sy\/tr\/index.php?rest_route=\/wp\/v2\/posts\/219982","targetHints":{"allow":["GET"]}}],"collection":[{"href":"https:\/\/archive.sana.sy\/tr\/index.php?rest_route=\/wp\/v2\/posts"}],"about":[{"href":"https:\/\/archive.sana.sy\/tr\/index.php?rest_route=\/wp\/v2\/types\/post"}],"author":[{"embeddable":true,"href":"https:\/\/archive.sana.sy\/tr\/index.php?rest_route=\/wp\/v2\/users\/1"}],"replies":[{"embeddable":true,"href":"https:\/\/archive.sana.sy\/tr\/index.php?rest_route=%2Fwp%2Fv2%2Fcomments&post=219982"}],"version-history":[{"count":0,"href":"https:\/\/archive.sana.sy\/tr\/index.php?rest_route=\/wp\/v2\/posts\/219982\/revisions"}],"wp:featuredmedia":[{"embeddable":true,"href":"https:\/\/archive.sana.sy\/tr\/index.php?rest_route=\/wp\/v2\/media\/219987"}],"wp:attachment":[{"href":"https:\/\/archive.sana.sy\/tr\/index.php?rest_route=%2Fwp%2Fv2%2Fmedia&parent=219982"}],"wp:term":[{"taxonomy":"category","embeddable":true,"href":"https:\/\/archive.sana.sy\/tr\/index.php?rest_route=%2Fwp%2Fv2%2Fcategories&post=219982"},{"taxonomy":"post_tag","embeddable":true,"href":"https:\/\/archive.sana.sy\/tr\/index.php?rest_route=%2Fwp%2Fv2%2Ftags&post=219982"}],"curies":[{"name":"wp","href":"https:\/\/api.w.org\/{rel}","templated":true}]}}