{"id":220008,"date":"2020-10-12T23:27:28","date_gmt":"2020-10-12T20:27:28","guid":{"rendered":"http:\/\/www.sana.sy\/tr\/?p=220008"},"modified":"2020-10-13T10:46:47","modified_gmt":"2020-10-13T07:46:47","slug":"400-milyon-lira-ile-ic-ticaret-bakanligi-ve-ticaret-odalari-federasyonu-yanginlardan-etkilenenlere-bagis-kampanyasi","status":"publish","type":"post","link":"https:\/\/archive.sana.sy\/tr\/?p=220008","title":{"rendered":"400 Milyon Lira \u0130le.. \u0130\u00e7 Ticaret Bakanl\u0131\u011f\u0131 ve Ticaret Odalar\u0131 Federasyonu Yang\u0131nlardan Etkilenenlere Ba\u011f\u0131\u015f Kampanyas\u0131"},"content":{"rendered":"<p style=\"text-align: justify;\">\u015eAM &#8211; \u0130\u00e7 Ticaret ve T\u00fcketiciyi Koruma Bakanl\u0131\u011f\u0131&#8217;n\u0131n Suriye Ticaret Odalar\u0131 Federasyonu i\u015fbirli\u011fiyle a\u00e7\u0131klad\u0131\u011f\u0131 mali ba\u011f\u0131\u015f kampanyas\u0131, Homs, Tartus ve Lazkiye illerinin k\u00f6y ve b\u00f6lgelerinde \u00e7\u0131kan yang\u0131nlardan etkilenen vatanda\u015flara insani yard\u0131m amac\u0131yla \u015eam&#8217;daki Federasyon merkezinde bug\u00fcn \u00f6\u011fleden sonra ba\u015flad\u0131.<\/p>\n<p style=\"text-align: justify;\">\u0130lk saatten itibaren 400 milyon Suriye liras\u0131 toplan\u0131rken, \u015eam Ticaret Odas\u0131 \u00fcyeleri 150 milyon lira, \u015eam K\u0131rsal\u0131 Odas\u0131 \u00fcyeleri 100 milyon, Tartus Ticaret Odas\u0131 \u00fcyeleri 100 milyon ve Hama Ticaret Odas\u0131 \u00fcyeleri 50 milyon lira ba\u011f\u0131\u015flad\u0131.<\/p>\n","protected":false},"excerpt":{"rendered":"<p>\u015eAM &#8211; \u0130\u00e7 Ticaret ve T\u00fcketiciyi Koruma Bakanl\u0131\u011f\u0131&#8217;n\u0131n Suriye Ticaret Odalar\u0131 Federasyonu i\u015fbirli\u011fiyle a\u00e7\u0131klad\u0131\u011f\u0131 mali ba\u011f\u0131\u015f kampanyas\u0131, Homs, Tartus ve Lazkiye illerinin k\u00f6y ve b\u00f6lgelerinde \u00e7\u0131kan yang\u0131nlardan etkilenen vatanda\u015flara insani yard\u0131m amac\u0131yla \u015eam&#8217;daki Federasyon merkezinde bug\u00fcn \u00f6\u011fleden sonra ba\u015flad\u0131. \u0130lk saatten itibaren 400 milyon Suriye liras\u0131 toplan\u0131rken, \u015eam Ticaret Odas\u0131 \u00fcyeleri 150 milyon lira, \u015eam &hellip;<\/p>\n","protected":false},"author":1,"featured_media":220019,"comment_status":"closed","ping_status":"closed","sticky":false,"template":"","format":"standard","meta":{"footnotes":""},"categories":[526,479,17988,525,478],"tags":[],"class_list":["post-220008","post","type-post","status-publish","format-standard","has-post-thumbnail","","category-haber-ve-raporlar","category-haberler-yerel","category-son-haberler","category-toplum","category-yerel"],"_links":{"self":[{"href":"https:\/\/archive.sana.sy\/tr\/index.php?rest_route=\/wp\/v2\/posts\/220008","targetHints":{"allow":["GET"]}}],"collection":[{"href":"https:\/\/archive.sana.sy\/tr\/index.php?rest_route=\/wp\/v2\/posts"}],"about":[{"href":"https:\/\/archive.sana.sy\/tr\/index.php?rest_route=\/wp\/v2\/types\/post"}],"author":[{"embeddable":true,"href":"https:\/\/archive.sana.sy\/tr\/index.php?rest_route=\/wp\/v2\/users\/1"}],"replies":[{"embeddable":true,"href":"https:\/\/archive.sana.sy\/tr\/index.php?rest_route=%2Fwp%2Fv2%2Fcomments&post=220008"}],"version-history":[{"count":0,"href":"https:\/\/archive.sana.sy\/tr\/index.php?rest_route=\/wp\/v2\/posts\/220008\/revisions"}],"wp:featuredmedia":[{"embeddable":true,"href":"https:\/\/archive.sana.sy\/tr\/index.php?rest_route=\/wp\/v2\/media\/220019"}],"wp:attachment":[{"href":"https:\/\/archive.sana.sy\/tr\/index.php?rest_route=%2Fwp%2Fv2%2Fmedia&parent=220008"}],"wp:term":[{"taxonomy":"category","embeddable":true,"href":"https:\/\/archive.sana.sy\/tr\/index.php?rest_route=%2Fwp%2Fv2%2Fcategories&post=220008"},{"taxonomy":"post_tag","embeddable":true,"href":"https:\/\/archive.sana.sy\/tr\/index.php?rest_route=%2Fwp%2Fv2%2Ftags&post=220008"}],"curies":[{"name":"wp","href":"https:\/\/api.w.org\/{rel}","templated":true}]}}