{"id":220032,"date":"2020-10-13T10:23:52","date_gmt":"2020-10-13T07:23:52","guid":{"rendered":"http:\/\/www.sana.sy\/tr\/?p=220032"},"modified":"2020-10-13T10:23:52","modified_gmt":"2020-10-13T07:23:52","slug":"cumhurbaskani-esad-yerel-idare-tarim-ve-tarim-reformu-bakanlari-lazkiye-valisi-ve-tarim-muduru-esliginde-lazkiye-kirsalindaki-bellurana-yaptigi-gezide-halkini-ve-topraklarina-tutunma-faktorlerin","status":"publish","type":"post","link":"https:\/\/archive.sana.sy\/tr\/?p=220032","title":{"rendered":"Cumhurba\u015fkan\u0131 Esad, Yerel \u0130dare, Tar\u0131m ve Tar\u0131m Reformu Bakanlar\u0131, Lazkiye Valisi ve Tar\u0131m M\u00fcd\u00fcr\u00fc e\u015fli\u011finde Lazkiye k\u0131rsal\u0131ndaki Belluran&#8217;a yapt\u0131\u011f\u0131 gezide, halk\u0131n\u0131 ve topraklar\u0131na tutunma fakt\u00f6rlerini g\u00fc\u00e7lendirerek, m\u00fcmk\u00fcn olan en k\u0131sa s\u00fcrede yeniden ekerek onlara yard\u0131mc\u0131 olan birincil ihtiya\u00e7lar\u0131 kar\u015f\u0131lamaya y\u00f6nelik en \u00f6nemli gereksinimlerini dinliyor."},"content":{"rendered":"<p>Cumhurba\u015fkan\u0131 Esad, Yerel \u0130dare, Tar\u0131m ve Tar\u0131m Reformu Bakanlar\u0131, Lazkiye Valisi ve Tar\u0131m M\u00fcd\u00fcr\u00fc e\u015fli\u011finde Lazkiye k\u0131rsal\u0131ndaki Belluran&#8217;a yapt\u0131\u011f\u0131 gezide, halk\u0131n\u0131 ve topraklar\u0131na tutunma fakt\u00f6rlerini g\u00fc\u00e7lendirerek, m\u00fcmk\u00fcn olan en k\u0131sa s\u00fcrede yeniden ekerek onlara yard\u0131mc\u0131 olan birincil ihtiya\u00e7lar\u0131 kar\u015f\u0131lamaya y\u00f6nelik en \u00f6nemli gereksinimlerini dinliyor.<\/p>\n","protected":false},"excerpt":{"rendered":"<p>Cumhurba\u015fkan\u0131 Esad, Yerel \u0130dare, Tar\u0131m ve Tar\u0131m Reformu Bakanlar\u0131, Lazkiye Valisi ve Tar\u0131m M\u00fcd\u00fcr\u00fc e\u015fli\u011finde Lazkiye k\u0131rsal\u0131ndaki Belluran&#8217;a yapt\u0131\u011f\u0131 gezide, halk\u0131n\u0131 ve topraklar\u0131na tutunma fakt\u00f6rlerini g\u00fc\u00e7lendirerek, m\u00fcmk\u00fcn olan en k\u0131sa s\u00fcrede yeniden ekerek onlara yard\u0131mc\u0131 olan birincil ihtiya\u00e7lar\u0131 kar\u015f\u0131lamaya y\u00f6nelik en \u00f6nemli gereksinimlerini dinliyor.<\/p>\n","protected":false},"author":36,"featured_media":0,"comment_status":"closed","ping_status":"closed","sticky":false,"template":"","format":"standard","meta":{"footnotes":""},"categories":[17991],"tags":[],"class_list":["post-220032","post","type-post","status-publish","format-standard","","category-son-dakika"],"_links":{"self":[{"href":"https:\/\/archive.sana.sy\/tr\/index.php?rest_route=\/wp\/v2\/posts\/220032","targetHints":{"allow":["GET"]}}],"collection":[{"href":"https:\/\/archive.sana.sy\/tr\/index.php?rest_route=\/wp\/v2\/posts"}],"about":[{"href":"https:\/\/archive.sana.sy\/tr\/index.php?rest_route=\/wp\/v2\/types\/post"}],"author":[{"embeddable":true,"href":"https:\/\/archive.sana.sy\/tr\/index.php?rest_route=\/wp\/v2\/users\/36"}],"replies":[{"embeddable":true,"href":"https:\/\/archive.sana.sy\/tr\/index.php?rest_route=%2Fwp%2Fv2%2Fcomments&post=220032"}],"version-history":[{"count":0,"href":"https:\/\/archive.sana.sy\/tr\/index.php?rest_route=\/wp\/v2\/posts\/220032\/revisions"}],"wp:attachment":[{"href":"https:\/\/archive.sana.sy\/tr\/index.php?rest_route=%2Fwp%2Fv2%2Fmedia&parent=220032"}],"wp:term":[{"taxonomy":"category","embeddable":true,"href":"https:\/\/archive.sana.sy\/tr\/index.php?rest_route=%2Fwp%2Fv2%2Fcategories&post=220032"},{"taxonomy":"post_tag","embeddable":true,"href":"https:\/\/archive.sana.sy\/tr\/index.php?rest_route=%2Fwp%2Fv2%2Ftags&post=220032"}],"curies":[{"name":"wp","href":"https:\/\/api.w.org\/{rel}","templated":true}]}}