{"id":220045,"date":"2020-10-13T11:10:29","date_gmt":"2020-10-13T08:10:29","guid":{"rendered":"http:\/\/www.sana.sy\/tr\/?p=220045"},"modified":"2020-10-13T11:10:29","modified_gmt":"2020-10-13T08:10:29","slug":"cumhurbaskani-esad-devlet-topraklarinda-kalmak-ve-istismar-etmelerini-saglamak-icin-kaynaklarini-kaybeden-ailelere-maddi-destek-saglamada-en-agir-yuku-ustlenecek","status":"publish","type":"post","link":"https:\/\/archive.sana.sy\/tr\/?p=220045","title":{"rendered":"Cumhurba\u015fkan\u0131 Esad: Devlet, topraklar\u0131nda kalmak ve istismar etmelerini sa\u011flamak i\u00e7in kaynaklar\u0131n\u0131 kaybeden ailelere maddi destek sa\u011flamada en a\u011f\u0131r y\u00fck\u00fc \u00fcstlenecek."},"content":{"rendered":"<p>Cumhurba\u015fkan\u0131 Esad: Devlet, topraklar\u0131nda kalmak ve istismar etmelerini sa\u011flamak i\u00e7in kaynaklar\u0131n\u0131 kaybeden ailelere maddi destek sa\u011flamada en a\u011f\u0131r y\u00fck\u00fc \u00fcstlenecek.<\/p>\n","protected":false},"excerpt":{"rendered":"<p>Cumhurba\u015fkan\u0131 Esad: Devlet, topraklar\u0131nda kalmak ve istismar etmelerini sa\u011flamak i\u00e7in kaynaklar\u0131n\u0131 kaybeden ailelere maddi destek sa\u011flamada en a\u011f\u0131r y\u00fck\u00fc \u00fcstlenecek.<\/p>\n","protected":false},"author":36,"featured_media":0,"comment_status":"closed","ping_status":"closed","sticky":false,"template":"","format":"standard","meta":{"footnotes":""},"categories":[17991],"tags":[],"class_list":["post-220045","post","type-post","status-publish","format-standard","","category-son-dakika"],"_links":{"self":[{"href":"https:\/\/archive.sana.sy\/tr\/index.php?rest_route=\/wp\/v2\/posts\/220045","targetHints":{"allow":["GET"]}}],"collection":[{"href":"https:\/\/archive.sana.sy\/tr\/index.php?rest_route=\/wp\/v2\/posts"}],"about":[{"href":"https:\/\/archive.sana.sy\/tr\/index.php?rest_route=\/wp\/v2\/types\/post"}],"author":[{"embeddable":true,"href":"https:\/\/archive.sana.sy\/tr\/index.php?rest_route=\/wp\/v2\/users\/36"}],"replies":[{"embeddable":true,"href":"https:\/\/archive.sana.sy\/tr\/index.php?rest_route=%2Fwp%2Fv2%2Fcomments&post=220045"}],"version-history":[{"count":0,"href":"https:\/\/archive.sana.sy\/tr\/index.php?rest_route=\/wp\/v2\/posts\/220045\/revisions"}],"wp:attachment":[{"href":"https:\/\/archive.sana.sy\/tr\/index.php?rest_route=%2Fwp%2Fv2%2Fmedia&parent=220045"}],"wp:term":[{"taxonomy":"category","embeddable":true,"href":"https:\/\/archive.sana.sy\/tr\/index.php?rest_route=%2Fwp%2Fv2%2Fcategories&post=220045"},{"taxonomy":"post_tag","embeddable":true,"href":"https:\/\/archive.sana.sy\/tr\/index.php?rest_route=%2Fwp%2Fv2%2Ftags&post=220045"}],"curies":[{"name":"wp","href":"https:\/\/api.w.org\/{rel}","templated":true}]}}