{"id":220122,"date":"2020-10-14T12:20:21","date_gmt":"2020-10-14T09:20:21","guid":{"rendered":"http:\/\/www.sana.sy\/tr\/?p=220122"},"modified":"2020-10-15T08:12:16","modified_gmt":"2020-10-15T05:12:16","slug":"kardaha-kirsalindaki-yangindan-etkilenen-koylere-elektrik-hizmeti-eski-haline-getirildi","status":"publish","type":"post","link":"https:\/\/archive.sana.sy\/tr\/?p=220122","title":{"rendered":"Kardaha K\u0131rsal\u0131ndaki Yang\u0131ndan Etkilenen K\u00f6ylere Elektrik Hizmeti Eski Haline Getirildi"},"content":{"rendered":"<p>LAZK\u0130YE \u2013 Lazkiye \u0130li Genel Elektrik \u015eirketi, Kardaha k\u0131rsal\u0131ndaki Beyt Zeytune-Cubet Bur\u011fal eksenindeki t\u00fcm k\u00f6ylere, b\u00f6lgedeki \u00e7\u0131kan yang\u0131nlar sonucunda hasar g\u00f6ren elektrik hizmetini onard\u0131.<\/p>\n<p>Elektrik \u015eirketi M\u00fcd\u00fcr\u00fc M\u00fch.Fadi Suud SANA muhabirine yapt\u0131\u011f\u0131 a\u00e7\u0131klamada, Lazkiye k\u0131rsal\u0131n\u0131n k\u00f6y ve b\u00f6lgelerinde \u00e7\u0131kan yang\u0131nlar\u0131n yol a\u00e7t\u0131\u011f\u0131 hasar\u0131 restore etme \u00e7al\u0131\u015fmalar\u0131n\u0131n \u015firket at\u00f6lyeleri taraf\u0131ndan devam etti\u011fini belirtirken, i\u015f\u00e7ilerin b\u00fcy\u00fck \u00e7abalar\u0131 sonucunda \u00e7ok say\u0131da k\u00f6ye elektrik hizmetinin geri kazand\u0131r\u0131ld\u0131\u011f\u0131na i\u015faret etti.<\/p>\n<p>\u00c7eviri: M.Y<\/p>\n","protected":false},"excerpt":{"rendered":"<p>LAZK\u0130YE \u2013 Lazkiye \u0130li Genel Elektrik \u015eirketi, Kardaha k\u0131rsal\u0131ndaki Beyt Zeytune-Cubet Bur\u011fal eksenindeki t\u00fcm k\u00f6ylere, b\u00f6lgedeki \u00e7\u0131kan yang\u0131nlar sonucunda hasar g\u00f6ren elektrik hizmetini onard\u0131. Elektrik \u015eirketi M\u00fcd\u00fcr\u00fc M\u00fch.Fadi Suud SANA muhabirine yapt\u0131\u011f\u0131 a\u00e7\u0131klamada, Lazkiye k\u0131rsal\u0131n\u0131n k\u00f6y ve b\u00f6lgelerinde \u00e7\u0131kan yang\u0131nlar\u0131n yol a\u00e7t\u0131\u011f\u0131 hasar\u0131 restore etme \u00e7al\u0131\u015fmalar\u0131n\u0131n \u015firket at\u00f6lyeleri taraf\u0131ndan devam etti\u011fini belirtirken, i\u015f\u00e7ilerin b\u00fcy\u00fck \u00e7abalar\u0131 &hellip;<\/p>\n","protected":false},"author":36,"featured_media":220123,"comment_status":"closed","ping_status":"closed","sticky":false,"template":"","format":"standard","meta":{"footnotes":""},"categories":[526,479,17988,525,478],"tags":[],"class_list":["post-220122","post","type-post","status-publish","format-standard","has-post-thumbnail","","category-haber-ve-raporlar","category-haberler-yerel","category-son-haberler","category-toplum","category-yerel"],"_links":{"self":[{"href":"https:\/\/archive.sana.sy\/tr\/index.php?rest_route=\/wp\/v2\/posts\/220122","targetHints":{"allow":["GET"]}}],"collection":[{"href":"https:\/\/archive.sana.sy\/tr\/index.php?rest_route=\/wp\/v2\/posts"}],"about":[{"href":"https:\/\/archive.sana.sy\/tr\/index.php?rest_route=\/wp\/v2\/types\/post"}],"author":[{"embeddable":true,"href":"https:\/\/archive.sana.sy\/tr\/index.php?rest_route=\/wp\/v2\/users\/36"}],"replies":[{"embeddable":true,"href":"https:\/\/archive.sana.sy\/tr\/index.php?rest_route=%2Fwp%2Fv2%2Fcomments&post=220122"}],"version-history":[{"count":0,"href":"https:\/\/archive.sana.sy\/tr\/index.php?rest_route=\/wp\/v2\/posts\/220122\/revisions"}],"wp:featuredmedia":[{"embeddable":true,"href":"https:\/\/archive.sana.sy\/tr\/index.php?rest_route=\/wp\/v2\/media\/220123"}],"wp:attachment":[{"href":"https:\/\/archive.sana.sy\/tr\/index.php?rest_route=%2Fwp%2Fv2%2Fmedia&parent=220122"}],"wp:term":[{"taxonomy":"category","embeddable":true,"href":"https:\/\/archive.sana.sy\/tr\/index.php?rest_route=%2Fwp%2Fv2%2Fcategories&post=220122"},{"taxonomy":"post_tag","embeddable":true,"href":"https:\/\/archive.sana.sy\/tr\/index.php?rest_route=%2Fwp%2Fv2%2Ftags&post=220122"}],"curies":[{"name":"wp","href":"https:\/\/api.w.org\/{rel}","templated":true}]}}