{"id":22021,"date":"2015-01-27T13:37:29","date_gmt":"2015-01-27T11:37:29","guid":{"rendered":"http:\/\/www.sana.sy\/tr\/?p=22021"},"modified":"2015-01-27T13:37:29","modified_gmt":"2015-01-27T11:37:29","slug":"suriyeli-muhalefet-temsilcilerinin-istisare-toplantilari-suruyor","status":"publish","type":"post","link":"https:\/\/archive.sana.sy\/tr\/?p=22021","title":{"rendered":"Suriyeli \u2018Muhalefet\u2019 Temsilcilerinin \u0130sti\u015fare Toplant\u0131lar\u0131 S\u00fcr\u00fcyor"},"content":{"rendered":"<p>MOSKOVA \u2013 Suriyeli \u2018muhalefet\u2019 temsilcilerinin Moskova\u2019daki g\u00f6r\u00fc\u015fme ve isti\u015fare temaslar\u0131 ikinci g\u00fcn\u00fcnde kapal\u0131 kap\u0131lar arkas\u0131nda devam etti.<\/p>\n<p>Rusya D\u0131\u015fi\u015fleri Bakanl\u0131\u011f\u0131 yay\u0131nlad\u0131\u011f\u0131 beyanda, isti\u015farelerin medya kaynaklar\u0131ndan uzak kapal\u0131 kap\u0131lar ard\u0131nda, sadece Suriyeli kat\u0131l\u0131mc\u0131lar\u0131n aras\u0131nda cereyan etti\u011fini belirtti.<\/p>\n<p>Rusya medya kaynaklar\u0131 Moskova isti\u015fare toplant\u0131lar\u0131na kat\u0131lanlar\u0131n s\u00f6zlerinden naklen; toplant\u0131lar\u0131n ilk g\u00fcn\u00fcn\u00fcn \u201cmuhalefet\u201d taraflar\u0131na ortak y\u00f6nleri ve bir ka\u00e7 meseleyle ilgili g\u00f6r\u00fc\u015f ayr\u0131l\u0131klar\u0131n\u0131 ele almalar\u0131yla tutumlar\u0131n\u0131 birle\u015ftirmelerine f\u0131rsat verdi\u011fini s\u00f6yledi.<\/p>\n<p>Rusya D\u0131\u015fi\u015fleri Bakan\u0131 Sergey Lavrov d\u00fcn, Moskova\u2019da d\u00fczenlenen isti\u015fare toplant\u0131lar\u0131ndan hedefin Suriyeli t\u00fcm taraflar aras\u0131nda tart\u0131\u015fma platformu olu\u015fturmak oldu\u011funu s\u00f6ylemi\u015f, Suriyeli t\u00fcm taraflar\u0131n Suriye\u2019de bar\u0131\u015f\u0131n sa\u011flanmas\u0131 ve ter\u00f6rle m\u00fccadelenin gere\u011finde hemfikir olduklar\u0131n\u0131 vurgulam\u0131\u015ft\u0131.<\/p>\n<p>S.\u015e. \u2013 A.A. \u2013 R.H.<\/p>\n","protected":false},"excerpt":{"rendered":"<p>MOSKOVA \u2013 Suriyeli \u2018muhalefet\u2019 temsilcilerinin Moskova\u2019daki g\u00f6r\u00fc\u015fme ve isti\u015fare temaslar\u0131 ikinci g\u00fcn\u00fcnde kapal\u0131 kap\u0131lar arkas\u0131nda devam etti. Rusya D\u0131\u015fi\u015fleri Bakanl\u0131\u011f\u0131 yay\u0131nlad\u0131\u011f\u0131 beyanda, isti\u015farelerin medya kaynaklar\u0131ndan uzak kapal\u0131 kap\u0131lar ard\u0131nda, sadece Suriyeli kat\u0131l\u0131mc\u0131lar\u0131n aras\u0131nda cereyan etti\u011fini belirtti. Rusya medya kaynaklar\u0131 Moskova isti\u015fare toplant\u0131lar\u0131na kat\u0131lanlar\u0131n s\u00f6zlerinden naklen; toplant\u0131lar\u0131n ilk g\u00fcn\u00fcn\u00fcn \u201cmuhalefet\u201d taraflar\u0131na ortak y\u00f6nleri ve bir ka\u00e7 &hellip;<\/p>\n","protected":false},"author":1,"featured_media":22022,"comment_status":"closed","ping_status":"closed","sticky":false,"template":"","format":"standard","meta":{"footnotes":""},"categories":[458,459,447],"tags":[10723,10725,10724,10722,10726],"class_list":["post-22021","post","type-post","status-publish","format-standard","has-post-thumbnail","","category-dunya1","category-haberler-arap-uluslararasi-politika","category-politika","tag-istisarelerin-medya-kaynaklarindan-uzak-kapali-kapilar-ardinda","tag-moskovada-duzenlenen-istisare-toplantilarindan-hedefin-suriyeli-tum-taraflar-arasinda-tartisma-platformu-olusturmak-oldugunu-soylemis","tag-sadece-suriyeli-katilimcilarin-arasinda-cereyan-ettigini-belirtti-rusya-medya-kaynaklari-moskova-istisare-toplantilarina-katilanlarin-sozlerinden-naklen-toplantilarin-ilk-gununun-muhalefet","tag-suriyeli-muhalefet-temsilcilerinin-istisare-toplantilari-suruyor-moskova-suriyeli-muhalefet-temsilcilerinin-moskovadaki-gorusme-ve-istisare-temas","tag-suriyeli-tum-taraflarin-suriyede-barisin-saglanmasi-ve-terorle-mucadelenin-gereginde-hemfikir-olduklarini-vurgulamisti-s-s-a-a-r-h"],"_links":{"self":[{"href":"https:\/\/archive.sana.sy\/tr\/index.php?rest_route=\/wp\/v2\/posts\/22021","targetHints":{"allow":["GET"]}}],"collection":[{"href":"https:\/\/archive.sana.sy\/tr\/index.php?rest_route=\/wp\/v2\/posts"}],"about":[{"href":"https:\/\/archive.sana.sy\/tr\/index.php?rest_route=\/wp\/v2\/types\/post"}],"author":[{"embeddable":true,"href":"https:\/\/archive.sana.sy\/tr\/index.php?rest_route=\/wp\/v2\/users\/1"}],"replies":[{"embeddable":true,"href":"https:\/\/archive.sana.sy\/tr\/index.php?rest_route=%2Fwp%2Fv2%2Fcomments&post=22021"}],"version-history":[{"count":0,"href":"https:\/\/archive.sana.sy\/tr\/index.php?rest_route=\/wp\/v2\/posts\/22021\/revisions"}],"wp:featuredmedia":[{"embeddable":true,"href":"https:\/\/archive.sana.sy\/tr\/index.php?rest_route=\/wp\/v2\/media\/22022"}],"wp:attachment":[{"href":"https:\/\/archive.sana.sy\/tr\/index.php?rest_route=%2Fwp%2Fv2%2Fmedia&parent=22021"}],"wp:term":[{"taxonomy":"category","embeddable":true,"href":"https:\/\/archive.sana.sy\/tr\/index.php?rest_route=%2Fwp%2Fv2%2Fcategories&post=22021"},{"taxonomy":"post_tag","embeddable":true,"href":"https:\/\/archive.sana.sy\/tr\/index.php?rest_route=%2Fwp%2Fv2%2Ftags&post=22021"}],"curies":[{"name":"wp","href":"https:\/\/api.w.org\/{rel}","templated":true}]}}