{"id":220253,"date":"2020-10-15T23:40:37","date_gmt":"2020-10-15T20:40:37","guid":{"rendered":"http:\/\/www.sana.sy\/tr\/?p=220253"},"modified":"2020-10-17T10:19:21","modified_gmt":"2020-10-17T07:19:21","slug":"esadin-yonlendirmeleriyle-yangindan-zarar-goren-illerde-hizmet-projeleri-icin-2-milyar-370-milyon-sl-tahsis-edildi","status":"publish","type":"post","link":"https:\/\/archive.sana.sy\/tr\/?p=220253","title":{"rendered":"Esad&#8217;\u0131n Y\u00f6nlendirmeleriyle.. Yang\u0131ndan Zarar G\u00f6ren \u0130llerde Hizmet Projeleri \u0130\u00e7in 2 Milyar 370 Milyon SL Tahsis Edildi"},"content":{"rendered":"<p>ihtiya\u00e7 ve \u00f6ncelikleri gere\u011fince zarar g\u00f6ren k\u00f6y ve beldelerde yerel idare sekt\u00f6r\u00fcndeki hizmet projelerini tamamlamak i\u00e7in Lazkiye ve Tartus illerine 2 milyar 370 milyon tahsis etti.<\/p>\n<p>Yerel \u0130dare ve \u00c7evre Bakan\u0131 m\u00fch. H\u00fcseyin Mahluf SANA&#8217;ya a\u00e7\u0131klamas\u0131nda say\u0131n Cumhurba\u015fkan\u0131 Be\u015f\u015far Esad&#8217;\u0131n Lazkiye ve Tartus illerinde \u00e7\u0131kan son yang\u0131nlardan zarar g\u00f6ren b\u00f6lgelere gezisinden ve oradaki vatanda\u015flar\u0131n ihtiya\u00e7lar\u0131n\u0131 dinlemesinden sonra k\u00f6y ahalisinin yang\u0131nlar neticesinde ald\u0131klar\u0131 yaralar\u0131n etkilerini hafifletmeye yard\u0131mc\u0131 olmas\u0131 i\u00e7in kendilerinin \u00f6ncelik olarak \u00f6ng\u00f6rd\u00fckleri ve ihtiyac\u0131nda olduklar\u0131 hizmet projesi i\u00e7in zarar g\u00f6ren her k\u00f6ye 10 milyon tahsis edilmesini \u00f6ng\u00f6rd\u00fc\u011f\u00fcn\u00fc s\u00f6yledi.<\/p>\n<p>Bakan Mahluf, b\u00fct\u00fcn bunlara binaen Bakanl\u0131\u011f\u0131n Lazkiye ilinde yang\u0131nlardan zarar g\u00f6ren 153 k\u00f6y\u00fc kapsayacak \u015fekilde 1 milyar 153 milyon Suriye Liras\u0131, Tartus ilindeki k\u00f6ylere de 840 milyon Suriye Liras\u0131 tahsis etti\u011fini a\u00e7\u0131klad\u0131.<br \/>\nMahluf, paran\u0131n havale edildi\u011fini ve her iki ilin hesab\u0131nda oldu\u011funu ve Valilere tebli\u011f edildi\u011fini s\u00f6zlerine ekledi.<\/p>\n","protected":false},"excerpt":{"rendered":"<p>ihtiya\u00e7 ve \u00f6ncelikleri gere\u011fince zarar g\u00f6ren k\u00f6y ve beldelerde yerel idare sekt\u00f6r\u00fcndeki hizmet projelerini tamamlamak i\u00e7in Lazkiye ve Tartus illerine 2 milyar 370 milyon tahsis etti. Yerel \u0130dare ve \u00c7evre Bakan\u0131 m\u00fch. H\u00fcseyin Mahluf SANA&#8217;ya a\u00e7\u0131klamas\u0131nda say\u0131n Cumhurba\u015fkan\u0131 Be\u015f\u015far Esad&#8217;\u0131n Lazkiye ve Tartus illerinde \u00e7\u0131kan son yang\u0131nlardan zarar g\u00f6ren b\u00f6lgelere gezisinden ve oradaki vatanda\u015flar\u0131n ihtiya\u00e7lar\u0131n\u0131 &hellip;<\/p>\n","protected":false},"author":1,"featured_media":220254,"comment_status":"closed","ping_status":"closed","sticky":false,"template":"","format":"standard","meta":{"footnotes":""},"categories":[608,479,605,17988,478],"tags":[],"class_list":["post-220253","post","type-post","status-publish","format-standard","has-post-thumbnail","","category-etkinlikler","category-haberler-yerel","category-sayin-cumhurbaskani","category-son-haberler","category-yerel"],"_links":{"self":[{"href":"https:\/\/archive.sana.sy\/tr\/index.php?rest_route=\/wp\/v2\/posts\/220253","targetHints":{"allow":["GET"]}}],"collection":[{"href":"https:\/\/archive.sana.sy\/tr\/index.php?rest_route=\/wp\/v2\/posts"}],"about":[{"href":"https:\/\/archive.sana.sy\/tr\/index.php?rest_route=\/wp\/v2\/types\/post"}],"author":[{"embeddable":true,"href":"https:\/\/archive.sana.sy\/tr\/index.php?rest_route=\/wp\/v2\/users\/1"}],"replies":[{"embeddable":true,"href":"https:\/\/archive.sana.sy\/tr\/index.php?rest_route=%2Fwp%2Fv2%2Fcomments&post=220253"}],"version-history":[{"count":0,"href":"https:\/\/archive.sana.sy\/tr\/index.php?rest_route=\/wp\/v2\/posts\/220253\/revisions"}],"wp:featuredmedia":[{"embeddable":true,"href":"https:\/\/archive.sana.sy\/tr\/index.php?rest_route=\/wp\/v2\/media\/220254"}],"wp:attachment":[{"href":"https:\/\/archive.sana.sy\/tr\/index.php?rest_route=%2Fwp%2Fv2%2Fmedia&parent=220253"}],"wp:term":[{"taxonomy":"category","embeddable":true,"href":"https:\/\/archive.sana.sy\/tr\/index.php?rest_route=%2Fwp%2Fv2%2Fcategories&post=220253"},{"taxonomy":"post_tag","embeddable":true,"href":"https:\/\/archive.sana.sy\/tr\/index.php?rest_route=%2Fwp%2Fv2%2Ftags&post=220253"}],"curies":[{"name":"wp","href":"https:\/\/api.w.org\/{rel}","templated":true}]}}