{"id":22026,"date":"2015-01-27T23:18:06","date_gmt":"2015-01-27T21:18:06","guid":{"rendered":"http:\/\/www.sana.sy\/tr\/?p=22026"},"modified":"2015-01-28T21:23:46","modified_gmt":"2015-01-28T19:23:46","slug":"kahraman-ordu-birliklerimiz-terore-karsi-operasyonlari-suruyor","status":"publish","type":"post","link":"https:\/\/archive.sana.sy\/tr\/?p=22026","title":{"rendered":"Kahraman Ordu Birliklerimizin Ter\u00f6re Kar\u015f\u0131 Operasyonlar\u0131 S\u00fcr\u00fcyor"},"content":{"rendered":"<p>\u0130LLER \u2013 Vatan koruyucular\u0131 ordu birliklerimiz tekfirci ve hain ter\u00f6ristlerin karargah ve k\u00fcmelenme yerlerini muhtevalar\u0131yla hedef almakla birlikte onlar\u0131 kovalama operasyonlar\u0131n\u0131 s\u00fcrd\u00fcr\u00fcrken, bug\u00fcn de onlar\u0131 say\u0131 ve te\u00e7hizatlar\u0131yla a\u011f\u0131r kay\u0131plara u\u011fratt\u0131.<\/p>\n<p><span style=\"color: #0000ff\">\u0130dlib K\u0131rsal\u0131nda 20\u2019den Fazla Tekfiri Ter\u00f6r \u00d6rg\u00fct\u00fc Ele Ba\u015f\u0131 \u00d6ld\u00fcr\u00fcld\u00fc<\/span><\/p>\n<p>\u0130dlib K\u0131rsal\u0131nda Nusra cephesi ve s\u00f6zde \u201cAhrarul \u015eam\u201d adl\u0131 tekfiri ter\u00f6r \u00f6rg\u00fctleri eleba\u015flar\u0131n\u0131n toplant\u0131 esnas\u0131nda bulunduklar\u0131 bir h\u00fccreye y\u00f6nelik d\u00fczenlenen operasyon sonucunda baz\u0131 eleba\u015flar\u0131 \u00f6l\u00fc d\u00fc\u015ft\u00fc.<\/p>\n<p>Askeri kaynak, ordu birliklerimizin \u0130dlib ili do\u011fusundan 7 km uzakl\u0131ktaki Sermin Beldesinde Nusra Cephesi, s\u00f6zde el Aksa Askerleri, \u0130slam K\u0131l\u0131\u00e7lar\u0131 ve Ahrar el \u015eam adl\u0131 ter\u00f6r \u00f6rg\u00fctlerinden baz\u0131 eleba\u015flar\u0131n\u0131n d\u00fczenledikleri toplant\u0131 esnas\u0131nda bulunduklar\u0131 h\u00fccreyi imha ettiklerini s\u00f6yledi.<\/p>\n<p>Kaynak, operasyonda ayr\u0131ca baz\u0131lar\u0131 otomatik silahlarla donan\u0131ml\u0131 8 ara\u00e7lar\u0131n\u0131 imha etmeleri yan\u0131 s\u0131ra 20 ter\u00f6ristin \u00f6ld\u00fcr\u00fcld\u00fc\u011f\u00fcn\u00fc aralar\u0131nda Nusra Cephesi eleba\u015flar\u0131ndan Abdulcabbar Rifai, Libya uyruklu ter\u00f6rist Enes Atiyye, Ahrarul \u015eam\u2019dan eleba\u015f\u0131 Abu Ahmad Taum, Cabir Fakir ve Mehmet Azrek\u2019in a\u011f\u0131r 30 ter\u00f6ristin daha yaraland\u0131\u011f\u0131n\u0131 ifade etti.<\/p>\n<p>Kaynak, \u0130dlib k\u0131rsal\u0131 ile Lazkiye kuzey k\u0131rsal\u0131 aras\u0131nda uzanan b\u00f6lgelerde, ahaliye sald\u0131ran ve haklar\u0131nda katliamlar i\u015fleyen ihvanc\u0131 Erdo\u011fan rejimi taraf\u0131ndan tam destekli ve T\u00fcrkiye s\u0131n\u0131r\u0131ndan ter\u00f6ristlerin s\u0131zd\u0131\u011f\u0131 Cebel el Arbain da\u011f\u0131nda ise ordu birliklerimizin d\u00fczenledi\u011fi ba\u015far\u0131l\u0131 operasyon sonucunda s\u00f6zde \u201cAdiyat Alay\u0131\u201d adl\u0131 ter\u00f6r grubunu tamamen \u00e7\u00f6kertti\u011fini kendilerine ait bir arac\u0131da i\u00e7indekilerle birlikte imha ettiklerini s\u00f6yledi.<\/p>\n<p>Kaynak, ter\u00f6ristlerin onlarca yaral\u0131 eleman\u0131n\u0131 s\u0131n\u0131r kanal\u0131yla, ihvanc\u0131 Erdo\u011fan rejiminin tekfiri ter\u00f6r \u00f6rg\u00fctlerine silahland\u0131rma ve lojistik destek \u015fekillerinin t\u00fcm\u00fcn\u00fc sundu\u011fu T\u00fcrk hastanelerine ta\u015f\u0131d\u0131klar\u0131n\u0131 ortaya \u00e7\u0131kard\u0131.<\/p>\n<p>Cisr el \u015eu\u011fur b\u00f6lgesinde de ordu birliklerimiz tekfiri ter\u00f6r \u00f6rg\u00fctlerine a\u011f\u0131r darbeler indirerek Nahle k\u00f6y\u00fc, \u015eeyh Yusuf B\u00f6lgesi, Bilimsel Ara\u015ft\u0131rmalar Merkezi \u00e7evresi ve Derku\u015f Beldesinin g\u00fcneyinde ter\u00f6ristlere ait baz\u0131 h\u00fccreleri imha etti.<\/p>\n<p>Kaynak, yabanc\u0131 uyruklu 16 ter\u00f6ristin \u00f6ld\u00fcr\u00fcld\u00fc\u011f\u00fcn\u00fc di\u011fer baz\u0131lar\u0131n\u0131n ise yaraland\u0131\u011f\u0131n\u0131 \u00f6len ter\u00f6ristler aras\u0131nda s\u00f6zde \u201ctevhit tugay\u0131\u201d adl\u0131 ter\u00f6r \u00f6rg\u00fct\u00fc Abu Salim lakapl\u0131 ele ba\u015f\u0131 yan\u0131 s\u0131ra Hamo Rahmo ve Gadanfar Garip adl\u0131 ter\u00f6ristlerin bulundu\u011funu s\u00f6yledi.<\/p>\n<p><span style=\"color: #0000ff\">Homs K\u0131rsal\u0131nda Bir Ter\u00f6r Grubu Tamam\u0131yla Etkisiz Hale Getirildi<\/span><\/p>\n<p>Ordu birliklerimiz ayn\u0131 zamanda Homs k\u0131rsal\u0131n\u0131n G\u00fcney M\u015feyrfe B\u00f6lgesi ve Mesade K\u00f6y\u00fcn\u00fcn g\u00fcneyinde ter\u00f6ristlere ait yuva ve k\u00fcmelenme yerlerini hedef almalar\u0131yla \u00e7ok say\u0131da ter\u00f6risti \u00f6l\u00fc ve yaral\u0131 d\u00fc\u015f\u00fcrd\u00fc.<\/p>\n<p>\u00d6te yandan ordu birliklerimizin Homs k\u0131rsal\u0131 Kefar Laha, Taybe ve Hurbet Hatom b\u00f6lgelerinde \u00e7ok say\u0131da ter\u00f6risti \u00f6l\u00fc ve yaral\u0131 d\u00fc\u015f\u00fcrd\u00fcklerini aktaran kaynak; Meryemin ve \u015eeniye k\u00f6yleri aras\u0131nda bir ter\u00f6r grubunun t\u00fcm \u00fcyelerini etkisizle\u015ftirildiklerini belirtti.<\/p>\n<p>Ter\u00f6r \u00e7eteleri sosyal medya ara\u00e7lar\u0131nda Telbise ve Bat\u0131 Taybe b\u00f6lgelerinde \u2018Halit Bin el Velid T\u00fcmeni\u2019 olarak adland\u0131r\u0131lan ter\u00f6r olu\u015fumunda grup eleba\u015f\u0131 Abd\u00fcrrezzak \u00a0Mansur ve \u0130brahim S\u00fcleyman\u2019\u0131n aralar\u0131nda bulundu\u011fu bir\u00e7ok ter\u00f6ristin \u00f6ld\u00fcr\u00fcld\u00fc\u011f\u00fcn\u00fc itiraf etti.<\/p>\n<p>M.M. &#8211; S.\u015e. &#8211; A.A.<\/p>\n<p>&nbsp;<\/p>\n","protected":false},"excerpt":{"rendered":"<p>\u0130LLER \u2013 Vatan koruyucular\u0131 ordu birliklerimiz tekfirci ve hain ter\u00f6ristlerin karargah ve k\u00fcmelenme yerlerini muhtevalar\u0131yla hedef almakla birlikte onlar\u0131 kovalama operasyonlar\u0131n\u0131 s\u00fcrd\u00fcr\u00fcrken, bug\u00fcn de onlar\u0131 say\u0131 ve te\u00e7hizatlar\u0131yla a\u011f\u0131r kay\u0131plara u\u011fratt\u0131. \u0130dlib K\u0131rsal\u0131nda 20\u2019den Fazla Tekfiri Ter\u00f6r \u00d6rg\u00fct\u00fc Ele Ba\u015f\u0131 \u00d6ld\u00fcr\u00fcld\u00fc \u0130dlib K\u0131rsal\u0131nda Nusra cephesi ve s\u00f6zde \u201cAhrarul \u015eam\u201d adl\u0131 tekfiri ter\u00f6r \u00f6rg\u00fctleri eleba\u015flar\u0131n\u0131n toplant\u0131 &hellip;<\/p>\n","protected":false},"author":1,"featured_media":22028,"comment_status":"closed","ping_status":"closed","sticky":false,"template":"","format":"standard","meta":{"footnotes":""},"categories":[575],"tags":[10729,10728,10730,8707,10727,3458,4147,10731],"class_list":["post-22026","post","type-post","status-publish","format-standard","has-post-thumbnail","","category-olaylar-ve-gercekler","tag-bsames","tag-bugun-de-onlari-sayi-ve-techizatlariyla-agir-kayiplara-ugratti-idlib-kirsalinda-aralarinda-yabancilarin-bulundugu-cok-sayida-terorist-olduruldu-askeri-bir-kaynak-sanaya-aciklamasinda-ordu-bi","tag-cebel-el-arbain-ve-kminas-bolgelerinde-aralarinda-yabancilarin-bulundugu-cok-sayida-teroristi-olu-ve-yarali-dusurduklerini-belirtti-kaynak-yine-idlib-kirsalinin-sermin-bolgesinde-teroristlere-bir-yuv","tag-el-rami","tag-kahraman-ordu-birliklerimiz-terore-karsi-operasyonlari-suruyor-iller-vatan-koruyuculari-ordu-birliklerimiz-tekfirci-ve-hain-teroristlerin-karargah-ve-kumelenme-yerlerini-muhtevalariyla-hedef","tag-kefar-lata","tag-kefar-slaya","tag-taybe-ve-hurbet-hatom-bolgelerinde-cok-sayida-teroristi-olu-ve-yarali-dusurduklerini-aktaran-kaynak-meryemin-ve-seniye-koyleri-arasinda-bir-teror-grubunun-tum-uyelerini-etkisizlestirildiklerini-belir"],"_links":{"self":[{"href":"https:\/\/archive.sana.sy\/tr\/index.php?rest_route=\/wp\/v2\/posts\/22026","targetHints":{"allow":["GET"]}}],"collection":[{"href":"https:\/\/archive.sana.sy\/tr\/index.php?rest_route=\/wp\/v2\/posts"}],"about":[{"href":"https:\/\/archive.sana.sy\/tr\/index.php?rest_route=\/wp\/v2\/types\/post"}],"author":[{"embeddable":true,"href":"https:\/\/archive.sana.sy\/tr\/index.php?rest_route=\/wp\/v2\/users\/1"}],"replies":[{"embeddable":true,"href":"https:\/\/archive.sana.sy\/tr\/index.php?rest_route=%2Fwp%2Fv2%2Fcomments&post=22026"}],"version-history":[{"count":0,"href":"https:\/\/archive.sana.sy\/tr\/index.php?rest_route=\/wp\/v2\/posts\/22026\/revisions"}],"wp:featuredmedia":[{"embeddable":true,"href":"https:\/\/archive.sana.sy\/tr\/index.php?rest_route=\/wp\/v2\/media\/22028"}],"wp:attachment":[{"href":"https:\/\/archive.sana.sy\/tr\/index.php?rest_route=%2Fwp%2Fv2%2Fmedia&parent=22026"}],"wp:term":[{"taxonomy":"category","embeddable":true,"href":"https:\/\/archive.sana.sy\/tr\/index.php?rest_route=%2Fwp%2Fv2%2Fcategories&post=22026"},{"taxonomy":"post_tag","embeddable":true,"href":"https:\/\/archive.sana.sy\/tr\/index.php?rest_route=%2Fwp%2Fv2%2Ftags&post=22026"}],"curies":[{"name":"wp","href":"https:\/\/api.w.org\/{rel}","templated":true}]}}