{"id":220340,"date":"2020-10-17T21:41:07","date_gmt":"2020-10-17T18:41:07","guid":{"rendered":"http:\/\/www.sana.sy\/tr\/?p=220340"},"modified":"2020-10-18T08:24:16","modified_gmt":"2020-10-18T05:24:16","slug":"uluslararasi-heykeltiras-mustafa-ali-yaraticilik-acisindan-zengin-bir-yolculuk-sinirlari-asan-bir-kultur-projesi","status":"publish","type":"post","link":"https:\/\/archive.sana.sy\/tr\/?p=220340","title":{"rendered":"Uluslararas\u0131 Heykelt\u0131ra\u015f Mustafa Ali.. Yarat\u0131c\u0131l\u0131k A\u00e7\u0131s\u0131ndan Zengin Bir Yolculuk, S\u0131n\u0131rlar\u0131 A\u015fan Bir K\u00fclt\u00fcr Projesi"},"content":{"rendered":"<p>\u015eAM &#8211; Heykelt\u0131ra\u015f Mustafa Ali, bitmez t\u00fckenmez bir kuyudan fikirler al\u0131yormu\u015f\u00e7as\u0131na kendi ya\u015fam ve insan vizyonlar\u0131n\u0131 yans\u0131tan yarat\u0131c\u0131l\u0131k ve s\u0131ra d\u0131\u015f\u0131 deneyimlerle dolu uzun bir yolculukla Suriye ve uluslararas\u0131 heykeltra\u015f\u00e7\u0131l\u0131k sanat\u0131nda kendine \u00f6zel bir yer edindi.<\/p>\n<p>Heykelt\u0131ra\u015f Ali, do\u011fu\u015ftan gelen k\u0131y\u0131 ortam\u0131nda k\u00fc\u00e7\u00fck ya\u015flardan itibaren heykeltra\u015f\u00e7\u0131l\u0131kla ba\u015flad\u0131\u011f\u0131 kariyerine, 1988 y\u0131l\u0131nda heykelt\u0131ra\u015f\u00e7\u0131l\u0131kta en zor ham bronz eserler i\u00e7in olan ilk ki\u015fisel sergisini ger\u00e7ekle\u015ftirmek \u00fczere G\u00fczel Sanatlar Koleji&#8217;ndeki \u00e7al\u0131\u015fmalar\u0131yla sanatsal yoluna dokunmu\u015ftur.<img loading=\"lazy\" decoding=\"async\" class=\"size-medium wp-image-220361 alignright\" src=\"http:\/\/www.sana.sy\/tr\/wp-content\/uploads\/2020\/10\/3-8-300x200.jpg\" alt=\"\" width=\"300\" height=\"200\" srcset=\"https:\/\/archive.sana.sy\/tr\/wp-content\/uploads\/2020\/10\/3-8-300x200.jpg 300w, https:\/\/archive.sana.sy\/tr\/wp-content\/uploads\/2020\/10\/3-8-150x100.jpg 150w, https:\/\/archive.sana.sy\/tr\/wp-content\/uploads\/2020\/10\/3-8.jpg 660w\" sizes=\"auto, (max-width: 300px) 100vw, 300px\" \/><\/p>\n<p>Ali, SANA ile r\u00f6portaj\u0131nda: &#8220;Beni her zaman \u00e7eken ana konu insan ve sanat eserini \u00fcretmenin ifade edici y\u00f6ntemi. \u00c7al\u0131\u015fmalar\u0131m\u0131n karakterlerini \u00e7o\u011fu zaman d\u0131\u015f g\u00f6r\u00fcn\u00fc\u015fe dikkat etmeden se\u00e7iyorum ama benim i\u00e7in \u00f6nemli olan, deneyimime sab\u0131r karakterini veren \u00f6z&#8221; dedi.<\/p>\n<p>Ali, sava\u015f\u0131n \u00e7al\u0131\u015fmalar\u0131ndaki etkisiyle ilgili olarak \u015funlar\u0131 s\u00f6yledi: &#8220;Sava\u015f\u0131n t\u00fcm Suriyeliler \u00fczerinde b\u00fcy\u00fck bir psikolojik etkisi oldu, ancak ger\u00e7ekle etkile\u015fime girdi\u011finde etkisi olumlu oluyor. Ge\u00e7ti\u011fimiz on y\u0131l boyunca, sava\u015f kal\u0131nt\u0131lar\u0131ndan ve \u00fclkemi kas\u0131p kavuran \u015farapnelden eserler \u00fcrettim, y\u0131k\u0131ma dayal\u0131 formlar in\u015fa ettim ama hayata d\u00f6nme arzusuyla&#8221; .<\/p>\n<p>Heykelt\u0131ra\u015f Ali, eski \u015eam&#8217;daki evini sevdi\u011fi cenneti olarak g\u00f6rerek onu bir galeriye d\u00f6n\u00fc\u015ft\u00fcrmeye sevk etti\u011fini, bug\u00fcn gelecekte aktif olan k\u00fclt\u00fcrel mekanlar, d\u00fcnyan\u0131n her yerinden ziyaret\u00e7iler ve takip\u00e7iler haritas\u0131nda yerini alan bir k\u00fclt\u00fcr ve sanat kurumu haline geldi\u011fini dile getirdi.<\/p>\n<div id='gallery-1' class='gallery galleryid-220340 gallery-columns-1 gallery-size-full'><figure class='gallery-item'>\n\t\t\t<div class='gallery-icon portrait'>\n\t\t\t\t<a href='https:\/\/archive.sana.sy\/tr\/wp-content\/uploads\/2020\/10\/1-355.jpg'><img loading=\"lazy\" decoding=\"async\" width=\"226\" height=\"330\" src=\"https:\/\/archive.sana.sy\/tr\/wp-content\/uploads\/2020\/10\/1-355.jpg\" class=\"attachment-full size-full\" alt=\"\" srcset=\"https:\/\/archive.sana.sy\/tr\/wp-content\/uploads\/2020\/10\/1-355.jpg 226w, https:\/\/archive.sana.sy\/tr\/wp-content\/uploads\/2020\/10\/1-355-205x300.jpg 205w, https:\/\/archive.sana.sy\/tr\/wp-content\/uploads\/2020\/10\/1-355-103x150.jpg 103w\" sizes=\"auto, (max-width: 226px) 100vw, 226px\" \/><\/a>\n\t\t\t<\/div><\/figure><figure class='gallery-item'>\n\t\t\t<div class='gallery-icon landscape'>\n\t\t\t\t<a href='https:\/\/archive.sana.sy\/tr\/wp-content\/uploads\/2020\/10\/4-7.jpg'><img loading=\"lazy\" decoding=\"async\" width=\"660\" height=\"447\" src=\"https:\/\/archive.sana.sy\/tr\/wp-content\/uploads\/2020\/10\/4-7.jpg\" class=\"attachment-full size-full\" alt=\"\" srcset=\"https:\/\/archive.sana.sy\/tr\/wp-content\/uploads\/2020\/10\/4-7.jpg 660w, https:\/\/archive.sana.sy\/tr\/wp-content\/uploads\/2020\/10\/4-7-300x203.jpg 300w, https:\/\/archive.sana.sy\/tr\/wp-content\/uploads\/2020\/10\/4-7-150x102.jpg 150w, https:\/\/archive.sana.sy\/tr\/wp-content\/uploads\/2020\/10\/4-7-110x75.jpg 110w\" sizes=\"auto, (max-width: 660px) 100vw, 660px\" \/><\/a>\n\t\t\t<\/div><\/figure><figure class='gallery-item'>\n\t\t\t<div class='gallery-icon landscape'>\n\t\t\t\t<a href='https:\/\/archive.sana.sy\/tr\/wp-content\/uploads\/2020\/10\/4-165.jpg'><img loading=\"lazy\" decoding=\"async\" width=\"660\" height=\"439\" src=\"https:\/\/archive.sana.sy\/tr\/wp-content\/uploads\/2020\/10\/4-165.jpg\" class=\"attachment-full size-full\" alt=\"\" srcset=\"https:\/\/archive.sana.sy\/tr\/wp-content\/uploads\/2020\/10\/4-165.jpg 660w, https:\/\/archive.sana.sy\/tr\/wp-content\/uploads\/2020\/10\/4-165-300x200.jpg 300w, https:\/\/archive.sana.sy\/tr\/wp-content\/uploads\/2020\/10\/4-165-150x100.jpg 150w, https:\/\/archive.sana.sy\/tr\/wp-content\/uploads\/2020\/10\/4-165-310x205.jpg 310w\" sizes=\"auto, (max-width: 660px) 100vw, 660px\" \/><\/a>\n\t\t\t<\/div><\/figure><figure class='gallery-item'>\n\t\t\t<div class='gallery-icon portrait'>\n\t\t\t\t<a href='https:\/\/archive.sana.sy\/tr\/wp-content\/uploads\/2020\/10\/7-111.jpg'><img loading=\"lazy\" decoding=\"async\" width=\"228\" height=\"330\" src=\"https:\/\/archive.sana.sy\/tr\/wp-content\/uploads\/2020\/10\/7-111.jpg\" class=\"attachment-full size-full\" alt=\"\" srcset=\"https:\/\/archive.sana.sy\/tr\/wp-content\/uploads\/2020\/10\/7-111.jpg 228w, https:\/\/archive.sana.sy\/tr\/wp-content\/uploads\/2020\/10\/7-111-207x300.jpg 207w, https:\/\/archive.sana.sy\/tr\/wp-content\/uploads\/2020\/10\/7-111-104x150.jpg 104w\" sizes=\"auto, (max-width: 228px) 100vw, 228px\" \/><\/a>\n\t\t\t<\/div><\/figure><figure class='gallery-item'>\n\t\t\t<div class='gallery-icon landscape'>\n\t\t\t\t<a href='https:\/\/archive.sana.sy\/tr\/wp-content\/uploads\/2020\/10\/55.jpg'><img loading=\"lazy\" decoding=\"async\" width=\"660\" height=\"429\" src=\"https:\/\/archive.sana.sy\/tr\/wp-content\/uploads\/2020\/10\/55.jpg\" class=\"attachment-full size-full\" alt=\"\" srcset=\"https:\/\/archive.sana.sy\/tr\/wp-content\/uploads\/2020\/10\/55.jpg 660w, https:\/\/archive.sana.sy\/tr\/wp-content\/uploads\/2020\/10\/55-300x195.jpg 300w, https:\/\/archive.sana.sy\/tr\/wp-content\/uploads\/2020\/10\/55-150x98.jpg 150w\" sizes=\"auto, (max-width: 660px) 100vw, 660px\" \/><\/a>\n\t\t\t<\/div><\/figure>\n\t\t<\/div>\n\n","protected":false},"excerpt":{"rendered":"<p>\u015eAM &#8211; Heykelt\u0131ra\u015f Mustafa Ali, bitmez t\u00fckenmez bir kuyudan fikirler al\u0131yormu\u015f\u00e7as\u0131na kendi ya\u015fam ve insan vizyonlar\u0131n\u0131 yans\u0131tan yarat\u0131c\u0131l\u0131k ve s\u0131ra d\u0131\u015f\u0131 deneyimlerle dolu uzun bir yolculukla Suriye ve uluslararas\u0131 heykeltra\u015f\u00e7\u0131l\u0131k sanat\u0131nda kendine \u00f6zel bir yer edindi. Heykelt\u0131ra\u015f Ali, do\u011fu\u015ftan gelen k\u0131y\u0131 ortam\u0131nda k\u00fc\u00e7\u00fck ya\u015flardan itibaren heykeltra\u015f\u00e7\u0131l\u0131kla ba\u015flad\u0131\u011f\u0131 kariyerine, 1988 y\u0131l\u0131nda heykelt\u0131ra\u015f\u00e7\u0131l\u0131kta en zor ham bronz &hellip;<\/p>\n","protected":false},"author":1,"featured_media":220341,"comment_status":"closed","ping_status":"closed","sticky":false,"template":"","format":"standard","meta":{"footnotes":""},"categories":[596,479,516,511,17988,478],"tags":[],"class_list":["post-220340","post","type-post","status-publish","format-standard","has-post-thumbnail","","category-fotografli-raporlar","category-haberler-yerel","category-haberler-kultur-ve-sanat","category-kultur-ve-sanat","category-son-haberler","category-yerel"],"_links":{"self":[{"href":"https:\/\/archive.sana.sy\/tr\/index.php?rest_route=\/wp\/v2\/posts\/220340","targetHints":{"allow":["GET"]}}],"collection":[{"href":"https:\/\/archive.sana.sy\/tr\/index.php?rest_route=\/wp\/v2\/posts"}],"about":[{"href":"https:\/\/archive.sana.sy\/tr\/index.php?rest_route=\/wp\/v2\/types\/post"}],"author":[{"embeddable":true,"href":"https:\/\/archive.sana.sy\/tr\/index.php?rest_route=\/wp\/v2\/users\/1"}],"replies":[{"embeddable":true,"href":"https:\/\/archive.sana.sy\/tr\/index.php?rest_route=%2Fwp%2Fv2%2Fcomments&post=220340"}],"version-history":[{"count":0,"href":"https:\/\/archive.sana.sy\/tr\/index.php?rest_route=\/wp\/v2\/posts\/220340\/revisions"}],"wp:featuredmedia":[{"embeddable":true,"href":"https:\/\/archive.sana.sy\/tr\/index.php?rest_route=\/wp\/v2\/media\/220341"}],"wp:attachment":[{"href":"https:\/\/archive.sana.sy\/tr\/index.php?rest_route=%2Fwp%2Fv2%2Fmedia&parent=220340"}],"wp:term":[{"taxonomy":"category","embeddable":true,"href":"https:\/\/archive.sana.sy\/tr\/index.php?rest_route=%2Fwp%2Fv2%2Fcategories&post=220340"},{"taxonomy":"post_tag","embeddable":true,"href":"https:\/\/archive.sana.sy\/tr\/index.php?rest_route=%2Fwp%2Fv2%2Ftags&post=220340"}],"curies":[{"name":"wp","href":"https:\/\/api.w.org\/{rel}","templated":true}]}}