{"id":22055,"date":"2015-01-27T21:40:50","date_gmt":"2015-01-27T19:40:50","guid":{"rendered":"http:\/\/www.sana.sy\/tr\/?p=22055"},"modified":"2015-01-28T16:29:55","modified_gmt":"2015-01-28T14:29:55","slug":"ilimli-muhalifler-sivil-yerlesim-alanlari-ve-okullari-hedef-almaya-devam-ediyor","status":"publish","type":"post","link":"https:\/\/archive.sana.sy\/tr\/?p=22055","title":{"rendered":"\u2018Il\u0131ml\u0131 Muhalifler\u2019 Sivil Yerle\u015fim Alanlar\u0131 ve Okullar\u0131 Hedef Almaya Devam Ediyor"},"content":{"rendered":"<p>\u0130LLER \u2013 Lazkiye, Halep ve \u015eam\u2019\u0131n sivil yerle\u015fim alanlar\u0131na ilaveten Dera k\u0131rsal\u0131nda bir okulu hain f\u00fczelerle hedef alan \u2018\u0131l\u0131man muhalifler\u2019 ad\u0131 verilen ter\u00f6r \u00e7eteleri bug\u00fcn aralar\u0131nda \u00e7ocuk ve kad\u0131nlar\u0131n bulundu\u011fu bir\u00e7ok masum cana k\u0131yd\u0131lar.<\/p>\n<p>SANA muhabiri; ter\u00f6ristlerin f\u0131rlatt\u0131\u011f\u0131 14 roketin Lazkiye k\u0131rsal\u0131n\u0131n Me\u015fkita, Kellof, Skobin, Ayn el Laban, Ayn el Bayda, Zekzakiye k\u00f6y ve beldelerine ilaveten Lazkiye Kentinin kenarlar\u0131ndaki Cub Hasan sivil yerle\u015fim semtine d\u00fc\u015fmesi sonucunda 3 vatanda\u015f\u0131n \u015fehit, 4 vatanda\u015f\u0131n ise yaraland\u0131\u011f\u0131n\u0131 ifade etti.<\/p>\n<p>Di\u011fer yandan \u015eam Emniyet M\u00fcd\u00fcrl\u00fc\u011f\u00fcnde bir kaynak SANA\u2019ya a\u00e7\u0131klamas\u0131nda ter\u00f6ristlerin f\u0131rlatt\u0131\u011f\u0131 birka\u00e7 f\u00fcze ve havan mermisinin ba\u015fkent \u015eam\u2019\u0131n Amara, \u015ea\u011fur ve Bab Tuma sivil yerle\u015fim semtlerine d\u00fc\u015fmesi sonucunda bir kad\u0131n ve bir k\u0131z \u00e7ocu\u011fu \u015fehit d\u00fc\u015ferken, \u015fehit d\u00fc\u015fen k\u0131z\u0131n annesi de yaraland\u0131. Hain sald\u0131r\u0131lar \u00f6zel m\u00fclklerde de b\u00fcy\u00fck maddi hasara yol a\u00e7t\u0131.<\/p>\n<p>Kaynak ter\u00f6ristlerin yine \u015eam\u2019\u0131n Mezraa yerle\u015fim semtinin el Melik el Adil Soka\u011f\u0131na ilaveten G\u00fcmr\u00fck Bulvar\u0131na iki f\u00fczeyle sald\u0131rmalar\u0131 sonucunda \u00f6zel ve kamu m\u00fclklerde hasar olu\u015ftu\u011funu aktard\u0131.<\/p>\n<p>\u00d6te yandan Dera k\u0131rsal\u0131n\u0131n Busra el \u015eam Kasabas\u0131nda \u015eehit Abd\u00fclkerim Necm okuluna d\u00fc\u015fen birka\u00e7 havan mermisi ve f\u00fcze sonucunda okul \u00f6\u011frencilerinden 5 \u00e7ocuk \u015fehit, 5\u2019i a\u011f\u0131r 12 \u00e7ocuk da yaral\u0131 d\u00fc\u015ft\u00fc.<\/p>\n<p>Halep Valili\u011finde bir kaynak ise ter\u00f6ristlerin kentin sivil yerle\u015fim alanlar\u0131ndan Nil Caddesini 4 f\u00fczeyle hedef ald\u0131klar\u0131n\u0131 s\u00f6yledi.<\/p>\n<p>Kaynak; k\u00f6r ve korkak sald\u0131r\u0131 sonucunda 7 vatanda\u015f\u0131n yaraland\u0131\u011f\u0131n\u0131, vatanda\u015flar\u0131n m\u00fclklerinde maddi zarar\u0131n olu\u015ftu\u011funu aktard\u0131.<\/p>\n<p>M.M. &#8211; A.A.<\/p>\n","protected":false},"excerpt":{"rendered":"<p>\u0130LLER \u2013 Lazkiye, Halep ve \u015eam\u2019\u0131n sivil yerle\u015fim alanlar\u0131na ilaveten Dera k\u0131rsal\u0131nda bir okulu hain f\u00fczelerle hedef alan \u2018\u0131l\u0131man muhalifler\u2019 ad\u0131 verilen ter\u00f6r \u00e7eteleri bug\u00fcn aralar\u0131nda \u00e7ocuk ve kad\u0131nlar\u0131n bulundu\u011fu bir\u00e7ok masum cana k\u0131yd\u0131lar. SANA muhabiri; ter\u00f6ristlerin f\u0131rlatt\u0131\u011f\u0131 14 roketin Lazkiye k\u0131rsal\u0131n\u0131n Me\u015fkita, Kellof, Skobin, Ayn el Laban, Ayn el Bayda, Zekzakiye k\u00f6y ve beldelerine &hellip;<\/p>\n","protected":false},"author":1,"featured_media":22056,"comment_status":"closed","ping_status":"closed","sticky":false,"template":"","format":"standard","meta":{"footnotes":""},"categories":[575],"tags":[10741,10739,10740,10738,10742,2930],"class_list":["post-22055","post","type-post","status-publish","format-standard","has-post-thumbnail","","category-olaylar-ve-gercekler","tag-fuze","tag-hain-saldirilar","tag-havan-mermileri","tag-iliman-muhalifler","tag-roketler","tag-teroristler"],"_links":{"self":[{"href":"https:\/\/archive.sana.sy\/tr\/index.php?rest_route=\/wp\/v2\/posts\/22055","targetHints":{"allow":["GET"]}}],"collection":[{"href":"https:\/\/archive.sana.sy\/tr\/index.php?rest_route=\/wp\/v2\/posts"}],"about":[{"href":"https:\/\/archive.sana.sy\/tr\/index.php?rest_route=\/wp\/v2\/types\/post"}],"author":[{"embeddable":true,"href":"https:\/\/archive.sana.sy\/tr\/index.php?rest_route=\/wp\/v2\/users\/1"}],"replies":[{"embeddable":true,"href":"https:\/\/archive.sana.sy\/tr\/index.php?rest_route=%2Fwp%2Fv2%2Fcomments&post=22055"}],"version-history":[{"count":0,"href":"https:\/\/archive.sana.sy\/tr\/index.php?rest_route=\/wp\/v2\/posts\/22055\/revisions"}],"wp:featuredmedia":[{"embeddable":true,"href":"https:\/\/archive.sana.sy\/tr\/index.php?rest_route=\/wp\/v2\/media\/22056"}],"wp:attachment":[{"href":"https:\/\/archive.sana.sy\/tr\/index.php?rest_route=%2Fwp%2Fv2%2Fmedia&parent=22055"}],"wp:term":[{"taxonomy":"category","embeddable":true,"href":"https:\/\/archive.sana.sy\/tr\/index.php?rest_route=%2Fwp%2Fv2%2Fcategories&post=22055"},{"taxonomy":"post_tag","embeddable":true,"href":"https:\/\/archive.sana.sy\/tr\/index.php?rest_route=%2Fwp%2Fv2%2Ftags&post=22055"}],"curies":[{"name":"wp","href":"https:\/\/api.w.org\/{rel}","templated":true}]}}