{"id":22060,"date":"2015-01-27T23:21:07","date_gmt":"2015-01-27T21:21:07","guid":{"rendered":"http:\/\/www.sana.sy\/tr\/?p=22060"},"modified":"2015-01-27T23:21:07","modified_gmt":"2015-01-27T21:21:07","slug":"siyonist-varlik-yetkilileri-saldirilarinin-akibetini-goecekler","status":"publish","type":"post","link":"https:\/\/archive.sana.sy\/tr\/?p=22060","title":{"rendered":"Siyonist Varl\u0131k Yetkilileri Sald\u0131r\u0131lar\u0131n\u0131n Ak\u0131betini G\u00f6ecekler"},"content":{"rendered":"<p>TAHRAN \u2013 \u0130ran D\u0131\u015fi\u015fleri Bakan\u0131 Yard\u0131mc\u0131s\u0131 H\u00fcseyin Emir Abdullahyan; Siyonist varl\u0131\u011f\u0131n Suriye&#8217;nin Kunaytra k\u0131rsal\u0131ndaki sald\u0131r\u0131s\u0131ndan sonra diplomatik yollarla Washington idaresine bir mesaj aktard\u0131klar\u0131n\u0131 belirtti.<\/p>\n<p>Abdullahyan IRNA Haber Ajans\u0131n\u0131n aktard\u0131\u011f\u0131 a\u00e7\u0131klamalar\u0131nda; mesajda Siyonist varl\u0131k otoritelerinin bu sald\u0131r\u0131n\u0131n kar\u015f\u0131l\u0131ks\u0131z kalmayaca\u011f\u0131n\u0131 bilmeleri gerekti\u011fini ve ak\u0131betini g\u00f6receklerine vurgu yap\u0131ld\u0131\u011f\u0131n\u0131 a\u00e7\u0131klad\u0131.<\/p>\n","protected":false},"excerpt":{"rendered":"<p>TAHRAN \u2013 \u0130ran D\u0131\u015fi\u015fleri Bakan\u0131 Yard\u0131mc\u0131s\u0131 H\u00fcseyin Emir Abdullahyan; Siyonist varl\u0131\u011f\u0131n Suriye&#8217;nin Kunaytra k\u0131rsal\u0131ndaki sald\u0131r\u0131s\u0131ndan sonra diplomatik yollarla Washington idaresine bir mesaj aktard\u0131klar\u0131n\u0131 belirtti. Abdullahyan IRNA Haber Ajans\u0131n\u0131n aktard\u0131\u011f\u0131 a\u00e7\u0131klamalar\u0131nda; mesajda Siyonist varl\u0131k otoritelerinin bu sald\u0131r\u0131n\u0131n kar\u015f\u0131l\u0131ks\u0131z kalmayaca\u011f\u0131n\u0131 bilmeleri gerekti\u011fini ve ak\u0131betini g\u00f6receklerine vurgu yap\u0131ld\u0131\u011f\u0131n\u0131 a\u00e7\u0131klad\u0131.<\/p>\n","protected":false},"author":1,"featured_media":22061,"comment_status":"closed","ping_status":"closed","sticky":false,"template":"","format":"standard","meta":{"footnotes":""},"categories":[458,459,447],"tags":[10743,3915,5614,10744,10745],"class_list":["post-22060","post","type-post","status-publish","format-standard","has-post-thumbnail","","category-dunya1","category-haberler-arap-uluslararasi-politika","category-politika","tag-abdullahyan","tag-iran","tag-israil","tag-siyonist","tag-tahran"],"_links":{"self":[{"href":"https:\/\/archive.sana.sy\/tr\/index.php?rest_route=\/wp\/v2\/posts\/22060","targetHints":{"allow":["GET"]}}],"collection":[{"href":"https:\/\/archive.sana.sy\/tr\/index.php?rest_route=\/wp\/v2\/posts"}],"about":[{"href":"https:\/\/archive.sana.sy\/tr\/index.php?rest_route=\/wp\/v2\/types\/post"}],"author":[{"embeddable":true,"href":"https:\/\/archive.sana.sy\/tr\/index.php?rest_route=\/wp\/v2\/users\/1"}],"replies":[{"embeddable":true,"href":"https:\/\/archive.sana.sy\/tr\/index.php?rest_route=%2Fwp%2Fv2%2Fcomments&post=22060"}],"version-history":[{"count":0,"href":"https:\/\/archive.sana.sy\/tr\/index.php?rest_route=\/wp\/v2\/posts\/22060\/revisions"}],"wp:featuredmedia":[{"embeddable":true,"href":"https:\/\/archive.sana.sy\/tr\/index.php?rest_route=\/wp\/v2\/media\/22061"}],"wp:attachment":[{"href":"https:\/\/archive.sana.sy\/tr\/index.php?rest_route=%2Fwp%2Fv2%2Fmedia&parent=22060"}],"wp:term":[{"taxonomy":"category","embeddable":true,"href":"https:\/\/archive.sana.sy\/tr\/index.php?rest_route=%2Fwp%2Fv2%2Fcategories&post=22060"},{"taxonomy":"post_tag","embeddable":true,"href":"https:\/\/archive.sana.sy\/tr\/index.php?rest_route=%2Fwp%2Fv2%2Ftags&post=22060"}],"curies":[{"name":"wp","href":"https:\/\/api.w.org\/{rel}","templated":true}]}}