{"id":220612,"date":"2020-10-23T13:24:59","date_gmt":"2020-10-23T10:24:59","guid":{"rendered":"http:\/\/107.6.182.27\/tr\/?p=220612"},"modified":"2020-10-23T13:38:40","modified_gmt":"2020-10-23T10:38:40","slug":"cumhurbaskani-bessar-el-esadin-temsilcisi-vakiflar-bakani-muhammed-abdulsettarin-katilimiyla-teror-saldirisinda-sehit-dusen-sam-ve-sam-kirsali-muftusu-seyh-muhammed-adnan-el-afyuni","status":"publish","type":"post","link":"https:\/\/archive.sana.sy\/tr\/?p=220612","title":{"rendered":"Cumhurba\u015fkan\u0131 Be\u015f\u015far el Esad\u2019\u0131n temsilcisi Vak\u0131flar Bakan\u0131 Muhammed Abd\u00fclsettar\u2019\u0131n kat\u0131l\u0131m\u0131yla, ter\u00f6r sald\u0131r\u0131s\u0131nda \u015fehit d\u00fc\u015fen \u015eam ve \u015eam K\u0131rsal\u0131 M\u00fcft\u00fcs\u00fc \u015eeyh Muhammed Adnan el Afyuni&#8217;nin cenaze t\u00f6reni \u015eam\u2019\u0131n Emeviler Camisinde yer al\u0131yor"},"content":{"rendered":"<p>Cumhurba\u015fkan\u0131 Be\u015f\u015far el Esad\u2019\u0131n temsilcisi Vak\u0131flar Bakan\u0131 Muhammed Abd\u00fclsettar\u2019\u0131n kat\u0131l\u0131m\u0131yla, ter\u00f6r sald\u0131r\u0131s\u0131nda \u015fehit d\u00fc\u015fen \u015eam ve \u015eam K\u0131rsal\u0131 M\u00fcft\u00fcs\u00fc \u015eeyh Muhammed Adnan el Afyuni&#8217;nin cenaze t\u00f6reni \u015eam\u2019\u0131n Emeviler Camisinde yer al\u0131yor.<\/p>\n","protected":false},"excerpt":{"rendered":"<p>Cumhurba\u015fkan\u0131 Be\u015f\u015far el Esad\u2019\u0131n temsilcisi Vak\u0131flar Bakan\u0131 Muhammed Abd\u00fclsettar\u2019\u0131n kat\u0131l\u0131m\u0131yla, ter\u00f6r sald\u0131r\u0131s\u0131nda \u015fehit d\u00fc\u015fen \u015eam ve \u015eam K\u0131rsal\u0131 M\u00fcft\u00fcs\u00fc \u015eeyh Muhammed Adnan el Afyuni&#8217;nin cenaze t\u00f6reni \u015eam\u2019\u0131n Emeviler Camisinde yer al\u0131yor.<\/p>\n","protected":false},"author":1,"featured_media":0,"comment_status":"closed","ping_status":"closed","sticky":false,"template":"","format":"standard","meta":{"footnotes":""},"categories":[17991],"tags":[],"class_list":["post-220612","post","type-post","status-publish","format-standard","","category-son-dakika"],"_links":{"self":[{"href":"https:\/\/archive.sana.sy\/tr\/index.php?rest_route=\/wp\/v2\/posts\/220612","targetHints":{"allow":["GET"]}}],"collection":[{"href":"https:\/\/archive.sana.sy\/tr\/index.php?rest_route=\/wp\/v2\/posts"}],"about":[{"href":"https:\/\/archive.sana.sy\/tr\/index.php?rest_route=\/wp\/v2\/types\/post"}],"author":[{"embeddable":true,"href":"https:\/\/archive.sana.sy\/tr\/index.php?rest_route=\/wp\/v2\/users\/1"}],"replies":[{"embeddable":true,"href":"https:\/\/archive.sana.sy\/tr\/index.php?rest_route=%2Fwp%2Fv2%2Fcomments&post=220612"}],"version-history":[{"count":0,"href":"https:\/\/archive.sana.sy\/tr\/index.php?rest_route=\/wp\/v2\/posts\/220612\/revisions"}],"wp:attachment":[{"href":"https:\/\/archive.sana.sy\/tr\/index.php?rest_route=%2Fwp%2Fv2%2Fmedia&parent=220612"}],"wp:term":[{"taxonomy":"category","embeddable":true,"href":"https:\/\/archive.sana.sy\/tr\/index.php?rest_route=%2Fwp%2Fv2%2Fcategories&post=220612"},{"taxonomy":"post_tag","embeddable":true,"href":"https:\/\/archive.sana.sy\/tr\/index.php?rest_route=%2Fwp%2Fv2%2Ftags&post=220612"}],"curies":[{"name":"wp","href":"https:\/\/api.w.org\/{rel}","templated":true}]}}