{"id":220614,"date":"2020-10-23T13:39:07","date_gmt":"2020-10-23T10:39:07","guid":{"rendered":"http:\/\/107.6.182.27\/tr\/?p=220614"},"modified":"2020-10-24T16:08:15","modified_gmt":"2020-10-24T13:08:15","slug":"sam-ve-sam-kirsali-muftusu-sehit-seyh-muhammed-adnan-el-afyuni-son-yolculuguna-ugurlaniyor","status":"publish","type":"post","link":"https:\/\/archive.sana.sy\/tr\/?p=220614","title":{"rendered":"\u015eam ve \u015eam K\u0131rsal\u0131 M\u00fcft\u00fcs\u00fc \u015eehit \u015eeyh Muhammed Adnan el Afyuni Son Yolculu\u011funa U\u011furland\u0131 (V\u0130DEO)"},"content":{"rendered":"<p>\u015eAM \u2013 Cumhurba\u015fkan\u0131 Be\u015f\u015far el Esad\u2019\u0131n temsilcisi Vak\u0131flar Bakan\u0131 Muhammed Abd\u00fclsettar\u2019\u0131n kat\u0131l\u0131m\u0131yla, ter\u00f6r sald\u0131r\u0131s\u0131nda \u015fehit d\u00fc\u015fen \u015eam ve \u015eam K\u0131rsal\u0131 M\u00fcft\u00fcs\u00fc \u015eeyh Muhammed Adnan el Afyuni&#8217;nin cenaze t\u00f6reni \u015eam\u2019\u0131n Emeviler Camisinde yer al\u0131yor.<\/p>\n<p>Bakan Abd\u00fclsettar bulundu\u011fu konu\u015fmas\u0131nda, \u201c\u015eehitler bu vatan\u0131n \u015fan\u0131n\u0131 kanlar\u0131 ve canlar\u0131 ile yazd\u0131lar. Cesur Suriye Arap Ordumuzun \u015fehitlerini, \u015fehidin ard\u0131ndan \u015fehidi sunuyoruz. Alimler s\u00f6zlerine ek olarak \u015eehit \u015eeyh Muhammed Said Ramadan el Buti gibi kan veriyorlar.. ve 70\u2019ten fazla Din alimleri, piskoposlar ve H\u0131ristiyan din adamlar\u0131 hepsi hak a\u015fk\u0131na onlardand\u0131\u201d dedi.<\/p>\n<p>\u015eam ve \u015eam K\u0131rsal\u0131 M\u00fcft\u00fcs\u00fc \u015eeyh Muhammed Adnan el Afyuni, \u015eam k\u0131rsal\u0131n\u0131n Kudsaya Semtinde arabas\u0131n\u0131n bombal\u0131 ter\u00f6r eylemi ile hedef al\u0131nmas\u0131 sonucu d\u00fcn \u015fehit oldu.<\/p>\n<p>\u015eeyh el Afyuni, Suriye&#8217;nin ve \u0130slam d\u00fcnyas\u0131n\u0131n en \u00f6nde gelen bilim adamlar\u0131ndan biridir. Vak\u0131flar Bakanl\u0131\u011f\u0131&#8217;nda F\u0131k\u0131h Bilim Konseyi, \u015eam ve \u015eam k\u0131rsal\u0131 m\u00fcft\u00fcs\u00fc ve a\u015f\u0131r\u0131l\u0131\u011fa kar\u015f\u0131 sava\u015fmak i\u00e7in el \u015eam Uluslararas\u0131 \u0130slam Merkezi genel m\u00fcd\u00fcr\u00fcyd\u00fc.<\/p>\n<p>\u00c7eviri: P.M.<\/p>\n<p><iframe loading=\"lazy\" src=\"https:\/\/www.youtube.com\/embed\/OagingoOW3E\" width=\"620\" height=\"348\" frameborder=\"0\" allowfullscreen=\"allowfullscreen\"><\/iframe><\/p>\n<div id='gallery-1' class='gallery galleryid-220614 gallery-columns-1 gallery-size-full'><figure class='gallery-item'>\n\t\t\t<div class='gallery-icon landscape'>\n\t\t\t\t<a href='https:\/\/archive.sana.sy\/tr\/wp-content\/uploads\/2020\/10\/1-473.jpg'><img loading=\"lazy\" decoding=\"async\" width=\"660\" height=\"495\" src=\"https:\/\/archive.sana.sy\/tr\/wp-content\/uploads\/2020\/10\/1-473.jpg\" class=\"attachment-full size-full\" alt=\"\" srcset=\"https:\/\/archive.sana.sy\/tr\/wp-content\/uploads\/2020\/10\/1-473.jpg 660w, https:\/\/archive.sana.sy\/tr\/wp-content\/uploads\/2020\/10\/1-473-300x225.jpg 300w, https:\/\/archive.sana.sy\/tr\/wp-content\/uploads\/2020\/10\/1-473-150x113.jpg 150w\" sizes=\"auto, (max-width: 660px) 100vw, 660px\" \/><\/a>\n\t\t\t<\/div><\/figure><figure class='gallery-item'>\n\t\t\t<div class='gallery-icon landscape'>\n\t\t\t\t<a href='https:\/\/archive.sana.sy\/tr\/wp-content\/uploads\/2020\/10\/2-298.jpg'><img loading=\"lazy\" decoding=\"async\" width=\"660\" height=\"449\" src=\"https:\/\/archive.sana.sy\/tr\/wp-content\/uploads\/2020\/10\/2-298.jpg\" class=\"attachment-full size-full\" alt=\"\" srcset=\"https:\/\/archive.sana.sy\/tr\/wp-content\/uploads\/2020\/10\/2-298.jpg 660w, https:\/\/archive.sana.sy\/tr\/wp-content\/uploads\/2020\/10\/2-298-300x204.jpg 300w, https:\/\/archive.sana.sy\/tr\/wp-content\/uploads\/2020\/10\/2-298-150x102.jpg 150w, https:\/\/archive.sana.sy\/tr\/wp-content\/uploads\/2020\/10\/2-298-110x75.jpg 110w\" sizes=\"auto, (max-width: 660px) 100vw, 660px\" \/><\/a>\n\t\t\t<\/div><\/figure><figure class='gallery-item'>\n\t\t\t<div class='gallery-icon landscape'>\n\t\t\t\t<a href='https:\/\/archive.sana.sy\/tr\/wp-content\/uploads\/2020\/10\/3-247.jpg'><img loading=\"lazy\" decoding=\"async\" width=\"660\" height=\"495\" src=\"https:\/\/archive.sana.sy\/tr\/wp-content\/uploads\/2020\/10\/3-247.jpg\" class=\"attachment-full size-full\" alt=\"\" srcset=\"https:\/\/archive.sana.sy\/tr\/wp-content\/uploads\/2020\/10\/3-247.jpg 660w, https:\/\/archive.sana.sy\/tr\/wp-content\/uploads\/2020\/10\/3-247-300x225.jpg 300w, https:\/\/archive.sana.sy\/tr\/wp-content\/uploads\/2020\/10\/3-247-150x113.jpg 150w\" sizes=\"auto, (max-width: 660px) 100vw, 660px\" \/><\/a>\n\t\t\t<\/div><\/figure><figure class='gallery-item'>\n\t\t\t<div class='gallery-icon landscape'>\n\t\t\t\t<a href='https:\/\/archive.sana.sy\/tr\/wp-content\/uploads\/2020\/10\/4-231.jpg'><img loading=\"lazy\" decoding=\"async\" width=\"660\" height=\"437\" src=\"https:\/\/archive.sana.sy\/tr\/wp-content\/uploads\/2020\/10\/4-231.jpg\" class=\"attachment-full size-full\" alt=\"\" srcset=\"https:\/\/archive.sana.sy\/tr\/wp-content\/uploads\/2020\/10\/4-231.jpg 660w, https:\/\/archive.sana.sy\/tr\/wp-content\/uploads\/2020\/10\/4-231-300x199.jpg 300w, https:\/\/archive.sana.sy\/tr\/wp-content\/uploads\/2020\/10\/4-231-150x99.jpg 150w, https:\/\/archive.sana.sy\/tr\/wp-content\/uploads\/2020\/10\/4-231-310x205.jpg 310w\" sizes=\"auto, (max-width: 660px) 100vw, 660px\" \/><\/a>\n\t\t\t<\/div><\/figure><figure class='gallery-item'>\n\t\t\t<div class='gallery-icon landscape'>\n\t\t\t\t<a href='https:\/\/archive.sana.sy\/tr\/wp-content\/uploads\/2020\/10\/10-140.jpg'><img loading=\"lazy\" decoding=\"async\" width=\"660\" height=\"417\" src=\"https:\/\/archive.sana.sy\/tr\/wp-content\/uploads\/2020\/10\/10-140.jpg\" class=\"attachment-full size-full\" alt=\"\" srcset=\"https:\/\/archive.sana.sy\/tr\/wp-content\/uploads\/2020\/10\/10-140.jpg 660w, https:\/\/archive.sana.sy\/tr\/wp-content\/uploads\/2020\/10\/10-140-300x190.jpg 300w, https:\/\/archive.sana.sy\/tr\/wp-content\/uploads\/2020\/10\/10-140-150x95.jpg 150w\" sizes=\"auto, (max-width: 660px) 100vw, 660px\" \/><\/a>\n\t\t\t<\/div><\/figure><figure class='gallery-item'>\n\t\t\t<div class='gallery-icon landscape'>\n\t\t\t\t<a href='https:\/\/archive.sana.sy\/tr\/wp-content\/uploads\/2020\/10\/11-149.jpg'><img loading=\"lazy\" decoding=\"async\" width=\"660\" height=\"404\" src=\"https:\/\/archive.sana.sy\/tr\/wp-content\/uploads\/2020\/10\/11-149.jpg\" class=\"attachment-full size-full\" alt=\"\" srcset=\"https:\/\/archive.sana.sy\/tr\/wp-content\/uploads\/2020\/10\/11-149.jpg 660w, https:\/\/archive.sana.sy\/tr\/wp-content\/uploads\/2020\/10\/11-149-300x184.jpg 300w, https:\/\/archive.sana.sy\/tr\/wp-content\/uploads\/2020\/10\/11-149-150x92.jpg 150w\" sizes=\"auto, (max-width: 660px) 100vw, 660px\" \/><\/a>\n\t\t\t<\/div><\/figure>\n\t\t<\/div>\n\n","protected":false},"excerpt":{"rendered":"<p>\u015eAM \u2013 Cumhurba\u015fkan\u0131 Be\u015f\u015far el Esad\u2019\u0131n temsilcisi Vak\u0131flar Bakan\u0131 Muhammed Abd\u00fclsettar\u2019\u0131n kat\u0131l\u0131m\u0131yla, ter\u00f6r sald\u0131r\u0131s\u0131nda \u015fehit d\u00fc\u015fen \u015eam ve \u015eam K\u0131rsal\u0131 M\u00fcft\u00fcs\u00fc \u015eeyh Muhammed Adnan el Afyuni&#8217;nin cenaze t\u00f6reni \u015eam\u2019\u0131n Emeviler Camisinde yer al\u0131yor. Bakan Abd\u00fclsettar bulundu\u011fu konu\u015fmas\u0131nda, \u201c\u015eehitler bu vatan\u0131n \u015fan\u0131n\u0131 kanlar\u0131 ve canlar\u0131 ile yazd\u0131lar. Cesur Suriye Arap Ordumuzun \u015fehitlerini, \u015fehidin ard\u0131ndan \u015fehidi sunuyoruz. &hellip;<\/p>\n","protected":false},"author":1,"featured_media":220637,"comment_status":"closed","ping_status":"closed","sticky":false,"template":"","format":"standard","meta":{"footnotes":""},"categories":[596,479,17988,478],"tags":[],"class_list":["post-220614","post","type-post","status-publish","format-standard","has-post-thumbnail","","category-fotografli-raporlar","category-haberler-yerel","category-son-haberler","category-yerel"],"_links":{"self":[{"href":"https:\/\/archive.sana.sy\/tr\/index.php?rest_route=\/wp\/v2\/posts\/220614","targetHints":{"allow":["GET"]}}],"collection":[{"href":"https:\/\/archive.sana.sy\/tr\/index.php?rest_route=\/wp\/v2\/posts"}],"about":[{"href":"https:\/\/archive.sana.sy\/tr\/index.php?rest_route=\/wp\/v2\/types\/post"}],"author":[{"embeddable":true,"href":"https:\/\/archive.sana.sy\/tr\/index.php?rest_route=\/wp\/v2\/users\/1"}],"replies":[{"embeddable":true,"href":"https:\/\/archive.sana.sy\/tr\/index.php?rest_route=%2Fwp%2Fv2%2Fcomments&post=220614"}],"version-history":[{"count":0,"href":"https:\/\/archive.sana.sy\/tr\/index.php?rest_route=\/wp\/v2\/posts\/220614\/revisions"}],"wp:featuredmedia":[{"embeddable":true,"href":"https:\/\/archive.sana.sy\/tr\/index.php?rest_route=\/wp\/v2\/media\/220637"}],"wp:attachment":[{"href":"https:\/\/archive.sana.sy\/tr\/index.php?rest_route=%2Fwp%2Fv2%2Fmedia&parent=220614"}],"wp:term":[{"taxonomy":"category","embeddable":true,"href":"https:\/\/archive.sana.sy\/tr\/index.php?rest_route=%2Fwp%2Fv2%2Fcategories&post=220614"},{"taxonomy":"post_tag","embeddable":true,"href":"https:\/\/archive.sana.sy\/tr\/index.php?rest_route=%2Fwp%2Fv2%2Ftags&post=220614"}],"curies":[{"name":"wp","href":"https:\/\/api.w.org\/{rel}","templated":true}]}}