{"id":22073,"date":"2015-01-28T09:59:16","date_gmt":"2015-01-28T07:59:16","guid":{"rendered":"http:\/\/www.sana.sy\/tr\/?p=22073"},"modified":"2015-01-28T09:59:16","modified_gmt":"2015-01-28T07:59:16","slug":"gurbetci-genclerimiz-gonullu-calismada-onurlu-bir-misal-oldular","status":"publish","type":"post","link":"https:\/\/archive.sana.sy\/tr\/?p=22073","title":{"rendered":"Gurbet\u00e7i Gen\u00e7lerimiz G\u00f6n\u00fcll\u00fc \u00c7al\u0131\u015fmada Onurlu Bir Misal Oldular"},"content":{"rendered":"<p>MOSKOVA \u2013 D\u00fcnyan\u0131n farkl\u0131 \u00fclkelerinde ya\u015fayan gurbet\u00e7ilerimizin t\u00fcm\u00fc anavatanlar\u0131nda ya\u015fanmakta olan krizin ilk g\u00fcnlerinden bu yana d\u00fczenledikleri faaliyetlerde g\u00f6n\u00fcll\u00fc \u00e7al\u0131\u015fma ve vatan u\u011fruna direni\u015f \u00e7er\u00e7evesinde onurlu bir misal te\u015fkil ettiler.<\/p>\n<p>Anavatanlar\u0131nda ya\u015fanan olaylar\u0131n ger\u00e7ek bir \u015fekilde d\u00fcnya kamuoyuna aktar\u0131lmas\u0131 i\u00e7in d\u00fczenledikleri faaliyetlerle s\u00fcrekli g\u00fcndemde yer alan gurbet\u00e7i gen\u00e7lerimiz yeri geldi sokaklarda ter\u00f6r\u00fc lanetlediler yeri geldi anavatanlar\u0131na d\u00fczenlenen evrensel sald\u0131r\u0131n\u0131n arkas\u0131nda bulunan devletlerin b\u00fcy\u00fckel\u00e7ilikleri \u00f6n\u00fcnde protestolar d\u00fczenlediler.<\/p>\n<p>Ellerinde vatan bayraklar\u0131 ve devlet ba\u015fkanlar\u0131n\u0131n foto\u011fraflar\u0131yla bir\u00e7ok \u00fclkenin ba\u015fkentlerinde ve bulunduklar\u0131 b\u00fct\u00fcn b\u00f6lgelerde sokaklar\u0131 ar\u015f\u0131nlayan gurbet\u00e7i gen\u00e7lerimiz \u00fclkemizde ya\u015fanan olaylarla ilgili haz\u0131rlanan dezenformasyon ve karalama kampanyalar\u0131n\u0131n kabusu haline geldiler.<\/p>\n<p>Moskova Suriyeli Gen\u00e7lik Kul\u00fcb\u00fc \u00dcyelerinden Mman el \u015eehabi SANA gen\u00e7lik b\u00fcltenine verdi\u011fi r\u00f6portajda, kul\u00fcb\u00fcn \u00e7al\u0131\u015fmalar\u0131na ili\u015fkin bilgi vererek i\u015f ya da \u00f6\u011fretimlerini s\u00fcrd\u00fcrmek amac\u0131yla vatan topraklar\u0131 d\u0131\u015f\u0131nda bulunman\u0131n vatan savunmas\u0131 yapman\u0131n \u00f6n\u00fcnde engel te\u015fkil etmeyece\u011fini vurgulad\u0131.<\/p>\n<p>Suriye&#8217;yi hedef alan vah\u015fi sald\u0131r\u0131lar\u0131 destekleyen dezenformasyon ve karalama politikalar\u0131n\u0131 te\u015fhir etmenin vatan savunmas\u0131nda \u00f6nemli bir rol\u00fc bulundu\u011funa de\u011finen \u015eehabi; vatan topraklar\u0131ndan ne kadar uzakta olursa olsun bir insan\u0131n vatan\u0131na duyaca\u011f\u0131 ba\u011fl\u0131l\u0131k ve vefan\u0131n hi\u00e7bir \u015fekilde eksilmeyece\u011fine dikkat \u00e7ekti.<\/p>\n<p>\u00dcyesi oldu\u011fu Kul\u00fcb\u00fcn; anavatan Suriye&#8217;yi ve orada ya\u015fayan karde\u015flerini destekleme ama\u00e7l\u0131 y\u00fcr\u00fcy\u00fc\u015fler, anavatan\u0131 hedef alan sald\u0131r\u0131lar\u0131 protesto ama\u00e7l\u0131 g\u00f6steriler ve kriz s\u00fcresince vatan\u0131 ve halk\u0131 ter\u00f6re kar\u015f\u0131 savunmada destanlar yazan kahraman ordumuzu destekleme ama\u00e7l\u0131 etkinlikler gibi faaliyetleri bulundu\u011funu ifade eden \u015eehabi; kriz \u00f6ncesinde yurtd\u0131\u015f\u0131nda ya\u015fayan gurbet\u00e7ilerin Suriye&#8217;nin uygarl\u0131k tarihini ve turistik alanlar\u0131n\u0131 tan\u0131tma ama\u00e7l\u0131 faaliyetlerde bulundu\u011funu hat\u0131rlatt\u0131.<\/p>\n<p>Anavatanda ya\u015fanmakta olan kriz \u00f6ncesinde ve kriz s\u00fcresince her zaman ulusal de\u011fer ve politiklar\u0131 benimsediklerini ve desteklediklerini ibraz eden \u015eehabi; yeniden yap\u0131lanma s\u00fcrecini de yak\u0131ndan takip ederek gen\u00e7li\u011fin; birlik, beraberlik, b\u00fct\u00fcnl\u00fck i\u00e7erisinde g\u00fc\u00e7l\u00fc bir Suriye i\u00e7in gerekli b\u00fct\u00fcn \u00e7abalar\u0131 harcamaya haz\u0131r oldu\u011funun alt\u0131n\u0131 \u00e7izdi.<\/p>\n<p>F.B. &#8211; R.H.<\/p>\n","protected":false},"excerpt":{"rendered":"<p>MOSKOVA \u2013 D\u00fcnyan\u0131n farkl\u0131 \u00fclkelerinde ya\u015fayan gurbet\u00e7ilerimizin t\u00fcm\u00fc anavatanlar\u0131nda ya\u015fanmakta olan krizin ilk g\u00fcnlerinden bu yana d\u00fczenledikleri faaliyetlerde g\u00f6n\u00fcll\u00fc \u00e7al\u0131\u015fma ve vatan u\u011fruna direni\u015f \u00e7er\u00e7evesinde onurlu bir misal te\u015fkil ettiler. Anavatanlar\u0131nda ya\u015fanan olaylar\u0131n ger\u00e7ek bir \u015fekilde d\u00fcnya kamuoyuna aktar\u0131lmas\u0131 i\u00e7in d\u00fczenledikleri faaliyetlerle s\u00fcrekli g\u00fcndemde yer alan gurbet\u00e7i gen\u00e7lerimiz yeri geldi sokaklarda ter\u00f6r\u00fc lanetlediler yeri geldi &hellip;<\/p>\n","protected":false},"author":1,"featured_media":22074,"comment_status":"closed","ping_status":"closed","sticky":false,"template":"","format":"standard","meta":{"footnotes":""},"categories":[1],"tags":[10751,10752,10753,10749,10750],"class_list":["post-22073","post","type-post","status-publish","format-standard","has-post-thumbnail","","category-news-not-sorted","tag-anavatani-hedef-alan-saldirilari-protesto-amacli-gosteriler-ve-kriz-suresince-vatani-ve-halki-terore-karsi-savunmada-destanlar-yazan-kahraman-ordumuzu-destekleme-amacli-etkinlikler-gibi-faaliyetleri-b","tag-beraberlik","tag-butunluk-icerisinde-guclu-bir-suriye-icin-gerekli-butun-cabalari-harcamaya-hazir-oldugunun-altini-cizdi","tag-gurbetci-genclerimiz-gonullu-calismada-onurlu-bir-misal-oldular-moskova-dunyanin-farkli-ulkelerinde-yasayan-gurbetcilerimizin-tumu-anavatanlarinda-yasanmakta-olan-krizin-ilk-gunlerinden-bu-y","tag-kulubun-calismalarina-iliskin-bilgi-vererek-is-ya-da-ogretimlerini-surdurmek-amaciyla-vatan-topraklari-disinda-bulunmanin-vatan-savunmasi-yapmanin-onunde-engel-teskil-etmeyecegini-vurguladi-suriyeyi"],"_links":{"self":[{"href":"https:\/\/archive.sana.sy\/tr\/index.php?rest_route=\/wp\/v2\/posts\/22073","targetHints":{"allow":["GET"]}}],"collection":[{"href":"https:\/\/archive.sana.sy\/tr\/index.php?rest_route=\/wp\/v2\/posts"}],"about":[{"href":"https:\/\/archive.sana.sy\/tr\/index.php?rest_route=\/wp\/v2\/types\/post"}],"author":[{"embeddable":true,"href":"https:\/\/archive.sana.sy\/tr\/index.php?rest_route=\/wp\/v2\/users\/1"}],"replies":[{"embeddable":true,"href":"https:\/\/archive.sana.sy\/tr\/index.php?rest_route=%2Fwp%2Fv2%2Fcomments&post=22073"}],"version-history":[{"count":0,"href":"https:\/\/archive.sana.sy\/tr\/index.php?rest_route=\/wp\/v2\/posts\/22073\/revisions"}],"wp:featuredmedia":[{"embeddable":true,"href":"https:\/\/archive.sana.sy\/tr\/index.php?rest_route=\/wp\/v2\/media\/22074"}],"wp:attachment":[{"href":"https:\/\/archive.sana.sy\/tr\/index.php?rest_route=%2Fwp%2Fv2%2Fmedia&parent=22073"}],"wp:term":[{"taxonomy":"category","embeddable":true,"href":"https:\/\/archive.sana.sy\/tr\/index.php?rest_route=%2Fwp%2Fv2%2Fcategories&post=22073"},{"taxonomy":"post_tag","embeddable":true,"href":"https:\/\/archive.sana.sy\/tr\/index.php?rest_route=%2Fwp%2Fv2%2Ftags&post=22073"}],"curies":[{"name":"wp","href":"https:\/\/api.w.org\/{rel}","templated":true}]}}