{"id":220763,"date":"2020-10-25T12:33:14","date_gmt":"2020-10-25T09:33:14","guid":{"rendered":"http:\/\/107.6.182.27\/tr\/?p=220763"},"modified":"2020-10-26T16:00:56","modified_gmt":"2020-10-26T13:00:56","slug":"persembe-gunu-kis-saati-uygulamasina-geciliyor","status":"publish","type":"post","link":"https:\/\/archive.sana.sy\/tr\/?p=220763","title":{"rendered":"Per\u015fembe G\u00fcn\u00fc K\u0131\u015f Saati Uygulamas\u0131na Ge\u00e7iliyor"},"content":{"rendered":"<p>\u015eAM \u2013 Bakanlar Kurulu Ba\u015fkanl\u0131\u011f\u0131, 30 Ekim Per\u015fembe g\u00fcn\u00fcne denk gelen Cuma g\u00fcn\u00fc sabah\u0131ndan ba\u015flayarak k\u0131\u015f saati uygulamas\u0131na ge\u00e7ilece\u011fini ilan etti.<\/p>\n<p>Saatler per\u015fembe g\u00fcn\u00fc gece yar\u0131s\u0131 24:00\u2019da 60 dakika \u00a0geriye al\u0131nacakt\u0131r.<\/p>\n","protected":false},"excerpt":{"rendered":"<p>\u015eAM \u2013 Bakanlar Kurulu Ba\u015fkanl\u0131\u011f\u0131, 30 Ekim Per\u015fembe g\u00fcn\u00fcne denk gelen Cuma g\u00fcn\u00fc sabah\u0131ndan ba\u015flayarak k\u0131\u015f saati uygulamas\u0131na ge\u00e7ilece\u011fini ilan etti. Saatler per\u015fembe g\u00fcn\u00fc gece yar\u0131s\u0131 24:00\u2019da 60 dakika \u00a0geriye al\u0131nacakt\u0131r.<\/p>\n","protected":false},"author":36,"featured_media":220764,"comment_status":"closed","ping_status":"closed","sticky":false,"template":"","format":"standard","meta":{"footnotes":""},"categories":[526,479,525,478],"tags":[],"class_list":["post-220763","post","type-post","status-publish","format-standard","has-post-thumbnail","","category-haber-ve-raporlar","category-haberler-yerel","category-toplum","category-yerel"],"_links":{"self":[{"href":"https:\/\/archive.sana.sy\/tr\/index.php?rest_route=\/wp\/v2\/posts\/220763","targetHints":{"allow":["GET"]}}],"collection":[{"href":"https:\/\/archive.sana.sy\/tr\/index.php?rest_route=\/wp\/v2\/posts"}],"about":[{"href":"https:\/\/archive.sana.sy\/tr\/index.php?rest_route=\/wp\/v2\/types\/post"}],"author":[{"embeddable":true,"href":"https:\/\/archive.sana.sy\/tr\/index.php?rest_route=\/wp\/v2\/users\/36"}],"replies":[{"embeddable":true,"href":"https:\/\/archive.sana.sy\/tr\/index.php?rest_route=%2Fwp%2Fv2%2Fcomments&post=220763"}],"version-history":[{"count":0,"href":"https:\/\/archive.sana.sy\/tr\/index.php?rest_route=\/wp\/v2\/posts\/220763\/revisions"}],"wp:featuredmedia":[{"embeddable":true,"href":"https:\/\/archive.sana.sy\/tr\/index.php?rest_route=\/wp\/v2\/media\/220764"}],"wp:attachment":[{"href":"https:\/\/archive.sana.sy\/tr\/index.php?rest_route=%2Fwp%2Fv2%2Fmedia&parent=220763"}],"wp:term":[{"taxonomy":"category","embeddable":true,"href":"https:\/\/archive.sana.sy\/tr\/index.php?rest_route=%2Fwp%2Fv2%2Fcategories&post=220763"},{"taxonomy":"post_tag","embeddable":true,"href":"https:\/\/archive.sana.sy\/tr\/index.php?rest_route=%2Fwp%2Fv2%2Ftags&post=220763"}],"curies":[{"name":"wp","href":"https:\/\/api.w.org\/{rel}","templated":true}]}}