{"id":220766,"date":"2020-10-25T18:26:38","date_gmt":"2020-10-25T15:26:38","guid":{"rendered":"http:\/\/107.6.182.27\/tr\/?p=220766"},"modified":"2020-10-26T16:02:12","modified_gmt":"2020-10-26T13:02:12","slug":"ermenistan-turk-ozel-kuvvetlerinin-daglik-karabag-bolgesindeki-savaslara-katildigina-dair-kesin-kanitlarimiz-var","status":"publish","type":"post","link":"https:\/\/archive.sana.sy\/tr\/?p=220766","title":{"rendered":"Ermenistan: T\u00fcrk \u00d6zel Kuvvetlerinin Da\u011fl\u0131k Karaba\u011f B\u00f6lgesindeki Sava\u015flara Kat\u0131ld\u0131\u011f\u0131na Dair Kesin Kan\u0131tlar\u0131m\u0131z Var"},"content":{"rendered":"<p style=\"text-align: justify;\">ER\u0130VAN &#8211; Ermenistan Cumhuriyet Savc\u0131l\u0131\u011f\u0131 bug\u00fcn, T\u00fcrk rejimi ordusu \u00f6zel kuvvetlerinden unsurlar\u0131n\u0131n Da\u011fl\u0131k Karaba\u011f b\u00f6lgesindeki \u00e7at\u0131\u015fmalara kat\u0131ld\u0131\u011f\u0131n\u0131 kan\u0131tlayan kesin kan\u0131tlara sahip oldu\u011funu belirtti.<\/p>\n<p style=\"text-align: justify;\">Rusya Today internet sitesi, Ermenistan Cumhuriyet Ba\u015fsavc\u0131l\u0131\u011f\u0131 bas\u0131n b\u00fcrosunun &#8220;Karaba\u011f\u2019daki \u00e7at\u0131\u015fmalara \u00f6zel T\u00fcrk kuvvetleri unsurlar\u0131n\u0131n do\u011frudan kat\u0131ld\u0131\u011f\u0131n\u0131&#8221; s\u00f6yledi\u011fini aktar\u0131rken, Cumhuriyet Savc\u0131l\u0131\u011f\u0131n\u0131n bu y\u0131l\u0131n A\u011fustos ay\u0131ndan bu yana T\u00fcrk Silahl\u0131 Kuvvetlerine tabi \u00d6zel Kuvvet mensuplar\u0131n\u0131n Azerbaycan ordusunu e\u011fitti\u011fine dair kesin kan\u0131tlar elde etti\u011fini s\u00f6yledi.<\/p>\n<p style=\"text-align: justify;\">Ermenistan Cumhurba\u015fkan\u0131 Armen Sarkisian da ge\u00e7en Per\u015fembe g\u00fcn\u00fc, T\u00fcrk rejiminin Da\u011fl\u0131k Karaba\u011f&#8217;daki ihtilafa do\u011frudan kar\u0131\u015ft\u0131\u011f\u0131n\u0131 belirtmi\u015fti.<\/p>\n","protected":false},"excerpt":{"rendered":"<p>ER\u0130VAN &#8211; Ermenistan Cumhuriyet Savc\u0131l\u0131\u011f\u0131 bug\u00fcn, T\u00fcrk rejimi ordusu \u00f6zel kuvvetlerinden unsurlar\u0131n\u0131n Da\u011fl\u0131k Karaba\u011f b\u00f6lgesindeki \u00e7at\u0131\u015fmalara kat\u0131ld\u0131\u011f\u0131n\u0131 kan\u0131tlayan kesin kan\u0131tlara sahip oldu\u011funu belirtti. Rusya Today internet sitesi, Ermenistan Cumhuriyet Ba\u015fsavc\u0131l\u0131\u011f\u0131 bas\u0131n b\u00fcrosunun &#8220;Karaba\u011f\u2019daki \u00e7at\u0131\u015fmalara \u00f6zel T\u00fcrk kuvvetleri unsurlar\u0131n\u0131n do\u011frudan kat\u0131ld\u0131\u011f\u0131n\u0131&#8221; s\u00f6yledi\u011fini aktar\u0131rken, Cumhuriyet Savc\u0131l\u0131\u011f\u0131n\u0131n bu y\u0131l\u0131n A\u011fustos ay\u0131ndan bu yana T\u00fcrk Silahl\u0131 Kuvvetlerine tabi \u00d6zel &hellip;<\/p>\n","protected":false},"author":1,"featured_media":220767,"comment_status":"closed","ping_status":"closed","sticky":false,"template":"","format":"standard","meta":{"footnotes":""},"categories":[458,459,17988],"tags":[],"class_list":["post-220766","post","type-post","status-publish","format-standard","has-post-thumbnail","","category-dunya1","category-haberler-arap-uluslararasi-politika","category-son-haberler"],"_links":{"self":[{"href":"https:\/\/archive.sana.sy\/tr\/index.php?rest_route=\/wp\/v2\/posts\/220766","targetHints":{"allow":["GET"]}}],"collection":[{"href":"https:\/\/archive.sana.sy\/tr\/index.php?rest_route=\/wp\/v2\/posts"}],"about":[{"href":"https:\/\/archive.sana.sy\/tr\/index.php?rest_route=\/wp\/v2\/types\/post"}],"author":[{"embeddable":true,"href":"https:\/\/archive.sana.sy\/tr\/index.php?rest_route=\/wp\/v2\/users\/1"}],"replies":[{"embeddable":true,"href":"https:\/\/archive.sana.sy\/tr\/index.php?rest_route=%2Fwp%2Fv2%2Fcomments&post=220766"}],"version-history":[{"count":0,"href":"https:\/\/archive.sana.sy\/tr\/index.php?rest_route=\/wp\/v2\/posts\/220766\/revisions"}],"wp:featuredmedia":[{"embeddable":true,"href":"https:\/\/archive.sana.sy\/tr\/index.php?rest_route=\/wp\/v2\/media\/220767"}],"wp:attachment":[{"href":"https:\/\/archive.sana.sy\/tr\/index.php?rest_route=%2Fwp%2Fv2%2Fmedia&parent=220766"}],"wp:term":[{"taxonomy":"category","embeddable":true,"href":"https:\/\/archive.sana.sy\/tr\/index.php?rest_route=%2Fwp%2Fv2%2Fcategories&post=220766"},{"taxonomy":"post_tag","embeddable":true,"href":"https:\/\/archive.sana.sy\/tr\/index.php?rest_route=%2Fwp%2Fv2%2Ftags&post=220766"}],"curies":[{"name":"wp","href":"https:\/\/api.w.org\/{rel}","templated":true}]}}