{"id":22077,"date":"2015-01-28T10:17:47","date_gmt":"2015-01-28T08:17:47","guid":{"rendered":"http:\/\/www.sana.sy\/tr\/?p=22077"},"modified":"2015-01-28T10:17:47","modified_gmt":"2015-01-28T08:17:47","slug":"caferi-suriye-hukumetinin-krizin-basindan-beri-vatandaslari-ve-vatanin-korunmasi-icin-gerekli-butun-cabayi-sarfettigini-butun-herkes-ile-diyaloga-acik-oldugunu-anayasal-sorumluluklarini-yerine-geti","status":"publish","type":"post","link":"https:\/\/archive.sana.sy\/tr\/?p=22077","title":{"rendered":"Caferi, Suriye h\u00fck\u00fcmetinin krizin ba\u015f\u0131ndan beri vatanda\u015flar\u0131 ve vatan\u0131n korunmas\u0131 i\u00e7in gerekli b\u00fct\u00fcn \u00e7abay\u0131 sarfetti\u011fini, b\u00fct\u00fcn herkes ile diyaloga a\u00e7\u0131k oldu\u011funu, anayasal sorumluluklar\u0131n\u0131 yerine getirerek, aralar\u0131nda siyasi hayat\u0131 \u00e7izen ve \u00e7ok partilili\u011fi garanti alt\u0131na alan partilerin kurulmas\u0131na izin veren partiler kanununun bulundu\u011fu bir \u00e7ok yasama ve kanunlar\u0131 \u00e7\u0131kar\u0131p yeniden d\u00fczenledi\u011fini s\u00f6yledi."},"content":{"rendered":"<p>Caferi, Suriye h\u00fck\u00fcmetinin krizin ba\u015f\u0131ndan beri vatanda\u015flar\u0131 ve vatan\u0131n korunmas\u0131 i\u00e7in gerekli b\u00fct\u00fcn \u00e7abay\u0131 sarfetti\u011fini, b\u00fct\u00fcn herkes ile diyaloga a\u00e7\u0131k oldu\u011funu, anayasal sorumluluklar\u0131n\u0131 yerine getirerek, aralar\u0131nda siyasi hayat\u0131 \u00e7izen ve \u00e7ok partilili\u011fi garanti alt\u0131na alan partilerin kurulmas\u0131na izin veren partiler kanununun bulundu\u011fu bir \u00e7ok yasama ve kanunlar\u0131 \u00e7\u0131kar\u0131p yeniden d\u00fczenledi\u011fini s\u00f6yledi.<\/p>\n","protected":false},"excerpt":{"rendered":"<p>Caferi, Suriye h\u00fck\u00fcmetinin krizin ba\u015f\u0131ndan beri vatanda\u015flar\u0131 ve vatan\u0131n korunmas\u0131 i\u00e7in gerekli b\u00fct\u00fcn \u00e7abay\u0131 sarfetti\u011fini, b\u00fct\u00fcn herkes ile diyaloga a\u00e7\u0131k oldu\u011funu, anayasal sorumluluklar\u0131n\u0131 yerine getirerek, aralar\u0131nda siyasi hayat\u0131 \u00e7izen ve \u00e7ok partilili\u011fi garanti alt\u0131na alan partilerin kurulmas\u0131na izin veren partiler kanununun bulundu\u011fu bir \u00e7ok yasama ve kanunlar\u0131 \u00e7\u0131kar\u0131p yeniden d\u00fczenledi\u011fini s\u00f6yledi.<\/p>\n","protected":false},"author":1,"featured_media":0,"comment_status":"closed","ping_status":"closed","sticky":false,"template":"","format":"standard","meta":{"footnotes":""},"categories":[1],"tags":[10756,10757,10755,5735,10754],"class_list":["post-22077","post","type-post","status-publish","format-standard","","category-news-not-sorted","tag-anayasal-sorumluluklarini-yerine-getirerek","tag-aralarinda-siyasi-hayati-cizen-ve-cok-partililigi-garanti-altina-alan-partilerin-kurulmasina-izin-veren-partiler-kanununun-bulundugu-bir-cok-yasama-ve-kanunlari-cikarip-yeniden-duzenledigini-soyledi","tag-butun-herkes-ile-diyaloga-acik-oldugunu","tag-caferi","tag-suriye-hukumetinin-krizin-basindan-beri-vatandaslari-ve-vatanin-korunmasi-icin-gerekli-butun-cabayi-sarfettigini"],"_links":{"self":[{"href":"https:\/\/archive.sana.sy\/tr\/index.php?rest_route=\/wp\/v2\/posts\/22077","targetHints":{"allow":["GET"]}}],"collection":[{"href":"https:\/\/archive.sana.sy\/tr\/index.php?rest_route=\/wp\/v2\/posts"}],"about":[{"href":"https:\/\/archive.sana.sy\/tr\/index.php?rest_route=\/wp\/v2\/types\/post"}],"author":[{"embeddable":true,"href":"https:\/\/archive.sana.sy\/tr\/index.php?rest_route=\/wp\/v2\/users\/1"}],"replies":[{"embeddable":true,"href":"https:\/\/archive.sana.sy\/tr\/index.php?rest_route=%2Fwp%2Fv2%2Fcomments&post=22077"}],"version-history":[{"count":0,"href":"https:\/\/archive.sana.sy\/tr\/index.php?rest_route=\/wp\/v2\/posts\/22077\/revisions"}],"wp:attachment":[{"href":"https:\/\/archive.sana.sy\/tr\/index.php?rest_route=%2Fwp%2Fv2%2Fmedia&parent=22077"}],"wp:term":[{"taxonomy":"category","embeddable":true,"href":"https:\/\/archive.sana.sy\/tr\/index.php?rest_route=%2Fwp%2Fv2%2Fcategories&post=22077"},{"taxonomy":"post_tag","embeddable":true,"href":"https:\/\/archive.sana.sy\/tr\/index.php?rest_route=%2Fwp%2Fv2%2Ftags&post=22077"}],"curies":[{"name":"wp","href":"https:\/\/api.w.org\/{rel}","templated":true}]}}