{"id":220778,"date":"2020-10-25T22:23:15","date_gmt":"2020-10-25T19:23:15","guid":{"rendered":"http:\/\/107.6.182.27\/tr\/?p=220778"},"modified":"2020-10-26T16:02:43","modified_gmt":"2020-10-26T13:02:43","slug":"saglik-bakanligi-dsoden-3-ambulans-5-de-mobil-klinik-araci-teslim-aldi","status":"publish","type":"post","link":"https:\/\/archive.sana.sy\/tr\/?p=220778","title":{"rendered":"Sa\u011fl\u0131k Bakanl\u0131\u011f\u0131 DS\u00d6&#8217;den 3 Ambulans, 5 De Mobil Klinik Arac\u0131 Teslim Ald\u0131"},"content":{"rendered":"<p>\u015eAM &#8211; Sa\u011fl\u0131k Bakanl\u0131\u011f\u0131, Bat\u0131&#8217;n\u0131n Suriye&#8217;deki sa\u011fl\u0131k sekt\u00f6r\u00fcne y\u00f6nelik tek tarafl\u0131 zorlay\u0131c\u0131 yapt\u0131r\u0131mlar\u0131n getirdi\u011fi zorluklar \u0131\u015f\u0131\u011f\u0131nda, sa\u011fl\u0131k hizmetleri ve ambulans sistemini desteklemek i\u00e7in D\u00fcnya Sa\u011fl\u0131k \u00d6rg\u00fct\u00fc&#8217;nden \u00fc\u00e7 ambulans ve be\u015f mobil klinik ald\u0131.<\/p>\n<p>Yard\u0131mlar\u0131n al\u0131nmas\u0131 ard\u0131ndan gazetecilere yapt\u0131\u011f\u0131 a\u00e7\u0131klamada, Sa\u011fl\u0131k Bakan\u0131 Dr. Hasan El \u011eabba\u015f, sunulan yard\u0131mlar\u0131n, ge\u00e7ti\u011fimiz y\u0131llarda b\u00fcy\u00fck bir k\u0131sm\u0131 ter\u00f6rizm sonucunda tahrip olan Suriye ambulans sistemine gelecekte de destek sa\u011flanmas\u0131na katk\u0131da bulunacak ve D\u00fcnya Sa\u011fl\u0131k \u00d6rg\u00fct\u00fc ile bu sistemi desteklemek, canland\u0131rmak ve eksikli\u011fin giderilmesi i\u00e7in bir protokol imzaland\u0131\u011f\u0131n\u0131 a\u00e7\u0131klad\u0131.<\/p>\n<p>Dr. El \u011eabba\u015f, Acil Durum ve Haz\u0131rl\u0131k M\u00fcd\u00fcrl\u00fc\u011f\u00fc&#8217;n\u00fcn \u00fccra ve uzak yerlerde kullan\u0131lmak \u00fczere olu\u015fturdu\u011fu bir program olarak bakanl\u0131\u011f\u0131n ihtiya\u00e7lara g\u00f6re ayarlad\u0131\u011f\u0131 ve yard\u0131m\u0131 vatanda\u015fa en iyi \u015fekilde yat\u0131rmaya \u00e7al\u0131\u015ft\u0131\u011f\u0131 bir programa sahip oldu\u011funu, bunun faydas\u0131n\u0131n t\u0131bbi personelin i\u00e7inde bulunmas\u0131 ve ihtiyaca g\u00f6re kullanmas\u0131 oldu\u011funu ve bununla ilgilenecek donan\u0131ma sahip oldu\u011funu belirtti.<\/p>\n<p>Sa\u011fl\u0131k Bakan\u0131, D\u00fcnya Sa\u011fl\u0131k \u00d6rg\u00fct\u00fc&#8217;n\u00fcn Suriye&#8217;deki sa\u011fl\u0131k sekt\u00f6r\u00fcne s\u00fcrekli destek ve yard\u0131m sa\u011flanmas\u0131na, Bakanl\u0131k ile koordinasyona, \u00e7e\u015fitli gruplardan sa\u011fl\u0131k \u00e7al\u0131\u015fanlar\u0131n\u0131n teknik destek, yeterlilik ve becerilerinin geli\u015ftirilmesi veya ekipman ve mekanizmalar i\u00e7in mali destek konular\u0131nda katk\u0131s\u0131n\u0131 hat\u0131rlatt\u0131.<\/p>\n<p>D\u00fcnya Sa\u011fl\u0131k \u00d6rg\u00fct\u00fc B\u00f6lge Direkt\u00f6r\u00fc Dr.Ahmed El Manzari benzer bir a\u00e7\u0131klamada, ziyaretin Suriye&#8217;de ihtiya\u00e7 duyulan zorluklar\u0131 ve ihtiya\u00e7lar\u0131 do\u011frudan tespit etmeyi ama\u00e7lad\u0131\u011f\u0131n\u0131 belirterek, bug\u00fcn acil servisler alan\u0131nda sa\u011fl\u0131k sisteminin ihtiya\u00e7lar\u0131n\u0131n Covid 19 salg\u0131n\u0131 veya Suriye vatanda\u015f\u0131n\u0131n genel olarak ihtiya\u00e7 duydu\u011fu di\u011fer hizmetleri ile ba\u015fa \u00e7\u0131kma anlam\u0131nda kar\u015f\u0131lanmas\u0131 i\u00e7in yard\u0131m sa\u011fland\u0131\u011f\u0131n\u0131 belirtti.<\/p>\n<p>Dr. El Manzari, \u00f6rg\u00fct\u00fcn Suriye&#8217;de Sa\u011fl\u0131k Bakanl\u0131\u011f\u0131 ve ilgili makamlarla s\u00fcrekli daha fazla i\u015fbirli\u011fi aray\u0131\u015f\u0131nda oldu\u011funu vurgulayarak, Suriye&#8217;de son d\u00f6nemde bir\u00e7ok zorluk ve malzeme s\u0131k\u0131nt\u0131s\u0131na maruz kalan m\u00fcdahale ve acil durum program\u0131n\u0131 g\u00fc\u00e7lendirmek i\u00e7in \u00f6rg\u00fct\u00fcn sa\u011flad\u0131\u011f\u0131 deste\u011fin y\u00f6nlerinin ele al\u0131nd\u0131\u011f\u0131n\u0131 dile getirdi.<\/p>\n<p>D\u00fcnya Sa\u011fl\u0131k \u00d6rg\u00fct\u00fc&#8217;n\u00fcn Suriye&#8217;deki temsilcisi Dr.Akcemal Maktumova, kurulu\u015fun sa\u011fl\u0131k ihtiya\u00e7lar\u0131na cevap vermek ve ortak i\u015fbirli\u011fi i\u00e7in uzun y\u0131llard\u0131r Sa\u011fl\u0131k Bakanl\u0131\u011f\u0131 ile yak\u0131n bir \u015fekilde \u00e7al\u0131\u015ft\u0131\u011f\u0131n\u0131 belirterek, bug\u00fcn sa\u011flanan yard\u0131m\u0131n Suriye&#8217;deki ambulans sisteminin g\u00fc\u00e7lendirilmesine y\u00f6nelik yard\u0131m\u0131n bir par\u00e7as\u0131 oldu\u011funu a\u00e7\u0131klad\u0131.<\/p>\n<p>Maktumova, Suriye&#8217;ye y\u00f6nelik sava\u015f\u0131n ba\u015flang\u0131c\u0131ndan bu yana, 30&#8217;dan fazla gezici sa\u011fl\u0131k klini\u011fine ek olarak 69 ambulans arac\u0131n\u0131n sa\u011fland\u0131\u011f\u0131na i\u015faret\u00a0 etti.<\/p>\n","protected":false},"excerpt":{"rendered":"<p>\u015eAM &#8211; Sa\u011fl\u0131k Bakanl\u0131\u011f\u0131, Bat\u0131&#8217;n\u0131n Suriye&#8217;deki sa\u011fl\u0131k sekt\u00f6r\u00fcne y\u00f6nelik tek tarafl\u0131 zorlay\u0131c\u0131 yapt\u0131r\u0131mlar\u0131n getirdi\u011fi zorluklar \u0131\u015f\u0131\u011f\u0131nda, sa\u011fl\u0131k hizmetleri ve ambulans sistemini desteklemek i\u00e7in D\u00fcnya Sa\u011fl\u0131k \u00d6rg\u00fct\u00fc&#8217;nden \u00fc\u00e7 ambulans ve be\u015f mobil klinik ald\u0131. Yard\u0131mlar\u0131n al\u0131nmas\u0131 ard\u0131ndan gazetecilere yapt\u0131\u011f\u0131 a\u00e7\u0131klamada, Sa\u011fl\u0131k Bakan\u0131 Dr. Hasan El \u011eabba\u015f, sunulan yard\u0131mlar\u0131n, ge\u00e7ti\u011fimiz y\u0131llarda b\u00fcy\u00fck bir k\u0131sm\u0131 ter\u00f6rizm sonucunda tahrip &hellip;<\/p>\n","protected":false},"author":1,"featured_media":220779,"comment_status":"closed","ping_status":"closed","sticky":false,"template":"","format":"standard","meta":{"footnotes":""},"categories":[526,479,17988,525,478],"tags":[],"class_list":["post-220778","post","type-post","status-publish","format-standard","has-post-thumbnail","","category-haber-ve-raporlar","category-haberler-yerel","category-son-haberler","category-toplum","category-yerel"],"_links":{"self":[{"href":"https:\/\/archive.sana.sy\/tr\/index.php?rest_route=\/wp\/v2\/posts\/220778","targetHints":{"allow":["GET"]}}],"collection":[{"href":"https:\/\/archive.sana.sy\/tr\/index.php?rest_route=\/wp\/v2\/posts"}],"about":[{"href":"https:\/\/archive.sana.sy\/tr\/index.php?rest_route=\/wp\/v2\/types\/post"}],"author":[{"embeddable":true,"href":"https:\/\/archive.sana.sy\/tr\/index.php?rest_route=\/wp\/v2\/users\/1"}],"replies":[{"embeddable":true,"href":"https:\/\/archive.sana.sy\/tr\/index.php?rest_route=%2Fwp%2Fv2%2Fcomments&post=220778"}],"version-history":[{"count":0,"href":"https:\/\/archive.sana.sy\/tr\/index.php?rest_route=\/wp\/v2\/posts\/220778\/revisions"}],"wp:featuredmedia":[{"embeddable":true,"href":"https:\/\/archive.sana.sy\/tr\/index.php?rest_route=\/wp\/v2\/media\/220779"}],"wp:attachment":[{"href":"https:\/\/archive.sana.sy\/tr\/index.php?rest_route=%2Fwp%2Fv2%2Fmedia&parent=220778"}],"wp:term":[{"taxonomy":"category","embeddable":true,"href":"https:\/\/archive.sana.sy\/tr\/index.php?rest_route=%2Fwp%2Fv2%2Fcategories&post=220778"},{"taxonomy":"post_tag","embeddable":true,"href":"https:\/\/archive.sana.sy\/tr\/index.php?rest_route=%2Fwp%2Fv2%2Ftags&post=220778"}],"curies":[{"name":"wp","href":"https:\/\/api.w.org\/{rel}","templated":true}]}}